{"id":221275,"date":"2026-04-15T10:08:11","date_gmt":"2026-04-15T10:08:11","guid":{"rendered":"https:\/\/www.europesays.com\/fi\/221275\/"},"modified":"2026-04-15T10:08:11","modified_gmt":"2026-04-15T10:08:11","slug":"lieksassa-itarajan-luvatta-ylittanyt-oli-ruotsalainen-mies-motiivia-selvitetaan-pohjois-karjala","status":"publish","type":"post","link":"https:\/\/www.europesays.com\/fi\/221275\/","title":{"rendered":"Lieksassa it\u00e4rajan luvatta ylitt\u00e4nyt oli ruotsalainen mies \u2013 motiivia selvitet\u00e4\u00e4n | Pohjois-Karjala"},"content":{"rendered":"<p class=\"aw-1gybjub aw-5vja16 kEtdKx kmuxyA yle__article__paragraph\">Mies otettiin kiinni my\u00f6h\u00e4\u00e4n illalla Suomen puolella rajaa. Etsinn\u00f6iss\u00e4 k\u00e4ytettiin apuna helikopteria.<\/p>\n<p><img decoding=\"async\" alt=\"Kaksip\u00e4inen kotka Ven\u00e4j\u00e4n rajamerkiss\u00e4, etualalla Suomen sinivalkoinen rajamerkki.\" src=\"https:\/\/www.europesays.com\/fi\/wp-content\/uploads\/2026\/04\/39-14728506836d10523bc8.jpeg\" class=\"aw-1l9m598 hKVVvP\"\/><\/p>\n<p>Avaa kuvien katselu<\/p>\n<p>Kuvan rajamerkki ei liity tapaukseen. Ruotsalaismies ylitti it\u00e4rajan rajamerkin 637 kohdalla. Arkistokuva. Kuva: Heikki Haapalainen \/ Yle<\/p>\n<p>10:51\u2022P\u00e4ivitetty 12:39<\/p>\n<p class=\"aw-1gybjub aw-1p7kakr kEtdKx cEmitX yle__article__paragraph\">Tiistaina Ven\u00e4j\u00e4lle laittomasti eksynyt henkil\u00f6 on otettu kiinni Lieksassa. Kyseess\u00e4 on noin 40-vuotias ruotsalainen mies.<\/p>\n<p class=\"aw-1gybjub aw-1p7kakr kEtdKx cEmitX yle__article__paragraph\">Mies ylitti valtakunnan rajan Ven\u00e4j\u00e4lle tiistaina Lieksan rajavartioaseman toiminta-alueella. H\u00e4n oli itse soittanut h\u00e4t\u00e4keskukseen tiistaiaamuna kello kuuden aikaan ja kertonut olevansa eksyksiss\u00e4.<\/p>\n<p class=\"aw-1gybjub aw-1p7kakr kEtdKx cEmitX yle__article__paragraph\">Henkil\u00f6\u00e4 etsittiin tiistaina laajalla viranomaisyhteisty\u00f6ll\u00e4. Etsinn\u00f6iss\u00e4 k\u00e4ytettiin muun muassa Rajavartiolaitoksen helikopteria, ja yhteisty\u00f6t\u00e4 tehtiin Ven\u00e4j\u00e4n rajavartiopalvelun kanssa.<\/p>\n<p class=\"aw-1gybjub aw-1p7kakr kEtdKx cEmitX yle__article__paragraph\">Mies paikannettiin tiistai-iltana kello 22.51 Lieksan Kuikkasuolta, Suomen puolelta rajaa. Mies otettiin kiinni ep\u00e4iltyn\u00e4 valtionrajarikoksesta.<\/p>\n<p class=\"aw-1gybjub aw-1p7kakr kEtdKx cEmitX yle__article__paragraph\">Rajavartiolaitoksen tutkinnanjohtaja kapteeni <strong class=\"aw-ak79eh KyCXm yle__article__strong\">Matti Kettunen<\/strong> kertoo miehen olleen v\u00e4synyt kuljettuaan pitk\u00e4n matkan.<\/p>\n<p class=\"aw-1gybjub aw-1p7kakr kEtdKx cEmitX yle__article__paragraph\">\u2013 Kiinniotto sujui rauhallisesti ja h\u00e4n oli hyvin yhteisty\u00f6kykyinen.<\/p>\n<p class=\"aw-1gybjub aw-1p7kakr kEtdKx cEmitX yle__article__paragraph\">Rajavartiosto selvitt\u00e4\u00e4 esitutkinnassa, miksi mies ylitti rajan laittomasti. Kuulustelut aloitetaan t\u00e4n\u00e4\u00e4n. Kettunen arvioi, ett\u00e4 motiivi selvi\u00e4\u00e4 vuorokauden sis\u00e4ll\u00e4 ja tuolloin selvi\u00e4\u00e4, mit\u00e4 pakkokeinoja tilanteessa k\u00e4ytet\u00e4\u00e4n.<\/p>\n<p class=\"aw-1gybjub aw-1p7kakr kEtdKx cEmitX yle__article__paragraph\">Pohjois-Karjalan alueen rajavaltuutettu on ollut yhteydess\u00e4 Ven\u00e4j\u00e4n Suoj\u00e4rven alueen rajavaltuutettuun.<\/p>\n<p class=\"aw-1gybjub aw-1p7kakr kEtdKx cEmitX yle__article__paragraph\">Kettusen mukaan yhteisty\u00f6 Ven\u00e4j\u00e4n viranomaisten kanssa on hyvin. Keskustelua k\u00e4yd\u00e4\u00e4n s\u00e4hk\u00f6postitse. Kettusen mukaan etsint\u00e4vaiheessa miehen olinpaikkaa selvitettiin my\u00f6s Ven\u00e4j\u00e4n viranomaisten toimesta.<\/p>\n","protected":false},"excerpt":{"rendered":"Mies otettiin kiinni my\u00f6h\u00e4\u00e4n illalla Suomen puolella rajaa. Etsinn\u00f6iss\u00e4 k\u00e4ytettiin apuna helikopteria. Avaa kuvien katselu Kuvan rajamerkki ei&hellip;\n","protected":false},"author":2,"featured_media":221276,"comment_status":"","ping_status":"","sticky":false,"template":"","format":"standard","meta":{"footnotes":"","_share_on_mastodon":"0"},"categories":[5],"tags":[22,23,26,27,33,31,30,17,71,15864,24,25,1255,28,29,15,18,21,1137,4272,5465,1263,8442,32,19,20,16],"class_list":["post-221275","post","type-post","status-publish","format-standard","has-post-thumbnail","category-otsikot","tag-breaking-news","tag-breakingnews","tag-featured-news","tag-featurednews","tag-fi","tag-finland","tag-finnish","tag-headlines","tag-kotimaa","tag-laiton-rajanylitys","tag-latest-news","tag-latestnews","tag-lieksa","tag-main-news","tag-mainnews","tag-news","tag-otsikot","tag-paauutiset","tag-pohjois-karjala","tag-rajavalvonta","tag-rajavartiolaitos","tag-rikosepailyt","tag-suomen-ja-venajan-raja","tag-suomi","tag-top-stories","tag-topstories","tag-uutiset"],"share_on_mastodon":{"url":"https:\/\/pubeurope.com\/@fi\/116408176022389914","error":""},"_links":{"self":[{"href":"https:\/\/www.europesays.com\/fi\/wp-json\/wp\/v2\/posts\/221275","targetHints":{"allow":["GET"]}}],"collection":[{"href":"https:\/\/www.europesays.com\/fi\/wp-json\/wp\/v2\/posts"}],"about":[{"href":"https:\/\/www.europesays.com\/fi\/wp-json\/wp\/v2\/types\/post"}],"author":[{"embeddable":true,"href":"https:\/\/www.europesays.com\/fi\/wp-json\/wp\/v2\/users\/2"}],"replies":[{"embeddable":true,"href":"https:\/\/www.europesays.com\/fi\/wp-json\/wp\/v2\/comments?post=221275"}],"version-history":[{"count":0,"href":"https:\/\/www.europesays.com\/fi\/wp-json\/wp\/v2\/posts\/221275\/revisions"}],"wp:featuredmedia":[{"embeddable":true,"href":"https:\/\/www.europesays.com\/fi\/wp-json\/wp\/v2\/media\/221276"}],"wp:attachment":[{"href":"https:\/\/www.europesays.com\/fi\/wp-json\/wp\/v2\/media?parent=221275"}],"wp:term":[{"taxonomy":"category","embeddable":true,"href":"https:\/\/www.europesays.com\/fi\/wp-json\/wp\/v2\/categories?post=221275"},{"taxonomy":"post_tag","embeddable":true,"href":"https:\/\/www.europesays.com\/fi\/wp-json\/wp\/v2\/tags?post=221275"}],"curies":[{"name":"wp","href":"https:\/\/api.w.org\/{rel}","templated":true}]}}