{"id":22132,"date":"2025-09-01T03:41:08","date_gmt":"2025-09-01T03:41:08","guid":{"rendered":"https:\/\/www.europesays.com\/fi\/22132\/"},"modified":"2025-09-01T03:41:08","modified_gmt":"2025-09-01T03:41:08","slug":"pate-mustajarvi-ja-matti-arwon-poika-mikkonen-yhdistavat-voimansa","status":"publish","type":"post","link":"https:\/\/www.europesays.com\/fi\/22132\/","title":{"rendered":"Pate Mustaj\u00e4rvi ja Matti \u201dArwon poika\u201d Mikkonen yhdist\u00e4v\u00e4t voimansa"},"content":{"rendered":"<p><img decoding=\"async\" src=\"https:\/\/www.europesays.com\/fi\/wp-content\/uploads\/2025\/09\/978.jpg\" alt=\"Pate Mustaj\u00e4rvi tapasi Matti Mikkosen ensi kerran jo t\u00e4m\u00e4n ollessa taapero. Arwo ja Sirpa Mikkonen tulivat kyl\u00e4\u00e4n pienokainen mukanaan. \u201dMeill\u00e4h\u00e4n oli itsell\u00e4 melkein samanik\u00e4inen lapsi kotona\u201d, Mustaj\u00e4rvi muistelee. \" class=\"_Img_tdqg8_1\" style=\"aspect-ratio:1.5\" loading=\"eager\"\/><\/p>\n<p class=\"article-picture-caption\">Pate Mustaj\u00e4rvi tapasi Matti Mikkosen ensi kerran jo t\u00e4m\u00e4n ollessa taapero. Arwo ja Sirpa Mikkonen tulivat kyl\u00e4\u00e4n pienokainen mukanaan. \u201dMeill\u00e4h\u00e4n oli itsell\u00e4 melkein samanik\u00e4inen lapsi kotona\u201d, Mustaj\u00e4rvi muistelee.  Kuva:\u00a0Eriika Ahopelto<\/p>\n<p>Popedan kitaristi Arwo Mikkosen, 31, \u00e4killinen kuolema oli vuonna 1986 etusivun uutinen. L\u00e4heisille se oli koko el\u00e4m\u00e4n muuttava menetys.<\/p>\n<p class=\"article-body margin-bottom-24 padding-x-16\">Oman is\u00e4n hautajaiset on yksi laulaja <a class=\"article-personlink\" href=\"https:\/\/www.satakunnankansa.fi\/haku\/?query=Matti%20Mikkosen\" rel=\"nofollow noopener\" target=\"_blank\">Matti Mikkosen<\/a> varhaisimpia muistoja. Kirkossa nelivuotias kysyi mummiltaan, kuka arkussa on ja miksi isi ei ole tullut Popedan keikalta. Mummin oli vastattava, ett\u00e4 arkussa on isi, eik\u00e4 h\u00e4n palaa en\u00e4\u00e4 koskaan kotiin. Muusikko <a class=\"article-personlink\" href=\"https:\/\/www.satakunnankansa.fi\/haku\/?query=Arwo%20Tapani%20Mikkosen\" rel=\"nofollow noopener\" target=\"_blank\">Arwo Tapani Mikkosen<\/a> kuolema alkoi v\u00e4hitellen konkretisoitua my\u00f6s h\u00e4nen pienelle pojalleen.<\/p>\n","protected":false},"excerpt":{"rendered":"Pate Mustaj\u00e4rvi tapasi Matti Mikkosen ensi kerran jo t\u00e4m\u00e4n ollessa taapero. Arwo ja Sirpa Mikkonen tulivat kyl\u00e4\u00e4n pienokainen&hellip;\n","protected":false},"author":2,"featured_media":22133,"comment_status":"","ping_status":"","sticky":false,"template":"","format":"standard","meta":{"footnotes":""},"categories":[136],"tags":[407,137,33,31,30,408,80,32,109],"class_list":{"0":"post-22132","1":"post","2":"type-post","3":"status-publish","4":"format-standard","5":"has-post-thumbnail","7":"category-julkkikset","8":"tag-celebrities","9":"tag-entertainment","10":"tag-fi","11":"tag-finland","12":"tag-finnish","13":"tag-julkkikset","14":"tag-satakunnan-kansa","15":"tag-suomi","16":"tag-viihde"},"share_on_mastodon":{"url":"","error":""},"_links":{"self":[{"href":"https:\/\/www.europesays.com\/fi\/wp-json\/wp\/v2\/posts\/22132","targetHints":{"allow":["GET"]}}],"collection":[{"href":"https:\/\/www.europesays.com\/fi\/wp-json\/wp\/v2\/posts"}],"about":[{"href":"https:\/\/www.europesays.com\/fi\/wp-json\/wp\/v2\/types\/post"}],"author":[{"embeddable":true,"href":"https:\/\/www.europesays.com\/fi\/wp-json\/wp\/v2\/users\/2"}],"replies":[{"embeddable":true,"href":"https:\/\/www.europesays.com\/fi\/wp-json\/wp\/v2\/comments?post=22132"}],"version-history":[{"count":0,"href":"https:\/\/www.europesays.com\/fi\/wp-json\/wp\/v2\/posts\/22132\/revisions"}],"wp:featuredmedia":[{"embeddable":true,"href":"https:\/\/www.europesays.com\/fi\/wp-json\/wp\/v2\/media\/22133"}],"wp:attachment":[{"href":"https:\/\/www.europesays.com\/fi\/wp-json\/wp\/v2\/media?parent=22132"}],"wp:term":[{"taxonomy":"category","embeddable":true,"href":"https:\/\/www.europesays.com\/fi\/wp-json\/wp\/v2\/categories?post=22132"},{"taxonomy":"post_tag","embeddable":true,"href":"https:\/\/www.europesays.com\/fi\/wp-json\/wp\/v2\/tags?post=22132"}],"curies":[{"name":"wp","href":"https:\/\/api.w.org\/{rel}","templated":true}]}}