{"id":221666,"date":"2026-04-15T19:57:13","date_gmt":"2026-04-15T19:57:13","guid":{"rendered":"https:\/\/www.europesays.com\/fi\/221666\/"},"modified":"2026-04-15T19:57:13","modified_gmt":"2026-04-15T19:57:13","slug":"duudsoneiden-jarno-laasala-ja-jarppi-leppala-piipahtivat-keskiviikkona-mikkelissa-siisteinta-ikina-oli-se-kun-jukka-laittoi-kivekset-hiirenloukkuun-paikalliset","status":"publish","type":"post","link":"https:\/\/www.europesays.com\/fi\/221666\/","title":{"rendered":"Duudsoneiden Jarno Laasala ja Jarppi Lepp\u00e4l\u00e4 piipahtivat keskiviikkona Mikkeliss\u00e4 \u2013\u2009&#8221;Siisteint\u00e4 ikin\u00e4 oli se, kun Jukka laittoi kivekset hiirenloukkuun&#8221; | Paikalliset"},"content":{"rendered":"<p>Duudsonit ovat my\u00f6h\u00e4ss\u00e4 ja Mikkelin Kinolinnassa fanitapaamiseen tulleet nuoret pojat alkavat k\u00e4yd\u00e4 levottomiksi. Osa porukasta parveilee salissa, aulassa ja singahtele v\u00e4lill\u00e4 ulos kadulle. Paikalla olevat muutamat tyt\u00f6t malttavat odottaa rauhallisemmin. Kaikkien k\u00e4nnyk\u00e4t ovat valmiina taltioimaan t\u00e4rke\u00e4n kohtaamishetken.<\/p>\n<p>Lopulta aulassa levi\u00e4\u00e4 helpottava tieto: <strong>Jarno<\/strong> (<strong>Laasala<\/strong>) ja <strong>Jarppi<\/strong> (<strong>Lepp\u00e4l\u00e4<\/strong>) on n\u00e4hty Vuorikadulla k\u00e4velem\u00e4ss\u00e4 kohti Kinolinnaa. Hetke\u00e4 my\u00f6hemmin ensimm\u00e4inen onnekas fani rynt\u00e4\u00e4 sis\u00e4lle p\u00e4\u00e4ss\u00e4\u00e4n uusi lippis, joka julistaa Duudsoneiden ilosanomaa.<\/p>\n<p><strong class=\"diks-storyline__impact\">Ristiinalainen<\/strong> <strong>Erika Skippari<\/strong> on tullut paikalle is\u00e4ns\u00e4 <strong>Eetu Skipparin<\/strong> yll\u00e4tt\u00e4m\u00e4n\u00e4.<\/p>\n<p>\u2013 Erika mainitsi joskus t\u00e4st\u00e4 uudesta elokuvasta, ett\u00e4 olis kiva n\u00e4hd\u00e4. Nyt tuli hyv\u00e4 sauma ja samalla osui fanitapaaminen t\u00e4h\u00e4n, isk\u00e4-Skippari kertoo.<\/p>\n<p>Erika Skippari olisi toivonut erityisesti <strong>Jukka Hild\u00e9nin<\/strong> tapaamista, mutta toteaa diplomaattisesti Jarnon ja Jarpin olevan yht\u00e4 lailla kiinnostavia.<\/p>\n<p>\u2013\u2009Oon fanittanut Duudsoneita siit\u00e4 asti, kun sain oman puhelimen. Eli jostain 7-vuotiaasta l\u00e4htien, Erika Skippari sanoo.<\/p>\n<p>Kolmantena porukassa oleva <strong>Santeri S\u00e4rkk\u00e4<\/strong> kertoo seuranneensa Duudsoneiden edesottamuksia nuorempana, 10\u201315 vuotta sitten.<\/p>\n<p>\u2013 T\u00e4m\u00e4 uusi elokuva kyll\u00e4 v\u00e4h\u00e4n yll\u00e4tti. En olisi olettanut, ett\u00e4 sellaista en\u00e4\u00e4 tulee, S\u00e4rkk\u00e4 sanoo.<\/p>\n<p>\t\t<a class=\"diks-gallery__link\" href=\"https:\/\/i.media.fi\/incoming\/50rniz\/11395577.jpg\/alternates\/FREE_1440\/11395577.jpg\" data-thumbnail=\"\" data-sub-html=\"Jaakko ja Juho Vauhkonen ottamassa selfiet\u00e4 Jarppi Lepp\u00e4l\u00e4n kanssa. Taru Hokkanen\" aria-label=\"Katso isompi kuva\" rel=\"nofollow noopener\" target=\"_blank\"><br \/>\n\t\t\t\t<img class=\"diks-figure__image\" src=\"https:\/\/www.europesays.com\/fi\/wp-content\/uploads\/2026\/04\/11395577.jpg\" loading=\"lazy\" decoding=\"sync\" alt=\"\"\/><\/p>\n<p>\t\t\t<\/a><br \/>\n\t\t\t\t\tJaakko ja Juho Vauhkonen ottamassa selfiet\u00e4 Jarppi Lepp\u00e4l\u00e4n kanssa. Taru Hokkanen<\/p>\n<p><strong class=\"diks-storyline__impact\">Kello k\u00e4y<\/strong>. Duudson-kaksikko raapustaa yh\u00e4 uusia ja uusia nimikirjoituksia teinien vaatteisiin, kenkiin ja kasvoihin. He poseeraavat k\u00e4sitt\u00e4m\u00e4tt\u00f6m\u00e4ll\u00e4 k\u00e4rsiv\u00e4llisyydell\u00e4 kymmeniss\u00e4 ja sadoissa selfieiss\u00e4 innokkaiden seuraajiensa kanssa.<\/p>\n<p>\u00c4\u00e4nimaailma Kinolinnan salissa muistuttaa energiajuomalla tankattua luokkaretkiryhm\u00e4\u00e4 Korkeasaaressa. Tunnelma on liev\u00e4sti sanoen innokas.<\/p>\n<p>\u2013 Onpa t\u00e4\u00e4ll\u00e4 hieno meininki. Mik\u00e4 hieno vastaanotto. Paras koskaan, miss\u00e4\u00e4n. Meille merkkaa tosi paljon se, ett\u00e4 te ootte t\u00e4\u00e4ll\u00e4 paikalla, innostaa Laasala yleis\u00f6\u00e4.<\/p>\n<p>\u2013\u2009Aivan huikeen ihana vastaanotto. Niin kuin kotia olis tullu, komppaa Lepp\u00e4l\u00e4.<\/p>\n<p>\t\t<a class=\"diks-gallery__link\" href=\"https:\/\/i.media.fi\/incoming\/gelz74\/11395575.jpg\/alternates\/FREE_1440\/11395575.jpg\" data-thumbnail=\"\" data-sub-html=\"Juho Vauhkonen halusi Jarppi Lepp\u00e4l\u00e4n nimikirjoituksen takkinsa rintamukseen. Taru Hokkanen\" aria-label=\"Katso isompi kuva\" rel=\"nofollow noopener\" target=\"_blank\"><br \/>\n\t\t\t\t<img class=\"diks-figure__image\" src=\"https:\/\/www.europesays.com\/fi\/wp-content\/uploads\/2026\/04\/11395575.jpg\" loading=\"lazy\" decoding=\"sync\" alt=\"\"\/><\/p>\n<p>\t\t\t<\/a><br \/>\n\t\t\t\t\tJuho Vauhkonen halusi Jarppi Lepp\u00e4l\u00e4n nimikirjoituksen takkinsa rintamukseen. Taru Hokkanen<\/p>\n<p><strong class=\"diks-storyline__impact\">Isojen ja<\/strong> n\u00f6yrien kiitosten j\u00e4lkeen tilaa on muutamille fanien kysymyksille. Ensimm\u00e4inen kysyj\u00e4 haluaa tiet\u00e4\u00e4, miten Duudsoneilla oikein oli varaa tehd\u00e4 kokonainen elokuva.<\/p>\n<p>\u2013 Ei meill\u00e4 oikein ollukkaan. Sen takiahan me kiitell\u00e4\u00e4nki teit\u00e4, kun tulitte teatteriin, Lepp\u00e4l\u00e4 sanoo.<\/p>\n<p>Ja paljastaa ryhm\u00e4n ottaneen alkujaan noin 600\u2009000 euron riskin. Iso osa siit\u00e4 suli pois yhteisty\u00f6kumppaneiden my\u00f6t\u00e4. Jotain j\u00e4i Duudsoneillekin.<\/p>\n<p>\u2013 Sanotaan, ett\u00e4 on meill\u00e4 nyt ainakin 150 tonnia omaa rahaa kiinni t\u00e4ss\u00e4 viel\u00e4.<\/p>\n<p>Toinen kysyj\u00e4 kysyy idiooteinta temppua, jonka Lepp\u00e4l\u00e4 on el\u00e4m\u00e4ns\u00e4 aikana tehnyt.<\/p>\n<p>\u2013 M\u00e4h\u00e4n olen tehnyt pelk\u00e4st\u00e4\u00e4n fiksuja asioita el\u00e4m\u00e4ss\u00e4ni. Siisteint\u00e4 ikin\u00e4 oli se, kun Jukka laitto kivekset hiirenloukkuun.<\/p>\n<p>Eik\u00e4 ainoastaan kerran vaan kahdesti.<\/p>\n<p><strong class=\"diks-storyline__impact\">Avajaisviikonloppuna<\/strong> maaliskuussa Duudsonit-elokuva: Kotiinpaluu ker\u00e4si yli 14\u2009000 katsojaa. Ryhm\u00e4n ensimm\u00e4inen, 20 vuotta sitten ilmestynyt elokuva ker\u00e4si kaikkiaan reilut 32\u2009000 katsojaa. Se raja on ainakin paukkunut jo jokin aika sitten.<\/p>\n<p>Duudson-kaksikon mikkelil\u00e4isyleis\u00f6lle antama ohje elokuvan katsomista varten on selke\u00e4 ja naurattaa paikalla olevia aikuisia.<\/p>\n<p>\u2013 Jos tykk\u00e4\u00e4tte elokuvasta, niin jakakaa someen ja pist\u00e4k\u00e4\u00e4 eteenp\u00e4in. Saadaan v\u00e4ke\u00e4 teattereihin, Laasala kehottaa.<\/p>\n<p>\u2013 Ja jos ette tykk\u00e4\u00e4 jostain syyst\u00e4, niin ootte hiljaa vaan sitten, jatkaa Lepp\u00e4l\u00e4.<\/p>\n<p>\t\t<a class=\"diks-gallery__link\" href=\"https:\/\/i.media.fi\/incoming\/wvb7tz\/11395576.jpg\/alternates\/FREE_1440\/11395576.jpg\" data-thumbnail=\"\" data-sub-html=\"Duudson-kaksikko Jarno Laasala ja Jarppi Lepp\u00e4l\u00e4 osoitti hyv\u00e4\u00e4 pelisilm\u00e4\u00e4 kohdatessaan nuoria fanejaan Mikkeliss\u00e4 keskiviikkona. Taru Hokkanen\" aria-label=\"Katso isompi kuva\" rel=\"nofollow noopener\" target=\"_blank\"><br \/>\n\t\t\t\t<img class=\"diks-figure__image\" src=\"https:\/\/www.europesays.com\/fi\/wp-content\/uploads\/2026\/04\/11395576.jpg\" loading=\"lazy\" decoding=\"sync\" alt=\"\"\/><\/p>\n<p>\t\t\t<\/a><br \/>\n\t\t\t\t\tDuudson-kaksikko Jarno Laasala ja Jarppi Lepp\u00e4l\u00e4 osoitti hyv\u00e4\u00e4 pelisilm\u00e4\u00e4 kohdatessaan nuoria fanejaan Mikkeliss\u00e4 keskiviikkona. Taru Hokkanen<\/p>\n<p>Ennen esityksen alkua salissa n\u00e4hd\u00e4\u00e4n viel\u00e4 pienimuotoinen teinimellakka, kun Laasala alkaa jakaa sponsorilta saatuja lahjakortteja.<\/p>\n<p>\u2013 Leffan ytimess\u00e4 on yst\u00e4vyys, toisen hyv\u00e4ksyminen ja sellainen herkempi sanoma. Ja se on hienoa, ett\u00e4 t\u00e4\u00e4ll\u00e4 on v\u00e4h\u00e4n aikuisempia paikalla my\u00f6s, Laasala kertoo.<\/p>\n<p>Lepp\u00e4l\u00e4 muistuttaa viel\u00e4 lopuksi, ett\u00e4 unelmiaan kannattaa vaalia ja niiden eteen tehd\u00e4 ty\u00f6t\u00e4.<\/p>\n","protected":false},"excerpt":{"rendered":"Duudsonit ovat my\u00f6h\u00e4ss\u00e4 ja Mikkelin Kinolinnassa fanitapaamiseen tulleet nuoret pojat alkavat k\u00e4yd\u00e4 levottomiksi. Osa porukasta parveilee salissa, aulassa&hellip;\n","protected":false},"author":2,"featured_media":221667,"comment_status":"","ping_status":"","sticky":false,"template":"","format":"standard","meta":{"footnotes":"","_share_on_mastodon":"0"},"categories":[133],"tags":[155,137,33,31,30,8737,685,686,32,206,140,139,156,2371,109],"class_list":["post-221666","post","type-post","status-publish","format-standard","has-post-thumbnail","category-televisiot","tag-elokuvat","tag-entertainment","tag-fi","tag-finland","tag-finnish","tag-lapsiperheet","tag-mikkeli","tag-mikkelin-seutukunta","tag-suomi","tag-televisiot","tag-tv-ja-elokuvat","tag-tv-ohjelmat","tag-tv","tag-tyo-ja-raha","tag-viihde"],"share_on_mastodon":{"url":"https:\/\/pubeurope.com\/@fi\/116410492586101122","error":""},"_links":{"self":[{"href":"https:\/\/www.europesays.com\/fi\/wp-json\/wp\/v2\/posts\/221666","targetHints":{"allow":["GET"]}}],"collection":[{"href":"https:\/\/www.europesays.com\/fi\/wp-json\/wp\/v2\/posts"}],"about":[{"href":"https:\/\/www.europesays.com\/fi\/wp-json\/wp\/v2\/types\/post"}],"author":[{"embeddable":true,"href":"https:\/\/www.europesays.com\/fi\/wp-json\/wp\/v2\/users\/2"}],"replies":[{"embeddable":true,"href":"https:\/\/www.europesays.com\/fi\/wp-json\/wp\/v2\/comments?post=221666"}],"version-history":[{"count":0,"href":"https:\/\/www.europesays.com\/fi\/wp-json\/wp\/v2\/posts\/221666\/revisions"}],"wp:featuredmedia":[{"embeddable":true,"href":"https:\/\/www.europesays.com\/fi\/wp-json\/wp\/v2\/media\/221667"}],"wp:attachment":[{"href":"https:\/\/www.europesays.com\/fi\/wp-json\/wp\/v2\/media?parent=221666"}],"wp:term":[{"taxonomy":"category","embeddable":true,"href":"https:\/\/www.europesays.com\/fi\/wp-json\/wp\/v2\/categories?post=221666"},{"taxonomy":"post_tag","embeddable":true,"href":"https:\/\/www.europesays.com\/fi\/wp-json\/wp\/v2\/tags?post=221666"}],"curies":[{"name":"wp","href":"https:\/\/api.w.org\/{rel}","templated":true}]}}