{"id":221920,"date":"2026-04-16T02:42:13","date_gmt":"2026-04-16T02:42:13","guid":{"rendered":"https:\/\/www.europesays.com\/fi\/221920\/"},"modified":"2026-04-16T02:42:13","modified_gmt":"2026-04-16T02:42:13","slug":"muut-lehdet-kamppailu-sdpn-linjasta-kuumenee-etela-suomen-sanomat","status":"publish","type":"post","link":"https:\/\/www.europesays.com\/fi\/221920\/","title":{"rendered":"Muut lehdet | Kamppailu Sdp:n linjasta kuumenee &#8211; Etel\u00e4-Suomen Sanomat"},"content":{"rendered":"<ol>\n<li><a href=\"https:\/\/news.google.com\/rss\/articles\/CBMiXkFVX3lxTE1BaS1XMkFGQWhnODJtYkJ5ODg5Q08yZDRKRjBVTHRmSUpYNldrV3FmT01nMlV0bE1INW9BTjhjXy1ncEVCcFY5VnJ1TUFvMTBuWkR5d3hLcnlLdzBNMHc?oc=5\" target=\"_blank\" rel=\"nofollow noopener\">Muut lehdet | Kamppailu Sdp:n linjasta kuumenee<\/a>&nbsp;&nbsp;Etel\u00e4-Suomen Sanomat<\/li>\n<li><a href=\"https:\/\/news.google.com\/rss\/articles\/CBMie0FVX3lxTE8tUzZJOXhSV1RnclJvdmNVX2NmN3NrYXF5S2NDdTJYMlRjNS1VTHZwdVlaeEpMVzdDQkJFeS1rWFFYMHJQSmR6VnpNZWpIbEtsR01ZSWhpZEVWZ18xYVZEV05TR2xlTXNrMlRYRTk5X0ZFZW5oeG9YVUM2Yw?oc=5\" target=\"_blank\" rel=\"nofollow noopener\">SDP:ss\u00e4 \u201derikoinen\u201d repe\u00e4m\u00e4 \u2013 Antti Lindtman joutuu pakkorakoon, tutkija sanoo: \u201d\u00c4\u00e4nest\u00e4j\u00e4t odottavat vastausta\u201d<\/a>&nbsp;&nbsp;Uusi Suomi<\/li>\n<li><a href=\"https:\/\/news.google.com\/rss\/articles\/CBMiZ0FVX3lxTE55SU9NUFJnWE91V0pFQkJCcmtzU3FtYzFSLVlHM244dTloUTRTWjJ2V3RxeFlZT0pvOXFUV2tvcjVZeEZ5SXR0THl3bWd2NjRjMEIxajY4WTQ5eldONmJTb295ZU40dDA?oc=5\" target=\"_blank\" rel=\"nofollow noopener\">P\u00e4\u00e4kirjoitus | Kamppailu Sdp:n talouslinjasta kuumenee<\/a>&nbsp;&nbsp;HS.fi<\/li>\n<li><a href=\"https:\/\/news.google.com\/rss\/articles\/CBMiQkFVX3lxTE1FTURzUzA1VWhzV2N0Yk9PUk9EcndGT1kzVVl5VERfajQ4czV3VTRoSHpOdVBuZ0RBTjhhcHdScmpMdw?oc=5\" target=\"_blank\" rel=\"nofollow noopener\">Matias M\u00e4kynen astuu syrj\u00e4\u00e4n SDP:n johdosta ja kyseenalaistaa puolueen johtamistyylin Antti Lindtmanin kaudella<\/a>&nbsp;&nbsp;Yle<\/li>\n<li><a href=\"https:\/\/news.google.com\/rss\/articles\/CBMiqAFBVV95cUxNbWwtcHppdUM5ZmRpVTBsYWlqNXpmWjgtb3dDTkxJOGVEdllyRDE2YzhQdWotR2VPTnZpZDB2eUE4aFNZV3BsT1JlZlFRS3N1TmJJRjE5LThoZGZMZ2lTR0RwOEtsWUdjWERIU0c1eVltQkE3b01sc1lFTERTNmM1SUw0el8tZ0IyYVRCZm11dkJLZjZjVWpVR2doUmtYa2J6UFU3RGk1dU4?oc=5\" target=\"_blank\" rel=\"nofollow noopener\">SDP:n rivit rakoilevat \u2013 kansanedustaja ihmettelee demarien velkajarrulinjaa<\/a>&nbsp;&nbsp;Verkkouutiset<\/li>\n<\/ol>\n","protected":false},"excerpt":{"rendered":"Muut lehdet | Kamppailu Sdp:n linjasta kuumenee&nbsp;&nbsp;Etel\u00e4-Suomen Sanomat SDP:ss\u00e4 \u201derikoinen\u201d repe\u00e4m\u00e4 \u2013 Antti Lindtman joutuu pakkorakoon, tutkija sanoo:&hellip;\n","protected":false},"author":2,"featured_media":213056,"comment_status":"","ping_status":"","sticky":false,"template":"","format":"standard","meta":{"footnotes":"","_share_on_mastodon":"0"},"categories":[12],"tags":[22,23,26,27,33,31,30,2909,863,17,46,104,24,25,28,29,15,18,21,637,16322,888,32,19,20,16],"class_list":["post-221920","post","type-post","status-publish","format-standard","has-post-thumbnail","category-suomi","tag-breaking-news","tag-breakingnews","tag-featured-news","tag-featurednews","tag-fi","tag-finland","tag-finnish","tag-forssa","tag-hallitus","tag-headlines","tag-helsingin-sanomat","tag-helsinki","tag-latest-news","tag-latestnews","tag-main-news","tag-mainnews","tag-news","tag-otsikot","tag-paauutiset","tag-politiikka","tag-punainen-risti","tag-suomalaiset-poliitikot","tag-suomi","tag-top-stories","tag-topstories","tag-uutiset"],"share_on_mastodon":{"url":"https:\/\/pubeurope.com\/@fi\/116412084915111448","error":""},"_links":{"self":[{"href":"https:\/\/www.europesays.com\/fi\/wp-json\/wp\/v2\/posts\/221920","targetHints":{"allow":["GET"]}}],"collection":[{"href":"https:\/\/www.europesays.com\/fi\/wp-json\/wp\/v2\/posts"}],"about":[{"href":"https:\/\/www.europesays.com\/fi\/wp-json\/wp\/v2\/types\/post"}],"author":[{"embeddable":true,"href":"https:\/\/www.europesays.com\/fi\/wp-json\/wp\/v2\/users\/2"}],"replies":[{"embeddable":true,"href":"https:\/\/www.europesays.com\/fi\/wp-json\/wp\/v2\/comments?post=221920"}],"version-history":[{"count":0,"href":"https:\/\/www.europesays.com\/fi\/wp-json\/wp\/v2\/posts\/221920\/revisions"}],"wp:featuredmedia":[{"embeddable":true,"href":"https:\/\/www.europesays.com\/fi\/wp-json\/wp\/v2\/media\/213056"}],"wp:attachment":[{"href":"https:\/\/www.europesays.com\/fi\/wp-json\/wp\/v2\/media?parent=221920"}],"wp:term":[{"taxonomy":"category","embeddable":true,"href":"https:\/\/www.europesays.com\/fi\/wp-json\/wp\/v2\/categories?post=221920"},{"taxonomy":"post_tag","embeddable":true,"href":"https:\/\/www.europesays.com\/fi\/wp-json\/wp\/v2\/tags?post=221920"}],"curies":[{"name":"wp","href":"https:\/\/api.w.org\/{rel}","templated":true}]}}