{"id":222189,"date":"2026-04-16T09:43:11","date_gmt":"2026-04-16T09:43:11","guid":{"rendered":"https:\/\/www.europesays.com\/fi\/222189\/"},"modified":"2026-04-16T09:43:11","modified_gmt":"2026-04-16T09:43:11","slug":"hs-vuosaaressa-liikkuu-tyttojoukkio-joka-pahoinpitelee-muita-uusimaa","status":"publish","type":"post","link":"https:\/\/www.europesays.com\/fi\/222189\/","title":{"rendered":"HS: Vuosaaressa liikkuu tytt\u00f6joukkio, joka pahoinpitelee muita | Uusimaa"},"content":{"rendered":"<p class=\"aw-1gybjub aw-5vja16 kEtdKx kmuxyA yle__article__paragraph\">Poliisi on vahvistanut Helsingin Sanomille, ett\u00e4 sille on tehty tapauksista useita rikosilmoituksia.<\/p>\n<p><img decoding=\"async\" alt=\"Kauppakeskuksen sis\u00e4\u00e4nk\u00e4ynti.\" src=\"https:\/\/www.europesays.com\/fi\/wp-content\/uploads\/2026\/04\/39-116284264e8bbb6b5342.jpeg\" class=\"aw-1l9m598 hKVVvP\"\/><\/p>\n<p>Avaa kuvien katselu<\/p>\n<p>Ainakin yksi pahoinpitely on tapahtunut kauppakeskuksen tienoilla. Kuva: Joel Peltonen \/ Yle<\/p>\n<p class=\"aw-1gybjub aw-1p7kakr kEtdKx cEmitX yle__article__paragraph\"><a class=\"aw-iao6s4 iHOxEa yle__article__link\" href=\"https:\/\/www.hs.fi\/helsinki\/art-2000011940477.html\" role=\"link\" rel=\"nofollow noopener\" target=\"_blank\">Helsingin Sanomat<\/a> kertoo, ett\u00e4 Helsingin Vuosaaressa liikuskelee v\u00e4kivaltaisesti k\u00e4ytt\u00e4ytyv\u00e4 tytt\u00f6porukka<\/p>\n<p class=\"aw-1gybjub aw-1p7kakr kEtdKx cEmitX yle__article__paragraph\">Tytt\u00f6j\u00e4 ep\u00e4ill\u00e4\u00e4n tuntemattomien ihmisten pahoinpitelyst\u00e4. Osa uhreista on alakouluik\u00e4isi\u00e4 lapsia.<\/p>\n<p class=\"aw-1gybjub aw-1p7kakr kEtdKx cEmitX yle__article__paragraph\">Lehden mukaan my\u00f6s v\u00e4kivaltaiseen joukkioon kuuluu alakouluik\u00e4isi\u00e4. Ainakin yksi heist\u00e4 on tiett\u00e4v\u00e4sti 11-vuotias.<\/p>\n<p class=\"aw-1gybjub aw-1p7kakr kEtdKx cEmitX yle__article__paragraph\">Poliisi on vahvistanut Helsingin Sanomille, ett\u00e4 sill\u00e4 on useampia rikosilmoituksia n\u00e4ist\u00e4 tapauksista.<\/p>\n<p class=\"aw-1gybjub aw-1p7kakr kEtdKx cEmitX yle__article__paragraph\">Lehdelle on kerrottu muun muassa 12-vuotiaan pojan pahoinpitelyst\u00e4 ja v\u00e4kivallan kuvaamisesta kauppakeskus Columbuksen tienoilla. Videota on jaettu.<\/p>\n<p class=\"aw-1gybjub aw-1p7kakr kEtdKx cEmitX yle__article__paragraph\">Poika p\u00e4\u00e4si lopulta pakenemaan, kun ulkopuolinen tuli mukaan tilanteeseen.<\/p>\n<p class=\"aw-1gybjub aw-1p7kakr kEtdKx cEmitX yle__article__paragraph\">Pojan \u00e4iti teki rikosilmoituksen, ja poliisi tiesi tekij\u00e4t entuudestaan.<\/p>\n<p class=\"aw-1gybjub aw-1p7kakr kEtdKx cEmitX yle__article__paragraph\">Yle ei ole viel\u00e4 tavoittanut Helsingin poliisia kommentoimaan tapauksia. Poliisin viestinn\u00e4st\u00e4 kerrottiin, ett\u00e4 tapausten varsinainen tutkinnanjohtaja ei ole torstaina paikalla.<\/p>\n<p class=\"aw-1gybjub aw-1p7kakr kEtdKx cEmitX yle__article__paragraph\">Tyt\u00f6t eiv\u00e4t ole rikosoikeudellisessa vastuussa, koska he ovat alle 15-vuotiaita, joten asian tutkinta p\u00e4\u00e4tettiin.<\/p>\n<p class=\"aw-1gybjub aw-1p7kakr kEtdKx cEmitX yle__article__paragraph\">HS:n mukaan poliisi tarjosi mahdollisuutta sovitteluun, mutta siihen he eiv\u00e4t halunneet l\u00e4hte\u00e4, koska poika olisi joutunut kohtaamaan uudestaan pahoinpitelij\u00e4ns\u00e4.<\/p>\n","protected":false},"excerpt":{"rendered":"Poliisi on vahvistanut Helsingin Sanomille, ett\u00e4 sille on tehty tapauksista useita rikosilmoituksia. Avaa kuvien katselu Ainakin yksi pahoinpitely&hellip;\n","protected":false},"author":2,"featured_media":222190,"comment_status":"","ping_status":"","sticky":false,"template":"","format":"standard","meta":{"footnotes":"","_share_on_mastodon":"0"},"categories":[5],"tags":[22,23,26,27,33,31,30,17,104,71,24,25,28,29,15,18,21,581,32,19,20,1168,16,3609],"class_list":["post-222189","post","type-post","status-publish","format-standard","has-post-thumbnail","category-otsikot","tag-breaking-news","tag-breakingnews","tag-featured-news","tag-featurednews","tag-fi","tag-finland","tag-finnish","tag-headlines","tag-helsinki","tag-kotimaa","tag-latest-news","tag-latestnews","tag-main-news","tag-mainnews","tag-news","tag-otsikot","tag-paauutiset","tag-rikokset","tag-suomi","tag-top-stories","tag-topstories","tag-uusimaa","tag-uutiset","tag-vuosaari"],"share_on_mastodon":{"url":"https:\/\/pubeurope.com\/@fi\/116413740248835521","error":""},"_links":{"self":[{"href":"https:\/\/www.europesays.com\/fi\/wp-json\/wp\/v2\/posts\/222189","targetHints":{"allow":["GET"]}}],"collection":[{"href":"https:\/\/www.europesays.com\/fi\/wp-json\/wp\/v2\/posts"}],"about":[{"href":"https:\/\/www.europesays.com\/fi\/wp-json\/wp\/v2\/types\/post"}],"author":[{"embeddable":true,"href":"https:\/\/www.europesays.com\/fi\/wp-json\/wp\/v2\/users\/2"}],"replies":[{"embeddable":true,"href":"https:\/\/www.europesays.com\/fi\/wp-json\/wp\/v2\/comments?post=222189"}],"version-history":[{"count":0,"href":"https:\/\/www.europesays.com\/fi\/wp-json\/wp\/v2\/posts\/222189\/revisions"}],"wp:featuredmedia":[{"embeddable":true,"href":"https:\/\/www.europesays.com\/fi\/wp-json\/wp\/v2\/media\/222190"}],"wp:attachment":[{"href":"https:\/\/www.europesays.com\/fi\/wp-json\/wp\/v2\/media?parent=222189"}],"wp:term":[{"taxonomy":"category","embeddable":true,"href":"https:\/\/www.europesays.com\/fi\/wp-json\/wp\/v2\/categories?post=222189"},{"taxonomy":"post_tag","embeddable":true,"href":"https:\/\/www.europesays.com\/fi\/wp-json\/wp\/v2\/tags?post=222189"}],"curies":[{"name":"wp","href":"https:\/\/api.w.org\/{rel}","templated":true}]}}