{"id":22231,"date":"2025-09-01T06:09:10","date_gmt":"2025-09-01T06:09:10","guid":{"rendered":"https:\/\/www.europesays.com\/fi\/22231\/"},"modified":"2025-09-01T06:09:10","modified_gmt":"2025-09-01T06:09:10","slug":"selviytyjat-kaanne-tyrmistyttaa-katsojilta-suorat-sanat-kilpailijoiden-mokalle","status":"publish","type":"post","link":"https:\/\/www.europesays.com\/fi\/22231\/","title":{"rendered":"Selviytyj\u00e4t-k\u00e4\u00e4nne tyrmistytt\u00e4\u00e4 \u2013 katsojilta suorat sanat kilpailijoiden mokalle"},"content":{"rendered":"<p>Varo juonipaljastuksia! Selviytyj\u00e4t Suomi -ohjelman uuden kauden ensimm\u00e4inen pudotus her\u00e4tti mielipiteit\u00e4 puolesta ja vastaan.<\/p>\n<p class=\"article-body margin-bottom-24 padding-x-16\">Suosikkiohjelma Selviytyj\u00e4t Suomi palasi ruutuun sunnuntaina, ja ohjelmassa n\u00e4hty yll\u00e4tysk\u00e4\u00e4nne on her\u00e4tt\u00e4nyt mielipiteit\u00e4 katsojissa.<\/p>\n<p class=\"article-body margin-bottom-24 padding-x-16\">Jaksossa Burung-heimon oli tarkoitus \u00e4\u00e4nest\u00e4\u00e4 kotimatkalle pahimpina kilpailijana pidetty kokki <a class=\"article-personlink\" href=\"https:\/\/www.is.fi\/haku\/?query=Linnea%20Vihonen\" rel=\"nofollow noopener\" target=\"_blank\">Linnea Vihonen<\/a>, mutta Vihonen yll\u00e4ttikin kaikki ja iski tiskiin koskemattomuusamuletin. N\u00e4in ollen kaikki Vihoselle annetut kuusi \u00e4\u00e4nt\u00e4 mit\u00e4t\u00f6itiin. J\u00e4ljelle j\u00e4i vain kaksi \u00e4\u00e4nt\u00e4, joihin oli kirjoitettu n\u00e4yttelij\u00e4 <a class=\"article-personlink\" href=\"https:\/\/www.is.fi\/haku\/?query=Vivi%20Wahlstr%C3%B6min\" rel=\"nofollow noopener\" target=\"_blank\">Vivi Wahlstr\u00f6min<\/a> nimi. H\u00e4n joutui l\u00e4htem\u00e4\u00e4n kotiin.<\/p>\n<p class=\"article-body margin-bottom-24 padding-x-16\">Ohjelman <a class=\"article-genericlink\" href=\"https:\/\/www.facebook.com\/selviytyjatsuomiofficial\/?locale=fi_FI\" rel=\"nofollow noopener\" target=\"_blank\">Facebook-sivulla<\/a> kaikki eiv\u00e4t olleet mieliss\u00e4\u00e4n Wahlstr\u00f6min tippumisesta. Jotkut olisivat sen sijaan halunneet, ett\u00e4 Linnea Vihonen olisi l\u00e4htenyt kotiin.<\/p>\n<p class=\"article-body margin-bottom-24 padding-x-16\">\u2013 V\u00e4\u00e4r\u00e4 l\u00e4hti heti.<\/p>\n<p class=\"article-body margin-bottom-24 padding-x-16\">\u2013 V\u00e4\u00e4r\u00e4 l\u00e4hti. Linnean ois pit\u00e4ny l\u00e4hte\u00e4.<\/p>\n<p class=\"article-body margin-bottom-24 padding-x-16\">\u2013 Linnea alotti heti kieroilun.<\/p>\n<p><img decoding=\"async\" src=\"https:\/\/www.europesays.com\/fi\/wp-content\/uploads\/2025\/09\/1756700111_641_468.jpg\" alt=\"N\u00e4yttelij\u00e4 Vivi Wahlstr\u00f6m joutui l\u00e4htem\u00e4\u00e4n kotiin ensimm\u00e4isen\u00e4.\" class=\"_Img_tdqg8_1\" style=\"aspect-ratio:1.5011727912431587\" loading=\"eager\"\/><\/p>\n<p class=\"article-picture-caption\">N\u00e4yttelij\u00e4 Vivi Wahlstr\u00f6m joutui l\u00e4htem\u00e4\u00e4n kotiin ensimm\u00e4isen\u00e4. Kuva:\u00a0Lars Johnson\/Sanoma<\/p>\n<p class=\"article-body margin-bottom-24 padding-x-16\">Toiset kuitenkin ylistiv\u00e4t Vihosen peliliikett\u00e4.<\/p>\n<p class=\"article-body margin-bottom-24 padding-x-16\">\u2013 Mahtavaa peli\u00e4 Linnealta, heti arvasi miten juonittelu menee. Jes, nyt mulla suosikki ja se on Linnea.<\/p>\n<p class=\"article-body margin-bottom-24 padding-x-16\">\u2013 Onneksi Linnea j\u00e4i. Linnea on huippu!<\/p>\n<p class=\"article-body margin-bottom-24 padding-x-16\">\u2013 Hyv\u00e4 et Linnea j\u00e4i, <a class=\"article-personlink\" href=\"https:\/\/www.is.fi\/haku\/?query=Eve\" rel=\"nofollow noopener\" target=\"_blank\">Eve<\/a> olis saanut l\u00e4hte\u00e4 v\u00e4litt\u00f6m\u00e4sti.<\/p>\n<p class=\"article-body margin-bottom-24 padding-x-16\">\u2013 En ymm\u00e4rr\u00e4, miksi ekana halutaan kokki ja kisoissa p\u00e4rj\u00e4\u00e4v\u00e4 pois. Yll\u00e4tys my\u00f6s, ett\u00e4 amuletit k\u00e4ytet\u00e4\u00e4n heti pois.<\/p>\n<p class=\"article-body margin-bottom-24 padding-x-16\">Er\u00e4s ei ymm\u00e4rt\u00e4nyt Vihosen katsojilta saamaa kritiikki\u00e4 juonittelusta.<\/p>\n<p class=\"article-body margin-bottom-24 padding-x-16\">\u2013 M\u00e4 ihan unohdin, miten paljon kommentoijat haluaa t\u00e4st\u00e4 jonkun kes\u00e4retkiteatterin. Juonittelijat on just parhaat Selviytyjist\u00e4. Ilman niit\u00e4 t\u00e4\u00e4 ohjelma olis tosi tyls\u00e4. Heti ku joku tekee jonkun peliliikkeen niin katsojat haluaa sen pois, h\u00e4n h\u00e4mm\u00e4steli.<\/p>\n<p class=\"article-body margin-bottom-24 padding-x-16\">My\u00f6s Instagramissa pidettiin Vihosen puolia.<\/p>\n<p class=\"article-body margin-bottom-24 padding-x-16\">\u2013 J\u00e4i huono fiilis tosta Linnean maalittamisesta.<\/p>\n<p><img decoding=\"async\" src=\"https:\/\/www.europesays.com\/fi\/wp-content\/uploads\/2025\/09\/1756700110_277_468.jpg\" alt=\"Linnea ja Aleksi Vihonen k\u00e4yttiv\u00e4t heimoneuvostossa koskemattomuusamuletin.\" class=\"_Img_tdqg8_1\" style=\"aspect-ratio:1.5011727912431587\" loading=\"eager\"\/><\/p>\n<p class=\"article-picture-caption\">Linnea ja Aleksi Vihonen k\u00e4yttiv\u00e4t heimoneuvostossa koskemattomuusamuletin. Kuva:\u00a0Lars Johnson\/Sanoma<\/p>\n<p class=\"article-body margin-bottom-24 padding-x-16\">Keskustelua her\u00e4tti my\u00f6s se, miksi enemmist\u00f6 ei jakanut \u00e4\u00e4ni\u00e4 heimoneuvostossa.<\/p>\n<p class=\"article-body margin-bottom-24 padding-x-16\">\u2013 Vain Suomen Selviytyjiss\u00e4 voidaan pelata noin typer\u00e4sti, ett\u00e4 6vs2 tilanteessa ei jaeta \u00e4\u00e4ni\u00e4, kun siihen on mahdollisuus. Mit\u00e4 muuta julkkiksilta voikaan odottaa, yksi kirjoittaa Instagramissa.<\/p>\n<p class=\"article-body margin-bottom-24 padding-x-16\">\u2013 Mutta miksi enemmist\u00f6liitto ei jakanut \u00e4\u00e4ni\u00e4 3 ja 3? Valitettava virhe, joka kostautui Viville, Facebookissa h\u00e4mm\u00e4stell\u00e4\u00e4n.<\/p>\n<p class=\"article-body margin-bottom-24 padding-x-16\">Moni vaikutti kuitenkin olevan p\u00e4\u00e4asiassa tyytyv\u00e4inen kauden aloitukseen. Osa miettii viel\u00e4, ket\u00e4 aikoo kannustaa.<\/p>\n<p class=\"article-body margin-bottom-24 padding-x-16\">\u2013 Hyv\u00e4 fiilis j\u00e4i. Yll\u00e4tyksellinen monella tapaa. Miellytt\u00e4v\u00e4kin. Kivaa porukkaa.<\/p>\n<p class=\"article-body margin-bottom-24 padding-x-16\">\u2013 T\u00e4ss\u00e4 kohtaa viel\u00e4 ihan kysymysmerkkin\u00e4 kaikesta. Yleens\u00e4 jo ensimetreill\u00e4 tied\u00e4n kumpaa heimoa kannatan, mutta en t\u00e4ll\u00e4 kertaa. Osa ihmisist\u00e4 osoittautui edukseen, mutta muutama alkoi jo \u00e4rsytt\u00e4\u00e4kin. Tarttee viel\u00e4 varmaan pari jaksoa tunnustella, ett\u00e4 t\u00e4\u00e4 kausi avautuu mulle.<\/p>\n<p class=\"article-body margin-bottom-24 padding-x-16\">Lue lis\u00e4\u00e4: <a class=\"article-genericlink\" href=\"https:\/\/www.is.fi\/tv-ja-elokuvat\/art-2000011435477.html\" rel=\"nofollow noopener\" target=\"_blank\">Selviytyj\u00e4t-kilpailija l\u00e4hetettiin kotimatkalle karulla tavalla \u2013 t\u00e4t\u00e4 ei n\u00e4ytetty tv:ss\u00e4<\/a><\/p>\n<p class=\"article-body margin-bottom-24 padding-x-16\">IS <a class=\"article-genericlink\" href=\"https:\/\/www.is.fi\/tv-ja-elokuvat\/art-2000011435477.html\" rel=\"nofollow noopener\" target=\"_blank\">haastatteli <\/a>ohjelman kilpailijoita aiemmin lehdist\u00f6tilaisuudessa.<\/p>\n<p class=\"article-body margin-bottom-24 padding-x-16\">Vivi Wahlstr\u00f6m ja h\u00e4nen parinsa <a class=\"article-personlink\" href=\"https:\/\/www.is.fi\/haku\/?query=Saana%20Boelius\" rel=\"nofollow noopener\" target=\"_blank\">Saana Boelius<\/a> kertoivat, ett\u00e4 olivat viel\u00e4 ennen \u00e4\u00e4nestyst\u00e4 siin\u00e4 uskossa, ett\u00e4 heimoneuvoston \u00e4\u00e4net hajautettaisiin, eli kilpailijat \u00e4\u00e4nest\u00e4isiv\u00e4t Linnea Vihosen lis\u00e4ksi my\u00f6s <a class=\"article-personlink\" href=\"https:\/\/www.is.fi\/haku\/?query=Aleksi%20Vihosta\" rel=\"nofollow noopener\" target=\"_blank\">Aleksi Vihosta<\/a>. N\u00e4in ei kuitenkaan k\u00e4ynyt, mik\u00e4 yll\u00e4tti.<\/p>\n<p class=\"article-body margin-bottom-24 padding-x-16\">Wahlstr\u00f6min nimen kirjoittaminen \u00e4\u00e4nestyslappuun oli Aleksi Vihosen mukaan <a class=\"article-personlink\" href=\"https:\/\/www.is.fi\/haku\/?query=Joni%20Rintalan\" rel=\"nofollow noopener\" target=\"_blank\">Joni Rintalan<\/a> p\u00e4\u00e4t\u00f6s. T\u00e4t\u00e4 juonittelua ei n\u00e4hty kokonaisuudessaan tv:ss\u00e4.<\/p>\n<p class=\"article-body margin-bottom-24 padding-x-16\">\u2013 Jonihan p\u00e4\u00e4tti, ett\u00e4 Vivi l\u00e4htee. Olimme Jonin kanssa mets\u00e4ss\u00e4 ja nostin <a class=\"article-personlink\" href=\"https:\/\/www.is.fi\/haku\/?query=Jannen\" rel=\"nofollow noopener\" target=\"_blank\">Jannen<\/a> (Lehmonen) nimen esille. Annoin Jonin p\u00e4\u00e4tt\u00e4\u00e4, ket\u00e4 \u00e4\u00e4nestet\u00e4\u00e4n. H\u00e4n p\u00e4\u00e4tti, ett\u00e4 Vivi\u00e4. Eli Jonin syy, Aleksi Vihonen sanoi IS:lle.<\/p>\n<p class=\"article-body nof-ui-body-medium margin-bottom-24 padding-x-16\">Selviytyj\u00e4t Suomi sunnuntaisin Nelosella ja Ruudussa. Ilta-Sanomat, Nelonen ja Ruutu kuuluvat samaan Sanoma-konserniin.<\/p>\n","protected":false},"excerpt":{"rendered":"Varo juonipaljastuksia! Selviytyj\u00e4t Suomi -ohjelman uuden kauden ensimm\u00e4inen pudotus her\u00e4tti mielipiteit\u00e4 puolesta ja vastaan. Suosikkiohjelma Selviytyj\u00e4t Suomi palasi&hellip;\n","protected":false},"author":2,"featured_media":22232,"comment_status":"","ping_status":"","sticky":false,"template":"","format":"standard","meta":{"footnotes":""},"categories":[133],"tags":[137,33,31,30,34,32,206,156,109],"class_list":{"0":"post-22231","1":"post","2":"type-post","3":"status-publish","4":"format-standard","5":"has-post-thumbnail","7":"category-televisiot","8":"tag-entertainment","9":"tag-fi","10":"tag-finland","11":"tag-finnish","12":"tag-ilta-sanomat","13":"tag-suomi","14":"tag-televisiot","15":"tag-tv","16":"tag-viihde"},"share_on_mastodon":{"url":"","error":""},"_links":{"self":[{"href":"https:\/\/www.europesays.com\/fi\/wp-json\/wp\/v2\/posts\/22231","targetHints":{"allow":["GET"]}}],"collection":[{"href":"https:\/\/www.europesays.com\/fi\/wp-json\/wp\/v2\/posts"}],"about":[{"href":"https:\/\/www.europesays.com\/fi\/wp-json\/wp\/v2\/types\/post"}],"author":[{"embeddable":true,"href":"https:\/\/www.europesays.com\/fi\/wp-json\/wp\/v2\/users\/2"}],"replies":[{"embeddable":true,"href":"https:\/\/www.europesays.com\/fi\/wp-json\/wp\/v2\/comments?post=22231"}],"version-history":[{"count":0,"href":"https:\/\/www.europesays.com\/fi\/wp-json\/wp\/v2\/posts\/22231\/revisions"}],"wp:featuredmedia":[{"embeddable":true,"href":"https:\/\/www.europesays.com\/fi\/wp-json\/wp\/v2\/media\/22232"}],"wp:attachment":[{"href":"https:\/\/www.europesays.com\/fi\/wp-json\/wp\/v2\/media?parent=22231"}],"wp:term":[{"taxonomy":"category","embeddable":true,"href":"https:\/\/www.europesays.com\/fi\/wp-json\/wp\/v2\/categories?post=22231"},{"taxonomy":"post_tag","embeddable":true,"href":"https:\/\/www.europesays.com\/fi\/wp-json\/wp\/v2\/tags?post=22231"}],"curies":[{"name":"wp","href":"https:\/\/api.w.org\/{rel}","templated":true}]}}