{"id":22259,"date":"2025-09-01T06:52:09","date_gmt":"2025-09-01T06:52:09","guid":{"rendered":"https:\/\/www.europesays.com\/fi\/22259\/"},"modified":"2025-09-01T06:52:09","modified_gmt":"2025-09-01T06:52:09","slug":"hyokkaajan-komentajille-kasky-valmistautukaa-pohjoiskorealaisten-saapumiseen","status":"publish","type":"post","link":"https:\/\/www.europesays.com\/fi\/22259\/","title":{"rendered":"Hy\u00f6kk\u00e4\u00e4j\u00e4n komentajille k\u00e4sky: Valmistautukaa pohjoiskorealaisten saapumiseen"},"content":{"rendered":"<p class=\"ai-optimize-6 ai-optimize-introduction\">Ven\u00e4l\u00e4inen sotabloggaaja v\u00e4itt\u00e4\u00e4 pohjoiskorealaisten pioneerien toimivan pian Sudzhassa ja Gujevossa Ven\u00e4j\u00e4n Kurskin alueella.<\/p>\n<p class=\"ai-optimize-6 ai-optimize-introduction\">\u2013 Sotabloggaajan mukaan ven\u00e4l\u00e4iset komentajat saivat k\u00e4skyn ilmoittaa alaisilleen Pohjois-Korean joukkojen saapumisesta l\u00e4hip\u00e4ivin\u00e4 est\u00e4\u00e4kseen omien joukkojen tulituksen tai muut kielimuurista mahdollisesti johtuvat \u201dv\u00e4\u00e4rink\u00e4sitykset\u201d, <a href=\"https:\/\/www.understandingwar.org\/backgrounder\/russian-offensive-campaign-assessment-august-31-2025\" target=\"_blank\" rel=\"noopener nofollow\">kertoo<\/a> amerikkalainen Institute for the Study of War (ISW) -ajatushautomo tilannekatsauksessaan.<\/p>\n<p class=\"ai-optimize-6 ai-optimize-introduction\">Sotabloggaaja arvioi, ett\u00e4 Pohjois-Korean joukot eiv\u00e4t todenn\u00e4k\u00f6isesti suorita hy\u00f6kk\u00e4yksi\u00e4 ukrainalaisia vastaan ja ett\u00e4 pohjoiskorealaiset todenn\u00e4k\u00f6isesti suorittavat teht\u00e4vi\u00e4 selustassa \u2013 ruoanlaitto ja siivoaminen \u2013 vapauttaakseen ven\u00e4l\u00e4issotilaita jalkav\u00e4kihy\u00f6kk\u00e4yksiin.<\/p>\n<p class=\"ai-optimize-6 ai-optimize-introduction\">ISW:n mukaan Ven\u00e4j\u00e4n joukot jatkoivat hy\u00f6kk\u00e4ysoperaatioita Ukrainan Sumyn alueen pohjoisosissa ja Ven\u00e4j\u00e4n Kurskissa viikonloppuna, mutta eiv\u00e4t edenneet.<\/p>\n<p class=\"ai-optimize-6 ai-optimize-introduction\">Ukrainan joukkojen kerrotaan tehneen vastahy\u00f6kk\u00e4yksi\u00e4 Sumyn kaupungin pohjois- ja koillispuolella.<\/p>\n<p class=\"ai-optimize-7\">Ven\u00e4j\u00e4n 186. moottoroidun rykmentin sanotaan k\u00e4rsineen kovia tappioita Sadkyn kyl\u00e4n l\u00e4hell\u00e4 k\u00e4ydyiss\u00e4 taisteluissa.<\/p>\n<blockquote class=\"twitter-tweet\" data-width=\"550\" data-dnt=\"true\">\n<p lang=\"en\" dir=\"ltr\">2\/ Russian Offensive Campaign Assessment, August 31, 2025: <a href=\"https:\/\/t.co\/xaLX068BDN\" rel=\"nofollow\">https:\/\/t.co\/xaLX068BDN<\/a> <a href=\"https:\/\/t.co\/eHZljW5zY7\" rel=\"nofollow\">pic.twitter.com\/eHZljW5zY7<\/a><\/p>\n<p>\u2014 Institute for the Study of War (@TheStudyofWar) <a href=\"https:\/\/twitter.com\/TheStudyofWar\/status\/1962331881472462954?ref_src=twsrc%5Etfw\" rel=\"nofollow noopener\" target=\"_blank\">September 1, 2025<\/a><\/p>\n<\/blockquote>\n<p>\u00a0<\/p>\n<p>\u00a0<\/p>\n<p>\u00a0<\/p>\n<p>\u00a0<\/p>\n<p>\u00a0<\/p>\n<p>Poimintoja videosis\u00e4ll\u00f6ist\u00e4mme<\/p>\n<p>\t\t\t\t<script async src=\"https:\/\/platform.twitter.com\/widgets.js\" charset=\"utf-8\"><\/script><\/p>\n","protected":false},"excerpt":{"rendered":"Ven\u00e4l\u00e4inen sotabloggaaja v\u00e4itt\u00e4\u00e4 pohjoiskorealaisten pioneerien toimivan pian Sudzhassa ja Gujevossa Ven\u00e4j\u00e4n Kurskin alueella. \u2013 Sotabloggaajan mukaan ven\u00e4l\u00e4iset komentajat&hellip;\n","protected":false},"author":2,"featured_media":22260,"comment_status":"","ping_status":"","sticky":false,"template":"","format":"standard","meta":{"footnotes":""},"categories":[14],"tags":[22,23,26,27,33,31,30,17,24,25,28,29,15,18,21,32,19,20,56,16,987,59,60,61],"class_list":{"0":"post-22259","1":"post","2":"type-post","3":"status-publish","4":"format-standard","5":"has-post-thumbnail","7":"category-ulkomaat","8":"tag-breaking-news","9":"tag-breakingnews","10":"tag-featured-news","11":"tag-featurednews","12":"tag-fi","13":"tag-finland","14":"tag-finnish","15":"tag-headlines","16":"tag-latest-news","17":"tag-latestnews","18":"tag-main-news","19":"tag-mainnews","20":"tag-news","21":"tag-otsikot","22":"tag-paauutiset","23":"tag-suomi","24":"tag-top-stories","25":"tag-topstories","26":"tag-ulkomaat","27":"tag-uutiset","28":"tag-venajan-hyokkays","29":"tag-world","30":"tag-world-news","31":"tag-worldnews"},"share_on_mastodon":{"url":"","error":""},"_links":{"self":[{"href":"https:\/\/www.europesays.com\/fi\/wp-json\/wp\/v2\/posts\/22259","targetHints":{"allow":["GET"]}}],"collection":[{"href":"https:\/\/www.europesays.com\/fi\/wp-json\/wp\/v2\/posts"}],"about":[{"href":"https:\/\/www.europesays.com\/fi\/wp-json\/wp\/v2\/types\/post"}],"author":[{"embeddable":true,"href":"https:\/\/www.europesays.com\/fi\/wp-json\/wp\/v2\/users\/2"}],"replies":[{"embeddable":true,"href":"https:\/\/www.europesays.com\/fi\/wp-json\/wp\/v2\/comments?post=22259"}],"version-history":[{"count":0,"href":"https:\/\/www.europesays.com\/fi\/wp-json\/wp\/v2\/posts\/22259\/revisions"}],"wp:featuredmedia":[{"embeddable":true,"href":"https:\/\/www.europesays.com\/fi\/wp-json\/wp\/v2\/media\/22260"}],"wp:attachment":[{"href":"https:\/\/www.europesays.com\/fi\/wp-json\/wp\/v2\/media?parent=22259"}],"wp:term":[{"taxonomy":"category","embeddable":true,"href":"https:\/\/www.europesays.com\/fi\/wp-json\/wp\/v2\/categories?post=22259"},{"taxonomy":"post_tag","embeddable":true,"href":"https:\/\/www.europesays.com\/fi\/wp-json\/wp\/v2\/tags?post=22259"}],"curies":[{"name":"wp","href":"https:\/\/api.w.org\/{rel}","templated":true}]}}