{"id":222642,"date":"2026-04-16T20:46:24","date_gmt":"2026-04-16T20:46:24","guid":{"rendered":"https:\/\/www.europesays.com\/fi\/222642\/"},"modified":"2026-04-16T20:46:24","modified_gmt":"2026-04-16T20:46:24","slug":"ilkka-ihamaen-perheella-on-yhteinen-sunnuntaiharrastus","status":"publish","type":"post","link":"https:\/\/www.europesays.com\/fi\/222642\/","title":{"rendered":"Ilkka Iham\u00e4en perheell\u00e4 on yhteinen sunnuntaiharrastus"},"content":{"rendered":"<p>    <img fetchpriority=\"high\" decoding=\"async\" src=\"https:\/\/www.europesays.com\/fi\/wp-content\/uploads\/2026\/04\/Ilkka-Ihamaki.jpg\" alt=\"Ilkka Iham\u00e4ki muisteli Radiogaalassa aiempia juhlia. \u201dOn t\u00e4\u00e4lt\u00e4 joskus jaksettu l\u00e4hte\u00e4 jatkoillekin!\u201d\" width=\"2102\" height=\"1402\" class=\"wp-image-703816\" loading=\"eager\"  \/>Ilkka Iham\u00e4ki muisteli Radiogaalassa aiempia juhlia. \u201dOn t\u00e4\u00e4lt\u00e4 joskus  jaksettu l\u00e4hte\u00e4 jatkoillekin!\u201dTiia Ahjotuli    <\/p>\n<p class=\"wp-block-post-excerpt__excerpt\">Laulaja, lauluntekij\u00e4 Ilkka Iham\u00e4ki t\u00e4ytti alkuvuodesta nelj\u00e4kymment\u00e4 ja ryhtyi kuntokuurille. \u201dRouvan kanssa vesijuoksemme rinnakkain.\u201d <\/p>\n<p>Laulaja, lauluntekij\u00e4 <strong>Ilkka \u201dHovimuusikko\u201d Iham\u00e4ki<\/strong> juhli Radiogaalassa maltillisesti, sill\u00e4 seuraavana p\u00e4iv\u00e4n\u00e4 odottivat velvollisuudet. Ilkalla on kaksi lasta juontajapuoliso<strong> Anni Iham\u00e4en<\/strong> kanssa.<\/p>\n<p>\u201dMin\u00e4 olen huomenna koko p\u00e4iv\u00e4n lasten kanssa, kun Anni on kuvaamassa Kokkisotaa. Velvollisuudet ja realiteetit ovat enemm\u00e4n mieless\u00e4 nyky\u00e4\u00e4n kuin joskus kymmenen vuotta sitten. On t\u00e4\u00e4lt\u00e4 kyll\u00e4 tosi hyvi\u00e4 muistoja. Joskus on jaksettu l\u00e4hte\u00e4 jatkoillekin\u201d, Ilkka kertoi gaalan punaisella matolla Hybridiarena Hypess\u00e4 Espoossa.<\/p>\n<p>Radiogaalaa Ilkka kertoi kuitenkin oikein odottaneensa.<\/p>\n<p>\u201dT\u00e4m\u00e4h\u00e4n on tosi kiva vuosittainen juttu, kun t\u00e4\u00e4ll\u00e4 tapaa eri talojen kollegoja\u00e4. Olen oikein odottanut t\u00e4t\u00e4. Perinteisesti n\u00e4m\u00e4 ovat olleet aika kosteat juhlat, mutta vuosien varrella n\u00e4m\u00e4 ovat ehk\u00e4 v\u00e4h\u00e4n siistiytyneet. Se johtuu ehk\u00e4 ihmisten el\u00e4m\u00e4ntilanteista\u201d, Ilkka kertoili hymyillen.<\/p>\n<p><strong>Lue my\u00f6s<\/strong>: <a href=\"https:\/\/anna.fi\/ihmiset\/kim-sainio-tarvitsee-arjessa-jatkuvasti-apua\" type=\"link\" id=\"https:\/\/anna.fi\/ihmiset\/kim-sainio-tarvitsee-arjessa-jatkuvasti-apua\" rel=\"nofollow noopener\" target=\"_blank\">MS-tautia sairastava Kim Sainio tarvitsee arjessa jatkuvasti apua \u2013 Mari-vaimon kipakat sanat her\u00e4ttiv\u00e4t<\/a><\/p>\n<p><img loading=\"lazy\" decoding=\"async\" width=\"736\" height=\"1024\" src=\"https:\/\/www.europesays.com\/fi\/wp-content\/uploads\/2026\/04\/8507647_preview-736x1024.jpg\" alt=\"Ilkka Iham\u00e4ki k\u00e4y jumppaamassa aina, kun on v\u00e4h\u00e4nkin aikaa. &quot;Perheellinen ei ehdi harrastaa joukkuelajeja.&quot;\" class=\"wp-image-703820 js-photoswipe-image\"  \/>Ilkka Iham\u00e4ki k\u00e4y jumppaamassa aina, kun on v\u00e4h\u00e4nkin aikaa. \u201dPerheellinen ei ehdi harrastaa joukkuelajeja.\u201d<\/p>\n<p>\u00a9 Tiia Ahjotuli<\/p>\n<p>Ilkka Iham\u00e4ki t\u00e4ytti 40 vuotta<\/p>\n<p>Etenkin Radio Suomipopin Aamulypsyst\u00e4 tuttu Ilkka on kev\u00e4\u00e4ll\u00e4 kiert\u00e4nyt keikkapaikkoja jokavuotiseen tapaansa. Sen lis\u00e4ksi h\u00e4n tekee yhteist\u00e4 Miehet jotka muistavat -podcastia radiojuontaja <strong>Harri Moision <\/strong>kanssa. <\/p>\n<p>Arkeen on kuulunut my\u00f6s juhlaa, sill\u00e4 helmikuussa Ilkka t\u00e4ytti nelj\u00e4kymment\u00e4 vuotta. Ik\u00e4kriisi ei ole mieheen iskenyt.<\/p>\n<p>\u201dMinusta tuntuu, ett\u00e4 asiat ovat ihan mallillaan ja mukavasti. Olen nyt yritt\u00e4nyt pit\u00e4\u00e4 tehostettua kuntokuuria. Olin kymmenen viikon kuntokuurilla, jossa vedettiin crossfit-tyylist\u00e4 ryhm\u00e4liikuntaa. Siell\u00e4 piiskattiin aina tekem\u00e4\u00e4n viel\u00e4 lis\u00e4\u00e4 sen yhden ylim\u00e4\u00e4r\u00e4isen kierroksen. Olen aina tyk\u00e4nnyt liikkua itsekin, mutta sielt\u00e4 sain viel\u00e4 v\u00e4h\u00e4n lis\u00e4tehoja. Ja opin my\u00f6s uutta!\u201d<\/p>\n<p>Normaalisti Ilkan treeniin kuuluu kuntosali ja tilaisuuden tullen pallopelej\u00e4.<\/p>\n<p>\u201dKun ei perheellinen oikein ehdi pelata miss\u00e4\u00e4n joukkueessa, niin t\u00e4ytyy yritt\u00e4\u00e4 k\u00e4yd\u00e4 jumppaamassa  aina, kun siihen on edes v\u00e4h\u00e4n aikaa.\u201d<\/p>\n<p><strong>Lue my\u00f6s Kotiliesi.fi:<\/strong> <a href=\"https:\/\/kotiliesi.fi\/resepti\/anni-ihamaen-piimakakku\/\" type=\"link\" id=\"https:\/\/kotiliesi.fi\/resepti\/anni-ihamaen-piimakakku\/\" rel=\"nofollow noopener\" target=\"_blank\">Anni Iham\u00e4en piim\u00e4kakku<\/a><\/p>\n<p>Ilkalla ja Annilla on kaksi p\u00e4iv\u00e4koti-ik\u00e4ist\u00e4 yhteist\u00e4 lasta, ja Annilla on lis\u00e4ksi yksi lapsi aiemmasta suhteesta. Perheell\u00e4 on my\u00f6s yksi yhteinen lempiharrastus.<\/p>\n<p>\u201dUimakoulu on ihan \u00f6verihyv\u00e4! Se on ollut sunnuntaisin koko perheen juttu niin, ett\u00e4 rouvan kanssa olemme vesijuoksemassa rinnakkain sill\u00e4 aikaa, kun lapset ovat lastenaltaassa uimaopetuksessa. Sen j\u00e4lkeen juodaan pullakahvit uimahallin kahviossa.\u201d<\/p>\n","protected":false},"excerpt":{"rendered":"Ilkka Iham\u00e4ki muisteli Radiogaalassa aiempia juhlia. \u201dOn t\u00e4\u00e4lt\u00e4 joskus jaksettu l\u00e4hte\u00e4 jatkoillekin!\u201dTiia Ahjotuli Laulaja, lauluntekij\u00e4 Ilkka Iham\u00e4ki t\u00e4ytti&hellip;\n","protected":false},"author":2,"featured_media":222643,"comment_status":"","ping_status":"","sticky":false,"template":"","format":"standard","meta":{"footnotes":"","_share_on_mastodon":"0"},"categories":[136],"tags":[32645,407,137,33,31,30,408,8737,4773,11208,15661,32,109],"class_list":["post-222642","post","type-post","status-publish","format-standard","has-post-thumbnail","category-julkkikset","tag-anni-hautala","tag-celebrities","tag-entertainment","tag-fi","tag-finland","tag-finnish","tag-julkkikset","tag-lapsiperheet","tag-radiojuontajat","tag-suomalaiset-julkkikset","tag-suomalaiset-muusikot","tag-suomi","tag-viihde"],"share_on_mastodon":{"url":"https:\/\/pubeurope.com\/@fi\/116416348302858120","error":""},"_links":{"self":[{"href":"https:\/\/www.europesays.com\/fi\/wp-json\/wp\/v2\/posts\/222642","targetHints":{"allow":["GET"]}}],"collection":[{"href":"https:\/\/www.europesays.com\/fi\/wp-json\/wp\/v2\/posts"}],"about":[{"href":"https:\/\/www.europesays.com\/fi\/wp-json\/wp\/v2\/types\/post"}],"author":[{"embeddable":true,"href":"https:\/\/www.europesays.com\/fi\/wp-json\/wp\/v2\/users\/2"}],"replies":[{"embeddable":true,"href":"https:\/\/www.europesays.com\/fi\/wp-json\/wp\/v2\/comments?post=222642"}],"version-history":[{"count":0,"href":"https:\/\/www.europesays.com\/fi\/wp-json\/wp\/v2\/posts\/222642\/revisions"}],"wp:featuredmedia":[{"embeddable":true,"href":"https:\/\/www.europesays.com\/fi\/wp-json\/wp\/v2\/media\/222643"}],"wp:attachment":[{"href":"https:\/\/www.europesays.com\/fi\/wp-json\/wp\/v2\/media?parent=222642"}],"wp:term":[{"taxonomy":"category","embeddable":true,"href":"https:\/\/www.europesays.com\/fi\/wp-json\/wp\/v2\/categories?post=222642"},{"taxonomy":"post_tag","embeddable":true,"href":"https:\/\/www.europesays.com\/fi\/wp-json\/wp\/v2\/tags?post=222642"}],"curies":[{"name":"wp","href":"https:\/\/api.w.org\/{rel}","templated":true}]}}