{"id":223030,"date":"2026-04-17T07:33:09","date_gmt":"2026-04-17T07:33:09","guid":{"rendered":"https:\/\/www.europesays.com\/fi\/223030\/"},"modified":"2026-04-17T07:33:09","modified_gmt":"2026-04-17T07:33:09","slug":"yokylassa-maria-veitola-mikko-peltola-avautuu-osmon-downin-syndroomasta","status":"publish","type":"post","link":"https:\/\/www.europesays.com\/fi\/223030\/","title":{"rendered":"Y\u00f6kyl\u00e4ss\u00e4 Maria Veitola: Mikko Peltola avautuu Osmon Downin syndroomasta"},"content":{"rendered":"<p>\n            Maria Veitola, Osmo ja Mikko Peltola<br \/>\n            MTV\n        <\/p>\n<p class=\"subtitle \">Mikko &#8221;Peltsi&#8221; Peltola muistelee tapahtunutta Y\u00f6kyl\u00e4ss\u00e4 Maria Veitola -ohjelmassa.<\/p>\n<p class=\"article-content article-content-width !bg-background\">Y\u00f6kyl\u00e4ss\u00e4 Maria Veitola -ohjelman uuden kauden p\u00e4\u00e4t\u00f6sjaksossa vieraillaan  ja h\u00e4nen poikansa  luona. Perheeseen kuuluu my\u00f6s vaimo ja tyt\u00e4r . Heit\u00e4 ei kuitenkaan jaksossa n\u00e4y.<\/p>\n<p class=\"article-content article-content-width !bg-background\">Jakso on katsottavissa MTV Katsomo+:ssa.<\/p>\n<p class=\"font-weight-bold m-font-weight-bold article-content article-content-width !bg-background\">Video: Miksi vaimo ei n\u00e4y Peltsin toinen luonto -ohjelmassa.\u00a0<\/p>\n<p class=\"article-content article-content-width !bg-background\"> matkustaa jaksossa y\u00f6junalla is\u00e4n ja pojan kanssa Rovaniemelle.<\/p>\n<p class=\"article-content article-content-width !bg-background\">Radiojuontajana alun perin tunnetuksi tulleen Peltsin pojalla Osmolla on Downin syndrooma. Asia selvisi perheelle vasta synnytyksen j\u00e4lkeen.<\/p>\n<p class=\"article-content article-content-width !bg-background\">Peltsi palaa vuosien takaisiin muistoihin jaksossa.<\/p>\n<p class=\"article-content article-content-width !bg-background\">\u2013\tSilloin kun h\u00e4n syntyi, me emme tajunneet mit\u00e4\u00e4n. K\u00e4til\u00f6 totesi samana p\u00e4iv\u00e4n\u00e4, ett\u00e4 on tullut ajatus siit\u00e4, ett\u00e4 se voisi olla mahdollista, ett\u00e4 Osmolla on Downin syndrooma.<\/p>\n<p>        <a itemprop=\"url\" href=\"https:\/\/www.seiska.fi\/katso\/osmo-peltola-myontaa-ihastuneensa-lemmentunteilla-yllattava-kohde\/2124935\" rel=\"nofollow noopener\" target=\"_blank\"><\/p>\n<p>\nOsmo Peltola my\u00f6nt\u00e4\u00e4 ihastuneensa:\n<\/p>\n<p class=\"section-date\">\n        <strong class=\"article-section\" data-section=\"katso\"><br \/>\n            katso<br \/>\n        <\/strong><br \/>\n        13.4. 05:15\n    <\/p>\n<p>Osmo Peltola my\u00f6nt\u00e4\u00e4 ihastuneensa: lemmentunteilla yll\u00e4tt\u00e4v\u00e4 kohde\n    <\/p>\n<p itemprop=\"description\" class=\"subtitle \">\n    Osmo Peltola avautuu ihastuksestaan Y\u00f6kyl\u00e4ss\u00e4 Maria Veitola -ohjelmassa.\n<\/p>\n<p>        <\/a><\/p>\n<p>Pimeydest\u00e4 valoon<\/p>\n<p class=\"article-content article-content-width !bg-background\">Maria kysyy, oliko vastasyntyneen Osmon ulkon\u00e4\u00f6ss\u00e4 sellaisia merkkej\u00e4, joista Downin syndrooman olisi voinut huomata.<\/p>\n<p class=\"article-content article-content-width !bg-background\">\u2013\tSitten kun meille sanottiin mahdollisuudesta, niin kyll\u00e4h\u00e4n niit\u00e4 piirteit\u00e4 alkoi itsekin n\u00e4hd\u00e4. Esimerkiksi ett\u00e4 varpaanv\u00e4li on leve\u00e4mpi, tai k\u00e4mmeness\u00e4 on jokin tietty viiva.<\/p>\n<p class=\"article-content article-content-width !bg-background\">Asia selvitettiin DNA-testill\u00e4. Peltsi ja h\u00e4nen vaimonsa joutuivat odottamaan tuloksia pari p\u00e4iv\u00e4\u00e4. Peltsi muistelee aikaa sumuisena.<\/p>\n<p class=\"article-content article-content-width !bg-background\">\u2013\tMusta verho laskeutui p\u00e4\u00e4lle, kun tieto tuli. Itsell\u00e4 meni noin kaksi viikkoa asian k\u00e4sittelyyn, sitten alkoi el\u00e4m\u00e4 voittamaan.<\/p>\n<p class=\"article-content article-content-width !bg-background\">Peltsi muistelee, ett\u00e4 kahden viikon k\u00e4sittelyjakson aikana h\u00e4n saattoi alkaa spontaanisti itkem\u00e4\u00e4n. Sellaista h\u00e4n ei yleens\u00e4 tee.<\/p>\n<p>        <a itemprop=\"url\" href=\"https:\/\/www.seiska.fi\/kotimaa\/apu-peltsista-ja-osmosta-uutta-tietoa\/2117424\" rel=\"nofollow noopener\" target=\"_blank\"><\/p>\n<p>\nApu:\n<\/p>\n<p class=\"section-date\">\n        <strong class=\"article-section\" data-section=\"kotimaa\"><br \/>\n            kotimaa<br \/>\n        <\/strong><br \/>\n        1.4. 09:55\n    <\/p>\n<p>Apu: Peltsist\u00e4 ja Osmosta uutta tietoa\n    <\/p>\n<p itemprop=\"description\" class=\"subtitle \">\n    Peltsi avaa Apu-lehdelle Osmon tulevaisuuden suunnitelmia.\n<\/p>\n<p>        <\/a><\/p>\n<p>                <img decoding=\"async\" src=\"https:\/\/www.europesays.com\/fi\/wp-content\/uploads\/2026\/04\/2130055.webp.jpeg\" width=\"576\" height=\"269\" title=\"Y\u00f6kyl\u00e4ss\u00e4-jaksossa Maria Veitola matkaa Mikko 'Peltsi' Peltolan ja Osmo Peltolan kanssa Rovaniemelle.\" alt=\"Y\u00f6kyl\u00e4ss\u00e4 Maria Veitola: Mikko 'Peltsi' Peltola ja Osmo Peltola\" loading=\"lazy\" \/>            <\/p>\n<p>\n            Y\u00f6kyl\u00e4ss\u00e4-jaksossa Maria Veitola matkaa Mikko &#8221;Peltsi&#8221; Peltolan ja Osmo Peltolan kanssa Rovaniemelle.<br \/>\n            MTV\n        <\/p>\n<p class=\"article-content article-content-width !bg-background\">Maria kysyy itkulle syyt\u00e4. Peltsi ei osaa tarkkaan sanoa.<\/p>\n<p class=\"article-content article-content-width !bg-background\">\u2013\tVarmaan sit\u00e4, ett\u00e4 miksi n\u00e4in piti k\u00e4yd\u00e4. Eih\u00e4n kukaan ole siihen kuitenkaan syyp\u00e4\u00e4. Kahden viikon j\u00e4lkeen ymm\u00e4rsin, ett\u00e4 t\u00e4llainen vaikerointi ei ole yht\u00e4\u00e4n minua. Olen positiivisesti maailmaan suhtautuva ihminen ja n\u00e4en kaikessa aina valon.<\/p>\n<p class=\"italic m-italic article-content article-content-width !bg-background\">Y\u00f6kyl\u00e4ss\u00e4 Maria Veitola maanantaisin MTV3-kanavalla ja MTV Katsomossa.\u00a0<\/p>\n<p>        <a itemprop=\"url\" href=\"https:\/\/www.seiska.fi\/kotimaa\/mikko-peltsi-peltola-poikkeuksellinen-synttarilahja\/2109118\" rel=\"nofollow noopener\" target=\"_blank\"><\/p>\n<p>\nMikko \u201cPeltsi\u201d Peltola t\u00e4ytti 52\n<\/p>\n<p class=\"section-date\">\n        <strong class=\"article-section\" data-section=\"kotimaa\"><br \/>\n            kotimaa<br \/>\n        <\/strong><br \/>\n        23.3. 15:28\n    <\/p>\n<p>Mikko \u201cPeltsi\u201d Peltola: Poikkeuksellinen syntt\u00e4rilahja\n    <\/p>\n<p itemprop=\"description\" class=\"subtitle \">\n    Peltsi juhlisti viime viikolla 52-vuotissyntym\u00e4p\u00e4iv\u00e4\u00e4ns\u00e4.\n<\/p>\n<p>        <\/a><\/p>\n","protected":false},"excerpt":{"rendered":"Maria Veitola, Osmo ja Mikko Peltola MTV Mikko &#8221;Peltsi&#8221; Peltola muistelee tapahtunutta Y\u00f6kyl\u00e4ss\u00e4 Maria Veitola -ohjelmassa. Y\u00f6kyl\u00e4ss\u00e4 Maria&hellip;\n","protected":false},"author":2,"featured_media":223031,"comment_status":"","ping_status":"","sticky":false,"template":"","format":"standard","meta":{"footnotes":"","_share_on_mastodon":"0"},"categories":[136],"tags":[407,32673,137,33,31,30,408,1082,3222,5601,32,109,14043],"class_list":["post-223030","post","type-post","status-publish","format-standard","has-post-thumbnail","category-julkkikset","tag-celebrities","tag-downin-syndrooma","tag-entertainment","tag-fi","tag-finland","tag-finnish","tag-julkkikset","tag-maria-veitola","tag-mikko-peltola","tag-osmo-peltola","tag-suomi","tag-viihde","tag-yokylassa-maria-veitola"],"share_on_mastodon":{"url":"https:\/\/pubeurope.com\/@fi\/116418891300216956","error":""},"_links":{"self":[{"href":"https:\/\/www.europesays.com\/fi\/wp-json\/wp\/v2\/posts\/223030","targetHints":{"allow":["GET"]}}],"collection":[{"href":"https:\/\/www.europesays.com\/fi\/wp-json\/wp\/v2\/posts"}],"about":[{"href":"https:\/\/www.europesays.com\/fi\/wp-json\/wp\/v2\/types\/post"}],"author":[{"embeddable":true,"href":"https:\/\/www.europesays.com\/fi\/wp-json\/wp\/v2\/users\/2"}],"replies":[{"embeddable":true,"href":"https:\/\/www.europesays.com\/fi\/wp-json\/wp\/v2\/comments?post=223030"}],"version-history":[{"count":0,"href":"https:\/\/www.europesays.com\/fi\/wp-json\/wp\/v2\/posts\/223030\/revisions"}],"wp:featuredmedia":[{"embeddable":true,"href":"https:\/\/www.europesays.com\/fi\/wp-json\/wp\/v2\/media\/223031"}],"wp:attachment":[{"href":"https:\/\/www.europesays.com\/fi\/wp-json\/wp\/v2\/media?parent=223030"}],"wp:term":[{"taxonomy":"category","embeddable":true,"href":"https:\/\/www.europesays.com\/fi\/wp-json\/wp\/v2\/categories?post=223030"},{"taxonomy":"post_tag","embeddable":true,"href":"https:\/\/www.europesays.com\/fi\/wp-json\/wp\/v2\/tags?post=223030"}],"curies":[{"name":"wp","href":"https:\/\/api.w.org\/{rel}","templated":true}]}}