{"id":22311,"date":"2025-09-01T08:10:08","date_gmt":"2025-09-01T08:10:08","guid":{"rendered":"https:\/\/www.europesays.com\/fi\/22311\/"},"modified":"2025-09-01T08:10:08","modified_gmt":"2025-09-01T08:10:08","slug":"erikoisjoukkojen-4-kausi-alkaa-rankalla-tehtavalla-archie-cruz-vaikeuksissa","status":"publish","type":"post","link":"https:\/\/www.europesays.com\/fi\/22311\/","title":{"rendered":"Erikoisjoukkojen 4. kausi alkaa rankalla teht\u00e4v\u00e4ll\u00e4: Archie Cruz vaikeuksissa"},"content":{"rendered":"<p>Archie Cruz kertoo Erikoisjoukoissa haluavansa todistaa olevansa muuttunut mies. Kouluttajat eiv\u00e4t ole vakuuttuneita.<\/p>\n<p class=\"article-body margin-bottom-24 padding-x-16\">Suosittu Erikoisjoukot alkaa torstaina Nelosella uuden kauden voimin. Nelosen tuoreen tiedotteen mukaan kokelaita odottaa heti k\u00e4ttelyss\u00e4 raskas kuntorata, joka osoittautuu monelle \u00e4\u00e4rimm\u00e4isen vaikeaksi.<\/p>\n<p><img decoding=\"async\" src=\"https:\/\/www.europesays.com\/fi\/wp-content\/uploads\/2025\/09\/1756714208_688_468.jpg\" alt=\"Archie Cruz on yksi kokelaista, jotka ovat vaikeuksissa heti ensimm\u00e4isess\u00e4 teht\u00e4v\u00e4ss\u00e4.\" class=\"_Img_tdqg8_1\" style=\"aspect-ratio:0.6666666666666666\" loading=\"eager\"\/><\/p>\n<p class=\"article-picture-caption\">Archie Cruz on yksi kokelaista, jotka ovat vaikeuksissa heti ensimm\u00e4isess\u00e4 teht\u00e4v\u00e4ss\u00e4. Kuva:\u00a0Jere Hietala \/ Sanoma<\/p>\n<p class=\"article-body margin-bottom-24 padding-x-16\">Eniten vaikeuksissa ovat muusikko<a class=\"article-personlink\" href=\"https:\/\/www.is.fi\/haku\/?query=%20Arttu%20Kuosmanen\" rel=\"nofollow noopener\" target=\"_blank\"> Arttu Kuosmanen <\/a>eli <a class=\"article-personlink\" href=\"https:\/\/www.is.fi\/haku\/?query=Archie%20Cruz\" rel=\"nofollow noopener\" target=\"_blank\">Archie Cruz<\/a>, tubettaja <a class=\"article-personlink\" href=\"https:\/\/www.is.fi\/haku\/?query=Aleksi%20Rantamaa\" rel=\"nofollow noopener\" target=\"_blank\">Aleksi Rantamaa<\/a>, ex-urheilija <a class=\"article-personlink\" href=\"https:\/\/www.is.fi\/haku\/?query=Markus%20P%C3%B6yh%C3%B6nen\" rel=\"nofollow noopener\" target=\"_blank\">Markus P\u00f6yh\u00f6nen<\/a> ja n\u00e4yttelij\u00e4 <a class=\"article-personlink\" href=\"https:\/\/www.is.fi\/haku\/?query=Karoliina%20Blackburn\" rel=\"nofollow noopener\" target=\"_blank\">Karoliina Blackburn<\/a>.<\/p>\n<p class=\"article-body margin-bottom-24 padding-x-16\">\u2013 Spurttia, spurttia, eks\u00e4 oo joku vitun pikajuoksija, nyt vauhtia! Jos kaveri on hidas, niin sitten menn\u00e4\u00e4n ohi, kouluttaja Robin Hendry tylytt\u00e4\u00e4 P\u00f6yh\u00f6st\u00e4.<\/p>\n<p><img decoding=\"async\" src=\"https:\/\/www.europesays.com\/fi\/wp-content\/uploads\/2025\/09\/1756714208_758_468.jpg\" alt=\"My\u00f6s muun muassa nyrkkeilij\u00e4t\u00e4hti Robert Helenius tuskailee kuntoradan kanssa.\" class=\"_Img_tdqg8_1\" style=\"aspect-ratio:1.5\" loading=\"eager\"\/><\/p>\n<p class=\"article-picture-caption\">My\u00f6s muun muassa nyrkkeilij\u00e4t\u00e4hti Robert Helenius tuskailee kuntoradan kanssa. Kuva:\u00a0Jere Hietala \/ Sanoma<\/p>\n<p class=\"article-body margin-bottom-24 padding-x-16\">Henkihieveriss\u00e4 rataa suorittava Cruz on kertonut jaksossa vain hetke\u00e4 aiemmin kameroille, ett\u00e4 h\u00e4n haluaa todistaa olevansa muuttunut mies.<\/p>\n<p class=\"article-body margin-bottom-24 padding-x-16\">\u2013 Ihmiset varmaan tuntee mut t\u00e4ll\u00e4 hetkell\u00e4 monista kohuista, koska nyt on niin pitk\u00e4\u00e4n ollut v\u00e4\u00e4r\u00e4 suunta. Nyt on aika korjata se ja tulla takaisin, Cruz analysoi.<\/p>\n<p class=\"article-body margin-bottom-24 padding-x-16\">\u2013 Todellakin haluan todistaa koko vitun maalle, ett\u00e4 niill\u00e4 on ihan v\u00e4\u00e4r\u00e4 kuva musta. M\u00e4 oon paljon enemm\u00e4n kuin mit\u00e4 monet luulee. Luovuttaa ei pid\u00e4, todellakaan.<\/p>\n<p class=\"article-body margin-bottom-24 padding-x-16\">Kouluttajillakin on ep\u00e4ilyksens\u00e4 Cruzin suhteen. Kauden aluksi kouluttajat jakavat kokelaat kahteen tiimiin. Cruzin kohdalla kouluttajat k\u00e4yv\u00e4t mielenkiintoisen sananvaihdon.<\/p>\n<p class=\"article-body margin-bottom-24 padding-x-16\">\u2013 Se ett\u00e4 on tehnyt el\u00e4m\u00e4ntapamuutoksen sen j\u00e4lkeen, kun on tullut pieni skidi, on ihan oikea p\u00e4\u00e4t\u00f6s, mutta peruskuntoa pit\u00e4isi olla jonkun verran jos meinaa p\u00e4\u00e4st\u00e4 loppuun asti. Pelkk\u00e4 tahdonvoima ja n\u00e4ytt\u00e4misen halu ei riit\u00e4, p\u00e4\u00e4kouluttaja <a class=\"article-personlink\" href=\"https:\/\/www.is.fi\/haku\/?query=Janne%20Lehtonen\" rel=\"nofollow noopener\" target=\"_blank\">Janne Lehtonen <\/a>sanoo.<\/p>\n<p><img decoding=\"async\" src=\"https:\/\/www.europesays.com\/fi\/wp-content\/uploads\/2025\/09\/1756714208_191_468.jpg\" alt=\"Kouluttajat jakavat kokelaskatraan kahteen tiimiin.\" class=\"_Img_tdqg8_1\" style=\"aspect-ratio:1.5\" loading=\"eager\"\/><\/p>\n<p class=\"article-picture-caption\">Kouluttajat jakavat kokelaskatraan kahteen tiimiin. Kuva:\u00a0Jere Hietala \/ Sanoma<\/p>\n<p class=\"article-body margin-bottom-24 padding-x-16\">\u2013 Mun mielest\u00e4 te voisitte ottaa sen (tiimiinne), Lehtonen sanoo Hendrylle ja <a class=\"article-personlink\" href=\"https:\/\/www.is.fi\/haku\/?query=Jan%20Knuttille\" rel=\"nofollow noopener\" target=\"_blank\">Jan Knuttille<\/a>.<\/p>\n<p class=\"article-body margin-bottom-24 padding-x-16\">\u2013 Ehei, ei me oteta sit\u00e4, Knutti sanoo.<\/p>\n<p class=\"article-body margin-bottom-24 padding-x-16\">\u2013 Otetaan kivi, paperi, sakset, ett\u00e4 kumpi tiimi ottaa, Hendry ehdottaa.<\/p>\n<p class=\"article-body margin-bottom-24 padding-x-16\">Lopulta Lehtonen h\u00e4vi\u00e4\u00e4 ja Cruz m\u00e4\u00e4r\u00e4t\u00e4\u00e4n Alfa-tiimiin.<\/p>\n<p class=\"article-body margin-bottom-24 padding-x-16\">\u2013 Noh, kyll\u00e4 meille yksi sivari mahtuu, Lehtonen sivaltaa.<\/p>\n<p class=\"article-body nof-ui-body-medium margin-bottom-24 padding-x-16\">Erikoisjoukot Nelosella torstaisin kello 21 ja Ruudussa. IS, Nelonen ja Ruutu kuuluvat samaan Sanoma-konserniin.<\/p>\n","protected":false},"excerpt":{"rendered":"Archie Cruz kertoo Erikoisjoukoissa haluavansa todistaa olevansa muuttunut mies. Kouluttajat eiv\u00e4t ole vakuuttuneita. Suosittu Erikoisjoukot alkaa torstaina Nelosella&hellip;\n","protected":false},"author":2,"featured_media":22312,"comment_status":"","ping_status":"","sticky":false,"template":"","format":"standard","meta":{"footnotes":""},"categories":[133],"tags":[137,33,31,30,34,32,206,156,109],"class_list":{"0":"post-22311","1":"post","2":"type-post","3":"status-publish","4":"format-standard","5":"has-post-thumbnail","7":"category-televisiot","8":"tag-entertainment","9":"tag-fi","10":"tag-finland","11":"tag-finnish","12":"tag-ilta-sanomat","13":"tag-suomi","14":"tag-televisiot","15":"tag-tv","16":"tag-viihde"},"share_on_mastodon":{"url":"","error":""},"_links":{"self":[{"href":"https:\/\/www.europesays.com\/fi\/wp-json\/wp\/v2\/posts\/22311","targetHints":{"allow":["GET"]}}],"collection":[{"href":"https:\/\/www.europesays.com\/fi\/wp-json\/wp\/v2\/posts"}],"about":[{"href":"https:\/\/www.europesays.com\/fi\/wp-json\/wp\/v2\/types\/post"}],"author":[{"embeddable":true,"href":"https:\/\/www.europesays.com\/fi\/wp-json\/wp\/v2\/users\/2"}],"replies":[{"embeddable":true,"href":"https:\/\/www.europesays.com\/fi\/wp-json\/wp\/v2\/comments?post=22311"}],"version-history":[{"count":0,"href":"https:\/\/www.europesays.com\/fi\/wp-json\/wp\/v2\/posts\/22311\/revisions"}],"wp:featuredmedia":[{"embeddable":true,"href":"https:\/\/www.europesays.com\/fi\/wp-json\/wp\/v2\/media\/22312"}],"wp:attachment":[{"href":"https:\/\/www.europesays.com\/fi\/wp-json\/wp\/v2\/media?parent=22311"}],"wp:term":[{"taxonomy":"category","embeddable":true,"href":"https:\/\/www.europesays.com\/fi\/wp-json\/wp\/v2\/categories?post=22311"},{"taxonomy":"post_tag","embeddable":true,"href":"https:\/\/www.europesays.com\/fi\/wp-json\/wp\/v2\/tags?post=22311"}],"curies":[{"name":"wp","href":"https:\/\/api.w.org\/{rel}","templated":true}]}}