{"id":223458,"date":"2026-04-17T18:00:18","date_gmt":"2026-04-17T18:00:18","guid":{"rendered":"https:\/\/www.europesays.com\/fi\/223458\/"},"modified":"2026-04-17T18:00:18","modified_gmt":"2026-04-17T18:00:18","slug":"talta-nayttaa-banksya-fanittava-elamyshalli-kuraattori-kertoo-mihin-rahat-menevat-ts-fi","status":"publish","type":"post","link":"https:\/\/www.europesays.com\/fi\/223458\/","title":{"rendered":"T\u00e4lt\u00e4 n\u00e4ytt\u00e4\u00e4 Banksya fanittava el\u00e4myshalli \u2013 kuraattori kertoo, mihin rahat menev\u00e4t &#8211; ts.fi"},"content":{"rendered":"<ol>\n<li><a href=\"https:\/\/news.google.com\/rss\/articles\/CBMiQEFVX3lxTFA2eHhLNDBPLUZlMEFOX3k3S0htSnNIMllheDVSTXJjRXlfRGVpX3lLOEQyWnhyVGNWdzlaWjZkdEY?oc=5\" target=\"_blank\" rel=\"nofollow noopener\">T\u00e4lt\u00e4 n\u00e4ytt\u00e4\u00e4 Banksya fanittava el\u00e4myshalli \u2013 kuraattori kertoo, mihin rahat menev\u00e4t<\/a>&nbsp;&nbsp;ts.fi<\/li>\n<li><a href=\"https:\/\/news.google.com\/rss\/articles\/CBMiYkFVX3lxTFBGUEJweGdUSTFqUVFLRjV4Q0stSzhXVW1JNExCMGJPNGdjQnE0NUpWVHJONmstNGZ6Q1otdnNOVkJobGIwZ2l1YUM4SzVnWXlyODlyM2Y0OGVZUXFQekxCekRn?oc=5\" target=\"_blank\" rel=\"nofollow noopener\">Maailman suurin Banksy-n\u00e4yttely avautuu Turussa \u2013 j\u00e4rjest\u00e4j\u00e4lt\u00e4 suorat sanat mysteeritaiteilijan henkil\u00f6llisyydest\u00e4<\/a>&nbsp;&nbsp;Ilta-Sanomat<\/li>\n<li><a href=\"https:\/\/news.google.com\/rss\/articles\/CBMieEFVX3lxTFBmMUJETVFrWllPNFd5d0Y1VF92ZWVwMW4wM3pkeFdKVmdrRmhmdWFyNGlaU1FQb3plYldRVnlEZ1BMbWhkeXZkMVVscHdjaGhvTmhmTy1pSWZoVG9TOXZtV0F5b3F0QzNubjlQc21OQ3YzamxQbV84RQ?oc=5\" target=\"_blank\" rel=\"nofollow noopener\">Banksy-n\u00e4yttely avautuu Turussa<\/a>&nbsp;&nbsp;Turun Seutusanomat<\/li>\n<li><a href=\"https:\/\/news.google.com\/rss\/articles\/CBMiQEFVX3lxTFAyM3ZhUWZBbzhsZDV1X2VXOUc2Vm4yU21oYzVGa2t1bG5JX0NXODhOZ3J6NlR2MjhYOXgyckJHUGQ?oc=5\" target=\"_blank\" rel=\"nofollow noopener\">N\u00e4in Banksyn teokset maalataan uudestaan Turkua varten<\/a>&nbsp;&nbsp;ts.fi<\/li>\n<\/ol>\n","protected":false},"excerpt":{"rendered":"T\u00e4lt\u00e4 n\u00e4ytt\u00e4\u00e4 Banksya fanittava el\u00e4myshalli \u2013 kuraattori kertoo, mihin rahat menev\u00e4t&nbsp;&nbsp;ts.fi Maailman suurin Banksy-n\u00e4yttely avautuu Turussa \u2013 j\u00e4rjest\u00e4j\u00e4lt\u00e4&hellip;\n","protected":false},"author":2,"featured_media":223459,"comment_status":"","ping_status":"","sticky":false,"template":"","format":"standard","meta":{"footnotes":"","_share_on_mastodon":"0"},"categories":[135],"tags":[389,387,388,390,137,33,31,30,8810,28867,108,967,28702,32,394,393,391,392,1667,662,109],"class_list":["post-223458","post","type-post","status-publish","format-standard","has-post-thumbnail","category-taiteet-ja-suunnittelu","tag-arts","tag-arts-and-design","tag-artsanddesign","tag-design","tag-entertainment","tag-fi","tag-finland","tag-finnish","tag-katutaide","tag-kaupunkielama","tag-kulttuuri","tag-nayttelyt","tag-paikalliset","tag-suomi","tag-suunnittelu","tag-taiteet","tag-taiteet-ja-suunnittelu","tag-taiteetsuunnittelu","tag-tapahtumat","tag-turku","tag-viihde"],"share_on_mastodon":{"url":"https:\/\/pubeurope.com\/@fi\/116421356723880922","error":""},"_links":{"self":[{"href":"https:\/\/www.europesays.com\/fi\/wp-json\/wp\/v2\/posts\/223458","targetHints":{"allow":["GET"]}}],"collection":[{"href":"https:\/\/www.europesays.com\/fi\/wp-json\/wp\/v2\/posts"}],"about":[{"href":"https:\/\/www.europesays.com\/fi\/wp-json\/wp\/v2\/types\/post"}],"author":[{"embeddable":true,"href":"https:\/\/www.europesays.com\/fi\/wp-json\/wp\/v2\/users\/2"}],"replies":[{"embeddable":true,"href":"https:\/\/www.europesays.com\/fi\/wp-json\/wp\/v2\/comments?post=223458"}],"version-history":[{"count":0,"href":"https:\/\/www.europesays.com\/fi\/wp-json\/wp\/v2\/posts\/223458\/revisions"}],"wp:featuredmedia":[{"embeddable":true,"href":"https:\/\/www.europesays.com\/fi\/wp-json\/wp\/v2\/media\/223459"}],"wp:attachment":[{"href":"https:\/\/www.europesays.com\/fi\/wp-json\/wp\/v2\/media?parent=223458"}],"wp:term":[{"taxonomy":"category","embeddable":true,"href":"https:\/\/www.europesays.com\/fi\/wp-json\/wp\/v2\/categories?post=223458"},{"taxonomy":"post_tag","embeddable":true,"href":"https:\/\/www.europesays.com\/fi\/wp-json\/wp\/v2\/tags?post=223458"}],"curies":[{"name":"wp","href":"https:\/\/api.w.org\/{rel}","templated":true}]}}