{"id":22395,"date":"2025-09-01T10:14:11","date_gmt":"2025-09-01T10:14:11","guid":{"rendered":"https:\/\/www.europesays.com\/fi\/22395\/"},"modified":"2025-09-01T10:14:11","modified_gmt":"2025-09-01T10:14:11","slug":"elamani-biisin-tahtisolistille-on-annettu-vapautus-yhdesta-genresta","status":"publish","type":"post","link":"https:\/\/www.europesays.com\/fi\/22395\/","title":{"rendered":"El\u00e4m\u00e4ni Biisin t\u00e4htisolistille on annettu vapautus yhdest\u00e4 genrest\u00e4"},"content":{"rendered":"<p class=\"ingress\">Uudella El\u00e4m\u00e4ni Biisi -viihdeohjelman kaudella n\u00e4hd\u00e4\u00e4n kolme uutta artistia.<\/p>\n<p>Musiikkiohjelma El\u00e4m\u00e4ni Biisi palaa ruutuihin lauantaina 13. syyskuuta. Seitsem\u00e4nnell\u00e4 tuotantokaudella t\u00e4htisolistien eli <strong>Diandran<\/strong>,<strong>\u00a0JP Lepp\u00e4luodon<\/strong>,\u00a0<strong>Lauri Mikkolan\u00a0<\/strong>ja\u00a0<strong>Suvi Ter\u00e4sniskan<\/strong> joukkoon liittyy kolme uutta artistia: <strong>Markku Aro<\/strong>,\u00a0<strong>Henri Piispanen\u00a0<\/strong>ja<strong>\u00a0Johanna Rauma<\/strong>.<\/p>\n<p>Mit\u00e4 he odottavat uudelta kaudelta?<\/p>\n<p><strong>Lue my\u00f6s Kotiliesi.fi: <\/strong><a href=\"https:\/\/kotiliesi.fi\/ihmiset\/katja-stahl-kasvoi-alkoholistiperheessa\/\" rel=\"nofollow noopener\" target=\"_blank\">Katja St\u00e5hl kasvoi alkoholistiperheess\u00e4, ja sen seurauksena h\u00e4n kannattelee yh\u00e4 muiden tunteita: \u201dKoen omituista h\u00e4t\u00e4\u00e4 siit\u00e4, ettei kenellek\u00e4\u00e4n tule \u00adpaha mieli\u201d<\/a><\/p>\n<p>Soul-muusikko Johanna Rauma odottaa tulevalta kaudelta ennen kaikkea hyv\u00e4\u00e4 musiikkia.<\/p>\n<p>\u201dKun minua kysyttiin mukaan, luulin soiton olevan aprillipila\u201d, Johanna kertoo.<\/p>\n<p>H\u00e4n kuvaa omaa musiikkimakuansa rytmimusiikiksi, johon kuuluvat muun muassa soul, jazz, blues ja funk. Eniten h\u00e4nt\u00e4 j\u00e4nnitt\u00e4isi esitt\u00e4\u00e4 \u201d\u00f6rin\u00e4hevi\u00e4\u201d, mutta tarvittaessa h\u00e4n on valmis ottamaan haasteen vastaan.<\/p>\n<p>Euroviisuesiintyj\u00e4n\u00e4 ja Ryhm\u00e4 Haun \u00e4\u00e4nin\u00e4yttelij\u00e4n\u00e4 tunnettu Henri kertoo j\u00e4nnitt\u00e4v\u00e4ns\u00e4 esityksi\u00e4 juuri sopivasti.<\/p>\n<p>\u201dPit\u00e4\u00e4 tehd\u00e4 biiseille kunniaa, sill\u00e4 ne ovat valitsijoilleen t\u00e4rkeit\u00e4.\u201d<\/p>\n<p>Henrin mielest\u00e4 oman el\u00e4m\u00e4n biisin valitseminen olisi haastavaa, sill\u00e4 suosikkikappaleet riippuvat vahvasti tilanteesta. Voisiko autiolle saarelle ottaa mukaan esimerkiksi t\u00e4m\u00e4nhetkisen lempibiisin, ja kuunnella sit\u00e4 aina uudestaan? H\u00e4nen mielest\u00e4\u00e4n ei.<\/p>\n<p>Henri j\u00e4nnitt\u00e4\u00e4 eniten rap-musiikin esitt\u00e4mist\u00e4. <\/p>\n<p>\u201dSe ei ole yht\u00e4\u00e4n mukavuusalueellani. En tied\u00e4, olisiko se my\u00f6sk\u00e4\u00e4n kenellek\u00e4\u00e4n muulle kivaa kuunneltavaa\u201d, Henri nauraa.<\/p>\n<p>Iskelm\u00e4legenda Markku Aro puolestaan on saanut vapautuksen rap-musiikista genren vaikeuden takia.<\/p>\n<p>\u201dLupaus pit\u00e4\u00e4, ainakin toivottavasti.\u201d<\/p>\n<p>Markku kertoo tulleensa mukaan ohjelmaan halusta p\u00e4\u00e4st\u00e4 ty\u00f6skentelem\u00e4\u00e4n hyv\u00e4n laulajatiimin kanssa. 57 vuotta musiikkia tehnyt Markku odottaa innolla projekteja, jotka tuovat mahdollisuuden kokeilla uutta.<\/p>\n<p><strong>Lue my\u00f6s:<\/strong> <a href=\"https:\/\/anna.fi\/ihmiset\/markku-aro-petti-vaimojaan\" rel=\"nofollow noopener\" target=\"_blank\">Nelj\u00e4tt\u00e4 kertaa naimisissa oleva Markku Aro on tehnyt kivuliaita virheit\u00e4: \u201dOlin paha poika\u201d<\/a><\/p>\n<p>Iskelm\u00e4konkari ei osaisi valita omaa el\u00e4m\u00e4ns\u00e4 biisi\u00e4. <\/p>\n<p>\u201dPitk\u00e4ll\u00e4 uralla on tullut kuunneltua niin paljon musiikkia, ett\u00e4 el\u00e4m\u00e4ni biisej\u00e4 on kertynyt useita.\u201d<\/p>\n<p>    Sinua voi kiinnostaa my\u00f6s:<\/p>\n<ol class=\"read-also__list\">\n<li>\n<p>            <img loading=\"lazy\" decoding=\"async\" class=\"card__image awpo-lqip awpo-lazy\" width=\"2000\" height=\"1270\" src=\"https:\/\/www.europesays.com\/fi\/wp-content\/uploads\/2025\/09\/diandra-hero.jpg\"\/>                <a href=\"https:\/\/anna.fi\/kategoria\/ihmiset\" class=\"card__vignette\" rel=\"nofollow noopener\" target=\"_blank\"><br \/>\n            Ihmiset          <\/a><\/p>\n<p>      <a href=\"https:\/\/anna.fi\/ihmiset\/diandran-ystavapiiri-on-taynna-tunnettuja-nimia-minusta-on-helpottavaa-hengailla-toisten-julkkisten-seurassa\" class=\"card__link-overlay\" rel=\"nofollow noopener\" target=\"_blank\">Diandran yst\u00e4v\u00e4piiri on t\u00e4ynn\u00e4 tunnettuja nimi\u00e4: \u201dMinusta on helpottavaa hengailla toisten julkkisten seurassa\u201d<\/a><\/p>\n<\/li>\n<li>\n<p>            <img loading=\"lazy\" decoding=\"async\" class=\"card__image awpo-lqip awpo-lazy\" width=\"1387\" height=\"866\" src=\"https:\/\/www.europesays.com\/fi\/wp-content\/uploads\/2025\/09\/jpetu.jpg\"\/>                <a href=\"https:\/\/anna.fi\/kategoria\/ihmiset\" class=\"card__vignette\" rel=\"nofollow noopener\" target=\"_blank\"><br \/>\n            Ihmiset          <\/a><\/p>\n<p>      <a href=\"https:\/\/anna.fi\/ihmiset\/jp-leppaluodon-kolmas-lapsi\" class=\"card__link-overlay\" rel=\"nofollow noopener\" target=\"_blank\">Laulaja JP Lepp\u00e4luoto el\u00e4\u00e4 viisikymppisen\u00e4 erilaista arkea kuin moni ik\u00e4toveri \u2212 &#8221;Tekem\u00e4ll\u00e4 tehty&#8221;<\/a><\/p>\n<\/li>\n<li>\n<p>            <img loading=\"lazy\" decoding=\"async\" class=\"card__image awpo-lqip awpo-lazy\" width=\"1343\" height=\"859\" src=\"https:\/\/www.europesays.com\/fi\/wp-content\/uploads\/2025\/09\/suvi.jpg\"\/>                <a href=\"https:\/\/anna.fi\/kategoria\/ihmiset\" class=\"card__vignette\" rel=\"nofollow noopener\" target=\"_blank\"><br \/>\n            Ihmiset          <\/a><\/p>\n<p>      <a href=\"https:\/\/anna.fi\/ihmiset\/suvi-terasniskan-joulukiertue\" class=\"card__link-overlay\" rel=\"nofollow noopener\" target=\"_blank\">Suvi Ter\u00e4sniskan mukaan &#8221;aplodit loppuvat kotiovelle&#8221; \u2212 sen paljastaa keskimm\u00e4isen lapsen huoleton tokaisu<\/a><\/p>\n<\/li>\n<\/ol>\n","protected":false},"excerpt":{"rendered":"Uudella El\u00e4m\u00e4ni Biisi -viihdeohjelman kaudella n\u00e4hd\u00e4\u00e4n kolme uutta artistia. Musiikkiohjelma El\u00e4m\u00e4ni Biisi palaa ruutuihin lauantaina 13. syyskuuta. Seitsem\u00e4nnell\u00e4&hellip;\n","protected":false},"author":2,"featured_media":22396,"comment_status":"","ping_status":"","sticky":false,"template":"","format":"standard","meta":{"footnotes":""},"categories":[136],"tags":[407,2632,137,33,31,30,408,47,2311,32,109],"class_list":{"0":"post-22395","1":"post","2":"type-post","3":"status-publish","4":"format-standard","5":"has-post-thumbnail","7":"category-julkkikset","8":"tag-celebrities","9":"tag-elamani-biisi","10":"tag-entertainment","11":"tag-fi","12":"tag-finland","13":"tag-finnish","14":"tag-julkkikset","15":"tag-musiikki","16":"tag-suomalaiset-laulajat","17":"tag-suomi","18":"tag-viihde"},"share_on_mastodon":{"url":"","error":""},"_links":{"self":[{"href":"https:\/\/www.europesays.com\/fi\/wp-json\/wp\/v2\/posts\/22395","targetHints":{"allow":["GET"]}}],"collection":[{"href":"https:\/\/www.europesays.com\/fi\/wp-json\/wp\/v2\/posts"}],"about":[{"href":"https:\/\/www.europesays.com\/fi\/wp-json\/wp\/v2\/types\/post"}],"author":[{"embeddable":true,"href":"https:\/\/www.europesays.com\/fi\/wp-json\/wp\/v2\/users\/2"}],"replies":[{"embeddable":true,"href":"https:\/\/www.europesays.com\/fi\/wp-json\/wp\/v2\/comments?post=22395"}],"version-history":[{"count":0,"href":"https:\/\/www.europesays.com\/fi\/wp-json\/wp\/v2\/posts\/22395\/revisions"}],"wp:featuredmedia":[{"embeddable":true,"href":"https:\/\/www.europesays.com\/fi\/wp-json\/wp\/v2\/media\/22396"}],"wp:attachment":[{"href":"https:\/\/www.europesays.com\/fi\/wp-json\/wp\/v2\/media?parent=22395"}],"wp:term":[{"taxonomy":"category","embeddable":true,"href":"https:\/\/www.europesays.com\/fi\/wp-json\/wp\/v2\/categories?post=22395"},{"taxonomy":"post_tag","embeddable":true,"href":"https:\/\/www.europesays.com\/fi\/wp-json\/wp\/v2\/tags?post=22395"}],"curies":[{"name":"wp","href":"https:\/\/api.w.org\/{rel}","templated":true}]}}