{"id":224318,"date":"2026-04-18T18:13:11","date_gmt":"2026-04-18T18:13:11","guid":{"rendered":"https:\/\/www.europesays.com\/fi\/224318\/"},"modified":"2026-04-18T18:13:11","modified_gmt":"2026-04-18T18:13:11","slug":"tornionjoessa-palaa-saari-lappi","status":"publish","type":"post","link":"https:\/\/www.europesays.com\/fi\/224318\/","title":{"rendered":"Tornionjoessa palaa saari | Lappi"},"content":{"rendered":"<p class=\"aw-1gybjub aw-5vja16 kEtdKx kmuxyA yle__article__paragraph\">Pelastuslaitos ei yrit\u00e4 aktiivisesti sammuttaa paloa, vaan antaa sen palaa kokonaan.<\/p>\n<p><img decoding=\"async\" alt=\"Karttaan merkitty Tornio ja Karunki.\" src=\"https:\/\/www.europesays.com\/fi\/wp-content\/uploads\/2026\/04\/39-162960369e3bf2103857.jpeg\" class=\"aw-1l9m598 hKVVvP\"\/><\/p>\n<p>Avaa kuvien katselu<\/p>\n<p>Tuli on syttynyt Tornionjoessa sijaitsevassa Likasaaressa, Karungin kyl\u00e4n kohdalla. Kuva: Leena Luotio \/ Yle, Mapcreator, OpenStreetMap<\/p>\n<p class=\"aw-1gybjub aw-1p7kakr kEtdKx cEmitX yle__article__paragraph\">Lapissa palaa Tornionjoessa saari, kertoo Lapin pelastuslaitos tiedotteessa. Palava Likasaari sijaitsee Karungin kyl\u00e4n kohdalla.<\/p>\n<p class=\"aw-1gybjub aw-1p7kakr kEtdKx cEmitX yle__article__paragraph\">H\u00e4lytys palosta tuli pelastuslaitokselle noin kahtakymment\u00e4 vaille seitsem\u00e4n illalla.<\/p>\n<p class=\"aw-1gybjub aw-1p7kakr kEtdKx cEmitX yle__article__paragraph\">Pelastuslaitos ei yrit\u00e4 aktiivisesti sammuttaa paloa, vaan antaa saaren palaa kokonaan. Paloa valvotaan sen varalta, ettei se levi\u00e4 toisiin saariin tai mantereelle.<\/p>\n<p class=\"aw-1gybjub aw-1p7kakr kEtdKx cEmitX yle__article__paragraph\">Palosta muodostuu paljon savua alueelle. Alueella on voimassa maastopalovaroitus.<\/p>\n","protected":false},"excerpt":{"rendered":"Pelastuslaitos ei yrit\u00e4 aktiivisesti sammuttaa paloa, vaan antaa sen palaa kokonaan. Avaa kuvien katselu Tuli on syttynyt Tornionjoessa&hellip;\n","protected":false},"author":2,"featured_media":224319,"comment_status":"","ping_status":"","sticky":false,"template":"","format":"standard","meta":{"footnotes":"","_share_on_mastodon":"0"},"categories":[12],"tags":[22,23,26,27,33,31,30,17,71,667,24,25,3350,32775,28,29,15,837,18,21,32,19,20,1728,6110,16],"class_list":["post-224318","post","type-post","status-publish","format-standard","has-post-thumbnail","category-suomi","tag-breaking-news","tag-breakingnews","tag-featured-news","tag-featurednews","tag-fi","tag-finland","tag-finnish","tag-headlines","tag-kotimaa","tag-lappi","tag-latest-news","tag-latestnews","tag-maastopalot","tag-maastopalovaroitus","tag-main-news","tag-mainnews","tag-news","tag-onnettomuudet","tag-otsikot","tag-paauutiset","tag-suomi","tag-top-stories","tag-topstories","tag-tornionjoki","tag-tulipalojen-sammuttaminen","tag-uutiset"],"share_on_mastodon":{"url":"https:\/\/pubeurope.com\/@fi\/116427070595456992","error":""},"_links":{"self":[{"href":"https:\/\/www.europesays.com\/fi\/wp-json\/wp\/v2\/posts\/224318","targetHints":{"allow":["GET"]}}],"collection":[{"href":"https:\/\/www.europesays.com\/fi\/wp-json\/wp\/v2\/posts"}],"about":[{"href":"https:\/\/www.europesays.com\/fi\/wp-json\/wp\/v2\/types\/post"}],"author":[{"embeddable":true,"href":"https:\/\/www.europesays.com\/fi\/wp-json\/wp\/v2\/users\/2"}],"replies":[{"embeddable":true,"href":"https:\/\/www.europesays.com\/fi\/wp-json\/wp\/v2\/comments?post=224318"}],"version-history":[{"count":0,"href":"https:\/\/www.europesays.com\/fi\/wp-json\/wp\/v2\/posts\/224318\/revisions"}],"wp:featuredmedia":[{"embeddable":true,"href":"https:\/\/www.europesays.com\/fi\/wp-json\/wp\/v2\/media\/224319"}],"wp:attachment":[{"href":"https:\/\/www.europesays.com\/fi\/wp-json\/wp\/v2\/media?parent=224318"}],"wp:term":[{"taxonomy":"category","embeddable":true,"href":"https:\/\/www.europesays.com\/fi\/wp-json\/wp\/v2\/categories?post=224318"},{"taxonomy":"post_tag","embeddable":true,"href":"https:\/\/www.europesays.com\/fi\/wp-json\/wp\/v2\/tags?post=224318"}],"curies":[{"name":"wp","href":"https:\/\/api.w.org\/{rel}","templated":true}]}}