{"id":224348,"date":"2026-04-18T19:00:11","date_gmt":"2026-04-18T19:00:11","guid":{"rendered":"https:\/\/www.europesays.com\/fi\/224348\/"},"modified":"2026-04-18T19:00:11","modified_gmt":"2026-04-18T19:00:11","slug":"natalie-portman-odottaa-kolmatta-lastaan-hollywood-tahti-raskaana","status":"publish","type":"post","link":"https:\/\/www.europesays.com\/fi\/224348\/","title":{"rendered":"Natalie Portman odottaa kolmatta lastaan \u2013 Hollywood-t\u00e4hti raskaana"},"content":{"rendered":"<p>            AOP\n        <\/p>\n<p class=\"subtitle \">Hollywood-t\u00e4hti odottaa kolmatta lastaan.<\/p>\n<p class=\"article-content article-content-width !bg-background\">Oscar-palkittu irlantilais-yhdysvaltalainen n\u00e4yttelij\u00e4t\u00e4hti , 44, on raskaana.\u00a0<\/p>\n<p class=\"font-weight-bold m-font-weight-bold article-content article-content-width !bg-background\">Katso my\u00f6s! N\u00e4m\u00e4 Hollywood-t\u00e4hdet ovat sukua suomalaisille:<\/p>\n<p class=\"article-content article-content-width !bg-background\">Asiasta ensimm\u00e4isen\u00e4 uutisoi jenkkilehti<a href=\"https:\/\/www.harpersbazaar.com\/celebrity\/a71052648\/natalie-portman-third-pregnancy-interview-2026\/\" target=\"_blank\" rel=\"nofollow noopener\">\u00a0Harbers Bazaar<\/a>.<\/p>\n<p>Iltat\u00e4hti!<\/p>\n<p class=\"article-content article-content-width !bg-background\">Muun muassa roolisuorituksistaan elokuvissa Leon, Iholla ja Black Swan tunnettava Natalie odottaa kolmatta lastaan. N\u00e4yttelij\u00e4t\u00e4hdell\u00e4 on jo entuudestaan\u00a0on 14-vuotias\u00a0-poika ja 9-vuotias-tyt\u00e4r aiemmasta avioliitostaan tanssija-koreografi  kanssa.\u00a0<\/p>\n<p>        <a itemprop=\"url\" href=\"https:\/\/www.seiska.fi\/kotimaa\/sanna-marin-viiletti-hollywoodista-kallion-baariin-kuva-seiskassa\/1159695\" rel=\"nofollow noopener\" target=\"_blank\"><\/p>\n<p class=\"section-date\">\n        <strong class=\"article-section\" data-section=\"kotimaa\"><br \/>\n            kotimaa<br \/>\n        <\/strong><br \/>\n        12.10.2023 06:30\n    <\/p>\n<p>Sanna Marin viiletti Hollywoodista Kallion baariin \u2013 kuva Seiskassa!\n    <\/p>\n<p itemprop=\"description\" class=\"subtitle \">\n    Suihkuseurapiirien t\u00e4ytt\u00e4m\u00e4 edustusviikko p\u00e4\u00e4ttyi viime lauantaina Helsingiss\u00e4 sijaitsevaan kalliolaiseen trendibaariin.\n<\/p>\n<p>        <\/a><\/p>\n<p class=\"article-content article-content-width !bg-background\">Tuleva pienokainen on Natalien ja h\u00e4nen nykyisen kumppaninsa, musiikkituottajana tunnettavan , 45, ensimm\u00e4inen yhteinen lapsi. Tanguy tunnetaan paremmin taiteilijanimell\u00e4\u00e4n Tepr.<\/p>\n<p class=\"article-content article-content-width !bg-background\"> \u2013 Olemme todella innoissamme. Olen my\u00f6s todella kiitollinen, sill\u00e4 tied\u00e4n, ett\u00e4 t\u00e4m\u00e4 on suuri etuoikeus ja ihme, Natalie hehkutti lehdelle. <\/p>\n<p>&#8221;Minulla on enemm\u00e4n energiaa kuin luulin!&#8221;<\/p>\n<p class=\"article-content article-content-width !bg-background\">Natalie hehkuttaa voivansa hyvin. Vaikka edellisest\u00e4 raskaudesta on aikaa jo liki 10 vuotta, tuntuu vauvan odottaminen edelleen samalta kuin silloin.<\/p>\n<p class=\"article-content article-content-width !bg-background\"> \u2013 Minulla on enemm\u00e4n energiaa, kuin luulin! Natalie tokaisee.<\/p>\n<p class=\"article-content article-content-width !bg-background\">Hyvinvointiaan tukeviksin teoiksi h\u00e4n listaa uimisen, selk\u00e4rangan terveytt\u00e4 edist\u00e4v\u00e4t gyrotonic-harjoitukset sek\u00e4 h\u00e4nen lastensa kanssa puuhailun.<\/p>\n<p>        <a itemprop=\"url\" href=\"https:\/\/www.seiska.fi\/kotimaa\/hollywoodin-huippustylisti-arahtaa-miss-suomi-kisan-tuloksista-olisi-ollut-ehdottomasti-parhain-valinta\/1135255\" rel=\"nofollow noopener\" target=\"_blank\"><\/p>\n<p class=\"section-date\">\n        <strong class=\"article-section\" data-section=\"kotimaa\"><br \/>\n            kotimaa<br \/>\n        <\/strong><br \/>\n        12.9.2023 08:26\n    <\/p>\n<p>Hollywoodin huippustylisti \u00e4r\u00e4ht\u00e4\u00e4 Miss Suomi -kisan tuloksista: &#8221;Olisi ollut ehdottomasti parhain valinta&#8230;&#8221;\n    <\/p>\n<p itemprop=\"description\" class=\"subtitle \">\n    Meikkitaiteilija ja stylisti Riku Campo olisi suonut toisen missin voittavan kisan. \u2013 Todella grande katastrof!\n<\/p>\n<p>        <\/a><\/p>\n<p class=\"article-content article-content-width !bg-background\">Natalie perheineen asuvat jenkkien ja Ranskan v\u00e4lill\u00e4. Natalie kertoo kuitenkin nauttivansa t\u00e4ll\u00e4 hetkell\u00e4 eritoten ajastaan kev\u00e4isess\u00e4 Pariisissa.<\/p>\n","protected":false},"excerpt":{"rendered":"AOP Hollywood-t\u00e4hti odottaa kolmatta lastaan. Oscar-palkittu irlantilais-yhdysvaltalainen n\u00e4yttelij\u00e4t\u00e4hti , 44, on raskaana.\u00a0 Katso my\u00f6s! N\u00e4m\u00e4 Hollywood-t\u00e4hdet ovat sukua&hellip;\n","protected":false},"author":2,"featured_media":224349,"comment_status":"","ping_status":"","sticky":false,"template":"","format":"standard","meta":{"footnotes":"","_share_on_mastodon":"0"},"categories":[130],"tags":[32778,137,33,31,30,4169,212,4143,2443,32,32777,109],"class_list":["post-224348","post","type-post","status-publish","format-standard","has-post-thumbnail","category-viihde","tag-benjamin-millepied","tag-entertainment","tag-fi","tag-finland","tag-finnish","tag-hollywood","tag-lifestyle","tag-natalie-portman","tag-raskaus","tag-suomi","tag-tanguy-destable","tag-viihde"],"share_on_mastodon":{"url":"https:\/\/pubeurope.com\/@fi\/116427255088975098","error":""},"_links":{"self":[{"href":"https:\/\/www.europesays.com\/fi\/wp-json\/wp\/v2\/posts\/224348","targetHints":{"allow":["GET"]}}],"collection":[{"href":"https:\/\/www.europesays.com\/fi\/wp-json\/wp\/v2\/posts"}],"about":[{"href":"https:\/\/www.europesays.com\/fi\/wp-json\/wp\/v2\/types\/post"}],"author":[{"embeddable":true,"href":"https:\/\/www.europesays.com\/fi\/wp-json\/wp\/v2\/users\/2"}],"replies":[{"embeddable":true,"href":"https:\/\/www.europesays.com\/fi\/wp-json\/wp\/v2\/comments?post=224348"}],"version-history":[{"count":0,"href":"https:\/\/www.europesays.com\/fi\/wp-json\/wp\/v2\/posts\/224348\/revisions"}],"wp:featuredmedia":[{"embeddable":true,"href":"https:\/\/www.europesays.com\/fi\/wp-json\/wp\/v2\/media\/224349"}],"wp:attachment":[{"href":"https:\/\/www.europesays.com\/fi\/wp-json\/wp\/v2\/media?parent=224348"}],"wp:term":[{"taxonomy":"category","embeddable":true,"href":"https:\/\/www.europesays.com\/fi\/wp-json\/wp\/v2\/categories?post=224348"},{"taxonomy":"post_tag","embeddable":true,"href":"https:\/\/www.europesays.com\/fi\/wp-json\/wp\/v2\/tags?post=224348"}],"curies":[{"name":"wp","href":"https:\/\/api.w.org\/{rel}","templated":true}]}}