{"id":22455,"date":"2025-09-01T11:47:10","date_gmt":"2025-09-01T11:47:10","guid":{"rendered":"https:\/\/www.europesays.com\/fi\/22455\/"},"modified":"2025-09-01T11:47:10","modified_gmt":"2025-09-01T11:47:10","slug":"teuvo-loman-avioituu-kolmannen-kerran-muistatko-kohutut-ex-miehet","status":"publish","type":"post","link":"https:\/\/www.europesays.com\/fi\/22455\/","title":{"rendered":"Teuvo Loman avioituu kolmannen kerran \u2013 muistatko kohutut ex-miehet?"},"content":{"rendered":"<p>            Seiskan arkisto\n        <\/p>\n<p class=\"subtitle \">Pitk\u00e4n linjan viihdejulkkis py\u00f6rsi rakkausp\u00e4\u00e4t\u00f6ksens\u00e4.<\/p>\n<p class=\"article-content article-content-width !bg-background\">Alkujaan vaatesuunnittelijana, meikkaajana sek\u00e4 laulajana tutuksi tullut nykyinen sisustussuunnittelija , 63, tekee sen taas: lauantaina Teuvosta tulee j\u00e4lleen ukkomies.<\/p>\n<p class=\"article-content article-content-width !bg-background\">Kyseess\u00e4 on Teuvon kolmas avioliitto ja mies on viihdevuosiensa aikana vannonut moneen kertaan, ettei en\u00e4\u00e4 avioidu. Nyt mieli on muuttunut.<\/p>\n<p>                <img decoding=\"async\" src=\"https:\/\/www.europesays.com\/fi\/wp-content\/uploads\/2025\/09\/1917005.webp\" width=\"576\" height=\"322\" alt=\"Teuvon ja Ahmetin rakkaus on kest\u00e4nyt jo vuosikymmenen.\" loading=\"lazy\" \/>            <\/p>\n<p>\n            Teuvon ja Ahmetin rakkaus on kest\u00e4nyt jo vuosikymmenen.<br \/>\n            ATTE KAJOVA\n        <\/p>\n<p>        <a itemprop=\"url\" href=\"https:\/\/www.seiska.fi\/kotimaa\/miss-suomen-kansallisasusta-nousi-alakka-muistatko-nama-kohut-pikku-myy-peuransarvet-marimekko\/1503881\" rel=\"nofollow noopener\" target=\"_blank\"><\/p>\n<p class=\"section-date\">\n        <strong class=\"article-section\" data-section=\"kotimaa\"><br \/>\n            kotimaa<br \/>\n        <\/strong><br \/>\n        3.11.2024 09:00\n    <\/p>\n<p>    Miss Suomen kansallisasusta nousi \u00e4l\u00e4kk\u00e4 \u2013 muistatko n\u00e4m\u00e4 kohut? Pikku Myy, peuransarvet, Marimekko\u2026<\/p>\n<p itemprop=\"description\" class=\"subtitle \">\n    Jopa palkittu tekstiilitaiteilija p\u00f6yristyi Matilda Wirtavuoren Miss Universumin kansallisasusta, mutta my\u00f6s takavuosina edustusasuja on haukuttu vuolaasti.\n<\/p>\n<p>        <\/a><\/p>\n<p class=\"article-content article-content-width !bg-background\">\u2013 Kyll\u00e4 min\u00e4 uskon edelleen avioliittoon. En osaa verrata aikaisempiin kertoihin t\u00e4t\u00e4, kun el\u00e4n kuitenkin vain t\u00e4ss\u00e4 hetkess\u00e4, Teuvo filosofoi h\u00e4\u00e4viikon tunnelmiaan.<\/p>\n<p>Tuttu h\u00e4\u00e4vieras<\/p>\n<p class=\"article-content article-content-width !bg-background\">Avioituminen juhlistaa samalla my\u00f6s Teuvon ja puolisonsa  kymmenvuotista suhdetta.<\/p>\n<p class=\"article-content article-content-width !bg-background\">\u2013 On t\u00e4ss\u00e4 oltu jo sen verran yhdess\u00e4, ett\u00e4 nyt pit\u00e4\u00e4kin jo avioitua. Valmisteluja en ole juurikaan tehnyt, kun niit\u00e4 varten on omat h\u00e4\u00e4j\u00e4rjestelij\u00e4t hankittuna, Teuvo kertoo ja paljastaa, ett\u00e4 lauantain h\u00e4\u00e4juhlassa esiintyy muun muassa kestosuosikki .<\/p>\n<p>        <a itemprop=\"url\" href=\"https:\/\/www.seiska.fi\/kotimaa\/teuvo-lomanin-yllatys-palaan-laulajaksi\/1125902\" rel=\"nofollow noopener\" target=\"_blank\"><\/p>\n<p class=\"section-date\">\n        <strong class=\"article-section\" data-section=\"kotimaa\"><br \/>\n            kotimaa<br \/>\n        <\/strong><br \/>\n        31.8.2023 18:00\n    <\/p>\n<p>    Teuvo Lomanin yll\u00e4tys: Palaan laulajaksi!<\/p>\n<p itemprop=\"description\" class=\"subtitle \">\n    Sisustussuunnittelijana ty\u00f6skentelev\u00e4 Teuvo Loman ty\u00f6st\u00e4\u00e4 j\u00e4lleen musiikkia.\n<\/p>\n<p>        <\/a><\/p>\n<p class=\"font-weight-bold m-font-weight-bold article-content article-content-width !bg-background\">Ohessa kokoelma Teuvon tutuista rakkaista vuosien varrelta.<\/p>\n<p>                <img decoding=\"async\" src=\"https:\/\/www.europesays.com\/fi\/wp-content\/uploads\/2025\/09\/1917089.webp\" width=\"576\" height=\"720\" alt=\"Teuvo ja Ahmet juhlivat vanhalla ylioppilastalolla 2018.\" loading=\"lazy\" \/>            <\/p>\n<p>\n            Teuvo ja Ahmet juhlivat vanhalla ylioppilastalolla 2018.<br \/>\n            Seiskan arkisto\n        <\/p>\n<p>                <img decoding=\"async\" src=\"https:\/\/www.europesays.com\/fi\/wp-content\/uploads\/2025\/09\/1917017.webp\" width=\"576\" height=\"322\" alt=\"Teuvon ja Niko Heleniuksen liitossa riitti s\u00e4pin\u00e4\u00e4. Kuvassa vuonna 2016 Playboy-tunnelmissa.\" loading=\"lazy\" \/>            <\/p>\n<p>\n            Teuvon ja Niko Heleniuksen liitossa riitti s\u00e4pin\u00e4\u00e4. Kuvassa vuonna 2016 Playboy-tunnelmissa.<br \/>\n            Seiskan arkisto\n        <\/p>\n<p>                <img decoding=\"async\" src=\"https:\/\/www.europesays.com\/fi\/wp-content\/uploads\/2025\/09\/1917013.webp\" width=\"576\" height=\"720\" alt=\"Niko Helenius ja Teuvo olivat v\u00e4rik\u00e4s pari Helsingin y\u00f6ss\u00e4. Rakkaus kantoi 12 vuotta.\" loading=\"lazy\" \/>            <\/p>\n<p>\n            Niko Helenius ja Teuvo olivat v\u00e4rik\u00e4s pari Helsingin y\u00f6ss\u00e4. Rakkaus kantoi 12 vuotta.<br \/>\n            Seiskan arkisto\n        <\/p>\n<p>                <img decoding=\"async\" src=\"https:\/\/www.europesays.com\/fi\/wp-content\/uploads\/2025\/09\/1917011.webp\" width=\"576\" height=\"322\" alt=\"Vuonna 2002 Teuvo viihtyi puolisonsa Jevgeni Mamochokin kanssa Ranskan rivieralla. Samana vuonna solmittu avioliitto kesti vain vuoden.\" loading=\"lazy\" \/>            <\/p>\n<p>\n            Vuonna 2002 Teuvo viihtyi puolisonsa Jevgeni Mamochokin kanssa Ranskan rivieralla. Samana vuonna solmittu avioliitto kesti vain vuoden.<br \/>\n            Seiskan arkisto\n        <\/p>\n<p>                <img decoding=\"async\" src=\"https:\/\/www.europesays.com\/fi\/wp-content\/uploads\/2025\/09\/1917009.webp\" width=\"576\" height=\"735\" alt=\"Teuvon 40-vuotisp\u00e4iv\u00e4t juhlittiin niinik\u00e4\u00e4n Jevgenin kanssa 2002.\" loading=\"lazy\" \/>            <\/p>\n<p>\n            Teuvon 40-vuotisp\u00e4iv\u00e4t juhlittiin niinik\u00e4\u00e4n Jevgenin kanssa 2002.<br \/>\n            Allerin arkisto\n        <\/p>\n<p>                <img decoding=\"async\" src=\"https:\/\/www.europesays.com\/fi\/wp-content\/uploads\/2025\/09\/1917007.webp\" width=\"576\" height=\"274\" alt=\"Teuvon ja Niko Heleniuksen tavaramerkiksi muodostui yhtenev\u00e4inen pukeutuminen.\" loading=\"lazy\" \/>            <\/p>\n<p>\n            Teuvon ja Niko Heleniuksen tavaramerkiksi muodostui yhtenev\u00e4inen pukeutuminen.<br \/>\n            Seiskan arkisto\n        <\/p>\n<p>        <a itemprop=\"url\" href=\"https:\/\/www.seiska.fi\/kotimaa\/oletpas-sina-lihonut-henna-kalinainen-paljastaa-jaatavan-kohtaamisen-seiskan-kohutuilta-synttareilta-valikohtaus-teuvo-lomanin-kanssa\/231970\" rel=\"nofollow noopener\" target=\"_blank\"><\/p>\n<p class=\"section-date\">\n        <strong class=\"article-section\" data-section=\"kotimaa\"><br \/>\n            kotimaa<br \/>\n        <\/strong><br \/>\n        15.10.2022 07:00\n    <\/p>\n<p>    &#8221;Oletpas sin\u00e4 lihonut&#8221; &#8211; Henna Kalinainen paljastaa j\u00e4\u00e4t\u00e4v\u00e4n kohtaamisen Seiskan kohutuilta syntt\u00e4reilt\u00e4: v\u00e4likohtaus Teuvo Lomanin kanssa<\/p>\n<p>        <\/a><\/p>\n","protected":false},"excerpt":{"rendered":"Seiskan arkisto Pitk\u00e4n linjan viihdejulkkis py\u00f6rsi rakkausp\u00e4\u00e4t\u00f6ksens\u00e4. Alkujaan vaatesuunnittelijana, meikkaajana sek\u00e4 laulajana tutuksi tullut nykyinen sisustussuunnittelija , 63,&hellip;\n","protected":false},"author":2,"featured_media":22456,"comment_status":"","ping_status":"","sticky":false,"template":"","format":"standard","meta":{"footnotes":""},"categories":[136],"tags":[7520,7522,407,137,33,31,30,408,7523,32,7521,109,7524],"class_list":{"0":"post-22455","1":"post","2":"type-post","3":"status-publish","4":"format-standard","5":"has-post-thumbnail","7":"category-julkkikset","8":"tag-ahmet","9":"tag-avioituminen","10":"tag-celebrities","11":"tag-entertainment","12":"tag-fi","13":"tag-finland","14":"tag-finnish","15":"tag-julkkikset","16":"tag-meiju-suvas","17":"tag-suomi","18":"tag-teuvo-loman","19":"tag-viihde","20":"tag-viihdejulkkis"},"share_on_mastodon":{"url":"","error":""},"_links":{"self":[{"href":"https:\/\/www.europesays.com\/fi\/wp-json\/wp\/v2\/posts\/22455","targetHints":{"allow":["GET"]}}],"collection":[{"href":"https:\/\/www.europesays.com\/fi\/wp-json\/wp\/v2\/posts"}],"about":[{"href":"https:\/\/www.europesays.com\/fi\/wp-json\/wp\/v2\/types\/post"}],"author":[{"embeddable":true,"href":"https:\/\/www.europesays.com\/fi\/wp-json\/wp\/v2\/users\/2"}],"replies":[{"embeddable":true,"href":"https:\/\/www.europesays.com\/fi\/wp-json\/wp\/v2\/comments?post=22455"}],"version-history":[{"count":0,"href":"https:\/\/www.europesays.com\/fi\/wp-json\/wp\/v2\/posts\/22455\/revisions"}],"wp:featuredmedia":[{"embeddable":true,"href":"https:\/\/www.europesays.com\/fi\/wp-json\/wp\/v2\/media\/22456"}],"wp:attachment":[{"href":"https:\/\/www.europesays.com\/fi\/wp-json\/wp\/v2\/media?parent=22455"}],"wp:term":[{"taxonomy":"category","embeddable":true,"href":"https:\/\/www.europesays.com\/fi\/wp-json\/wp\/v2\/categories?post=22455"},{"taxonomy":"post_tag","embeddable":true,"href":"https:\/\/www.europesays.com\/fi\/wp-json\/wp\/v2\/tags?post=22455"}],"curies":[{"name":"wp","href":"https:\/\/api.w.org\/{rel}","templated":true}]}}