{"id":22461,"date":"2025-09-01T11:55:08","date_gmt":"2025-09-01T11:55:08","guid":{"rendered":"https:\/\/www.europesays.com\/fi\/22461\/"},"modified":"2025-09-01T11:55:08","modified_gmt":"2025-09-01T11:55:08","slug":"etelapohjalaislahtoinen-hunks-tanssija-janne-rauhala-on-kuollut-ilkka-pohjalainen","status":"publish","type":"post","link":"https:\/\/www.europesays.com\/fi\/22461\/","title":{"rendered":"Etel\u00e4pohjalaisl\u00e4ht\u00f6inen Hunks-tanssija Janne Rauhala on kuollut &#8211; Ilkka-Pohjalainen"},"content":{"rendered":"<ol>\n<li><a href=\"https:\/\/news.google.com\/rss\/articles\/CBMixgFBVV95cUxQMFotUG8yMThuUlp2NmVNYkFFOGZ3RTVCcm55VFR1bDl0Zy1DdXZ1ZHpuTlB0YXlRYU5jc29oclJIVTF5aGp0M3JId3JEVVlCVE9CdWI4TmcycEtmZGZtaHhLLW5BdW8zY2xYZVU5V1hlYi1yUHByTlh0R0VfdDlqQnRZUktTRFJJMHdIaVppNjhkVUQ3bGdHVUF2OHZra3pCZ2tGQ0ZHbmZQcGNKM0s5YmJCX29aRXg0T2FYWmotYTBYbXo3U0E?oc=5\" target=\"_blank\" rel=\"nofollow noopener\">Etel\u00e4pohjalaisl\u00e4ht\u00f6inen Hunks-tanssija Janne Rauhala on kuollut<\/a>&nbsp;&nbsp;Ilkka-Pohjalainen<\/li>\n<li><a href=\"https:\/\/news.google.com\/rss\/articles\/CBMigwFBVV95cUxNc19JbFZoaG9USEVVclcyclZCc0ZPTDN3bXR3WF9JdXhLWmZuLVhKVXVodUZBaDgxeUItbm9ZZkZvcUFEcnN0dmtJZTZUMnRuTHN4T0xaX1lOeHBsY0YwQ2RnblJxODNadnBmVFl0U1ZPUHNsdXVnc2pGSWxDYmV3Mm0xOA?oc=5\" target=\"_blank\" rel=\"nofollow noopener\">Hunks-t\u00e4hti Janne Rauhala on kuollut<\/a>&nbsp;&nbsp;Iltalehti<\/li>\n<li><a href=\"https:\/\/news.google.com\/rss\/articles\/CBMiW0FVX3lxTE0zYWYtd0RyZkliR0VtczdtNnNMSE1fXzduSnlIQ3N5UUs4eTU4SmE0anNuMkZnZkh3aTlSMGQ5N3R5aEkybnRnTndvVmdsVml0QTNNdTJMQVU0czQ?oc=5\" target=\"_blank\" rel=\"nofollow noopener\">T\u00e4llaiset olivat Janne Rauhalan viimeiset viestit Jani Kokille<\/a>&nbsp;&nbsp;Ilta-Sanomat<\/li>\n<li><a href=\"https:\/\/news.google.com\/rss\/articles\/CBMid0FVX3lxTE1lWE9aUkxBTHVmYzNZRmxqU0ZqOTlER0pWUWZibklsV1g1QWJBTzRuLUFrVW1hOFhNTTVCRjE1d2FzZTk2d3U5OGtudEdxRnR4VTZwcUJvNTl3MG5FY2lQMkczb0F2cnN4dWVNTlh1SFNqbUFNdmQ0?oc=5\" target=\"_blank\" rel=\"nofollow noopener\">Hunks-tanssija Janne Rauhala on kuollut<\/a>&nbsp;&nbsp;Como.fi<\/li>\n<li><a href=\"https:\/\/news.google.com\/rss\/articles\/CBMilAFBVV95cUxPenR4Z2hwUnN0NFVqSkxlZHlCMXFUWGhjdGF6ckh4a2c1Y1RpenphcW91R2hPS2dlQ21VR3Jyc1oweVYwUGRYRFN3czFnd2FUd1dVcl9CVmNZaTlINzNsZVZXQjJQaW9Tbi1GNXBKMmQ4X0J3c0dxcVlMVU5pSjJqejFOcGZvWk12V3NtUFF5cVN1dlN6?oc=5\" target=\"_blank\" rel=\"nofollow noopener\">Veljelt\u00e4 uutta tietoa Hunks-t\u00e4hden kuolemasta<\/a>&nbsp;&nbsp;Seiska.fi<\/li>\n<\/ol>\n","protected":false},"excerpt":{"rendered":"Etel\u00e4pohjalaisl\u00e4ht\u00f6inen Hunks-tanssija Janne Rauhala on kuollut&nbsp;&nbsp;Ilkka-Pohjalainen Hunks-t\u00e4hti Janne Rauhala on kuollut&nbsp;&nbsp;Iltalehti T\u00e4llaiset olivat Janne Rauhalan viimeiset viestit Jani&hellip;\n","protected":false},"author":2,"featured_media":22462,"comment_status":"","ping_status":"","sticky":false,"template":"","format":"standard","meta":{"footnotes":""},"categories":[130],"tags":[137,1377,33,31,30,3878,683,4223,32,109],"class_list":{"0":"post-22461","1":"post","2":"type-post","3":"status-publish","4":"format-standard","5":"has-post-thumbnail","7":"category-viihde","8":"tag-entertainment","9":"tag-etela-pohjanmaa","10":"tag-fi","11":"tag-finland","12":"tag-finnish","13":"tag-julkisuuden-henkilot","14":"tag-kuolema","15":"tag-kuolleet","16":"tag-suomi","17":"tag-viihde"},"share_on_mastodon":{"url":"","error":""},"_links":{"self":[{"href":"https:\/\/www.europesays.com\/fi\/wp-json\/wp\/v2\/posts\/22461","targetHints":{"allow":["GET"]}}],"collection":[{"href":"https:\/\/www.europesays.com\/fi\/wp-json\/wp\/v2\/posts"}],"about":[{"href":"https:\/\/www.europesays.com\/fi\/wp-json\/wp\/v2\/types\/post"}],"author":[{"embeddable":true,"href":"https:\/\/www.europesays.com\/fi\/wp-json\/wp\/v2\/users\/2"}],"replies":[{"embeddable":true,"href":"https:\/\/www.europesays.com\/fi\/wp-json\/wp\/v2\/comments?post=22461"}],"version-history":[{"count":0,"href":"https:\/\/www.europesays.com\/fi\/wp-json\/wp\/v2\/posts\/22461\/revisions"}],"wp:featuredmedia":[{"embeddable":true,"href":"https:\/\/www.europesays.com\/fi\/wp-json\/wp\/v2\/media\/22462"}],"wp:attachment":[{"href":"https:\/\/www.europesays.com\/fi\/wp-json\/wp\/v2\/media?parent=22461"}],"wp:term":[{"taxonomy":"category","embeddable":true,"href":"https:\/\/www.europesays.com\/fi\/wp-json\/wp\/v2\/categories?post=22461"},{"taxonomy":"post_tag","embeddable":true,"href":"https:\/\/www.europesays.com\/fi\/wp-json\/wp\/v2\/tags?post=22461"}],"curies":[{"name":"wp","href":"https:\/\/api.w.org\/{rel}","templated":true}]}}