{"id":225066,"date":"2026-04-19T15:17:12","date_gmt":"2026-04-19T15:17:12","guid":{"rendered":"https:\/\/www.europesays.com\/fi\/225066\/"},"modified":"2026-04-19T15:17:12","modified_gmt":"2026-04-19T15:17:12","slug":"kimmo-kirves-kuvasi-vuosikausia-iranissa-tavallista-elamaa-han-ei-tieda-paaseeko-koskaan-palaamaan-maahan-kotimaa","status":"publish","type":"post","link":"https:\/\/www.europesays.com\/fi\/225066\/","title":{"rendered":"Kimmo Kirves kuvasi vuosikausia Iranissa tavallista el\u00e4m\u00e4\u00e4 \u2013 h\u00e4n ei tied\u00e4, p\u00e4\u00e4seek\u00f6 koskaan palaamaan maahan | Kotimaa"},"content":{"rendered":"<p class=\"aw-1gybjub aw-5vja16 kEtdKx kmuxyA yle__article__paragraph\">Joensuulainen Kimmo Kirves on solminut Iranin kuvausmatkoilla vuosia kest\u00e4neit\u00e4 yst\u00e4vyys\u00adsuhteita. H\u00e4n yritt\u00e4\u00e4 pit\u00e4\u00e4 yhteytt\u00e4 sotaa k\u00e4yv\u00e4\u00e4n maahan.<\/p>\n<p><img decoding=\"async\" alt=\"Punaiseen fleece-paitaan pukeutunut mies seisoo taiden\u00e4yttelyss\u00e4 valokuvateosten edess\u00e4.\" src=\"https:\/\/www.europesays.com\/fi\/wp-content\/uploads\/2026\/04\/39-162826769e0bdeed53c8.jpeg\" class=\"aw-1l9m598 hKVVvP\"\/><\/p>\n<p>Avaa kuvien katselu<\/p>\n<p>Kimmo Kirves kertoo, ett\u00e4 matkustaminen Iraniin oli alunperin h\u00e4nen yst\u00e4v\u00e4ns\u00e4 ehdotus. Kuva: Pauliina Tolvanen \/ Yle<\/p>\n<ul class=\"aw-1jjocuh iJTSwP yle__article__list yle__article__list--ul\">\n<li class=\"aw-1j7gwms gNYKfi\">Joensuulainen valokuvaaja Kimmo Kirves on vuosien aikana luonut l\u00e4heisen suhteen Iraniin ja sen ihmisiin.<\/li>\n<li class=\"aw-1j7gwms gNYKfi\">H\u00e4nen valokuvansa n\u00e4ytt\u00e4v\u00e4t uutisista poikkeavaa kuvaa iranilaisesta arjesta, juhlasta ja vieraanvaraisuudesta.<\/li>\n<li class=\"aw-1j7gwms gNYKfi\">Nyt Kirves seuraa Suomesta k\u00e4sin huolestuneena yst\u00e4viens\u00e4 el\u00e4m\u00e4\u00e4 sodan keskell\u00e4, eik\u00e4 yhteydenpito onnistu kunnolla.<\/li>\n<\/ul>\n<p class=\"aw-1gybjub aw-1p7kakr kEtdKx cEmitX yle__article__paragraph\">Valokuvassa on iranilainen perhe lattialla ruokailemassa. <strong class=\"aw-ak79eh KyCXm yle__article__strong\">Kimmo Kirves<\/strong> osoittaa lautasta kuvan nurkassa.<\/p>\n<p class=\"aw-1gybjub aw-1p7kakr kEtdKx cEmitX yle__article__paragraph\">\u2013 Tuossa on minun lautaseni.<\/p>\n<p class=\"aw-1gybjub aw-1p7kakr kEtdKx cEmitX yle__article__paragraph\">Toisessa valokuvassa on iranilainen perhe piknikill\u00e4. J\u00e4lleen kuvan reunassa on ylim\u00e4\u00e4r\u00e4inen lautanen. Suomalainen kuvaaja on kutsuttu sy\u00f6m\u00e4\u00e4n.<\/p>\n<p class=\"aw-1gybjub aw-1p7kakr kEtdKx cEmitX yle__article__paragraph\">Joensuulainen Kimmo Kirves on pitk\u00e4n linjan valokuvaaja. H\u00e4n on tehnyt Iraniin useita kuvausmatkoja ja onnistunut p\u00e4\u00e4sem\u00e4\u00e4n sis\u00e4\u00e4n suljettuun yhteiskuntaan.<\/p>\n<p class=\"aw-1gybjub aw-1p7kakr kEtdKx cEmitX yle__article__paragraph\">Nyt Kirves seuraa Suomesta k\u00e4sin, miten h\u00e4nen iranilaiset yst\u00e4v\u00e4ns\u00e4 el\u00e4v\u00e4t sodan keskell\u00e4.<\/p>\n<p class=\"aw-1gybjub aw-1p7kakr kEtdKx cEmitX yle__article__paragraph\"><strong class=\"aw-ak79eh KyCXm yle__article__strong\">Kirveen valokuvat Iranista poikkeavat monella tapaa maassa otetuista uutiskuvista. Videolla Kirves esittelee vuonna 2024 ottamaansa kuvaa.<\/strong><\/p>\n<p>Video: Pauliina Tolvanen \/ YleYhteydenpito Iraniin on vaikeaa<\/p>\n<p class=\"aw-1gybjub aw-1p7kakr kEtdKx cEmitX yle__article__paragraph\">Iran joutui sotaan helmikuun lopussa, kun Yhdysvallat ja Israel hy\u00f6kk\u00e4siv\u00e4t maahan. Yle seuraa sodan k\u00e4\u00e4nteit\u00e4 <a class=\"aw-iao6s4 iHOxEa yle__article__link\" href=\"https:\/\/yle.fi\/a\/74-20212869\" role=\"link\" rel=\"nofollow noopener\" target=\"_blank\">t\u00e4ss\u00e4 artikkelissa.<\/a><\/p>\n<p class=\"aw-1gybjub aw-1p7kakr kEtdKx cEmitX yle__article__paragraph\">Jo ennen sotaa Iranissa oli n\u00e4hty mellakoita, kun hirmuhallintoon tyytym\u00e4tt\u00f6m\u00e4t kansalaiset l\u00e4htiv\u00e4t kaduille.<\/p>\n<p class=\"aw-1gybjub aw-1p7kakr kEtdKx cEmitX yle__article__paragraph\">Hallinto vastasi ottamalla k\u00e4ytt\u00f6\u00f6n pikakuolemantuomiot <a class=\"aw-iao6s4 iHOxEa yle__article__link\" href=\"https:\/\/yle.fi\/a\/74-20204257\" role=\"link\" rel=\"nofollow noopener\" target=\"_blank\">protestien tukahduttamiseksi<\/a>.<\/p>\n<p class=\"aw-1gybjub aw-1p7kakr kEtdKx cEmitX yle__article__paragraph\">\u2013 Luvut teloituksista riipaisevat syd\u00e4mest\u00e4 ja aivokuoresta. En tied\u00e4, miten harmaaksi muuttuisin, jos joutuisin todistamaan hirtt\u00e4mist\u00e4, Kimmo Kirves sanoo.<\/p>\n<p><img decoding=\"async\" alt=\"Mies osoittaa k\u00e4sinkirjoitettua teksti\u00e4 vihkossa p\u00f6yd\u00e4n \u00e4\u00e4ress\u00e4. Tekstiss\u00e4 kerrotaan Iranista.\" src=\"https:\/\/www.europesays.com\/fi\/wp-content\/uploads\/2026\/04\/39-162833769e0cad16dc44.jpeg\" loading=\"lazy\" class=\"aw-1l9m598 hKVVvP\"\/><\/p>\n<p>Avaa kuvien katselu<\/p>\n<p>Kimmo Kirveen p\u00e4iv\u00e4kirjamerkint\u00f6j\u00e4 Iranista. P\u00e4\u00e4kaupunki Teheran on haastava py\u00f6r\u00e4ilykaupunki. Kuva: Pauliina Tolvanen \/ Yle<\/p>\n<p class=\"aw-1gybjub aw-1p7kakr kEtdKx cEmitX yle__article__paragraph\">Yhteydenpito yst\u00e4v\u00e4perheeseen on ollut vaikeaa, sill\u00e4 hallinto on rajoittanut viestiyhteyksi\u00e4.<\/p>\n<p class=\"aw-1gybjub aw-1p7kakr kEtdKx cEmitX yle__article__paragraph\">Kirves kertoo saaneensa s\u00e4hk\u00f6posteja ja tekstiviestej\u00e4, joissa kerrotaan lyhyesti kuulumiset. Kaikista asioista ei voi viestitell\u00e4.<\/p>\n<p class=\"aw-1gybjub aw-1p7kakr kEtdKx cEmitX yle__article__paragraph\">\u2013 Jos on Teheranissa sairaalassa t\u00f6iss\u00e4, niin ei niist\u00e4 asioista kirjoitella. Mutta ihmiset k\u00e4yv\u00e4t yh\u00e4 t\u00f6iss\u00e4.<\/p>\n<p>Iranilaisten vieraanvaraisuus teki vaikutuksen<\/p>\n<p class=\"aw-1gybjub aw-1p7kakr kEtdKx cEmitX yle__article__paragraph\">Kimmo Kirves teki ensimm\u00e4isen matkansa Iraniin vuonna 2002. Samana vuonna Iranin v\u00e4itetty ydinaseohjelma paljastui kansainv\u00e4liselle yhteis\u00f6lle.<\/p>\n<p class=\"aw-1gybjub aw-1p7kakr kEtdKx cEmitX yle__article__paragraph\">Kirves muistaa ensimm\u00e4iselt\u00e4 matkaltaan poikkeuksellisen vieraanvaraisuuden ja yhteis\u00f6llisyyden. Iranilaisten tapa suhtautua vieraisiin on my\u00f6s syy, miksi Kirves on palannut maahan kerta toisensa j\u00e4lkeen.<\/p>\n<p class=\"aw-1gybjub aw-1p7kakr kEtdKx cEmitX yle__article__paragraph\"><strong class=\"aw-ak79eh KyCXm yle__article__strong\">Kirves liikkuu matkoillaan polkupy\u00f6r\u00e4ll\u00e4, mik\u00e4 her\u00e4tt\u00e4\u00e4 uteliaisuutta ja saa ihmiset kutsumaan h\u00e4net teelle.<\/strong><\/p>\n<p>Video: Pauliina Tolvanen \/ Yle<\/p>\n<p class=\"aw-1gybjub aw-1p7kakr kEtdKx cEmitX yle__article__paragraph\">Kirves kuvaa matkoillaan pienell\u00e4 kameralla, joka ei her\u00e4t\u00e4 liikaa huomiota. H\u00e4n kertoo antavansa kuvasta vedoksen muistoksi, jos se vain on mahdollista.<\/p>\n<p class=\"aw-1gybjub aw-1p7kakr kEtdKx cEmitX yle__article__paragraph\">\u2013 Ihmisten suhtautuminen muuttuu, kun heid\u00e4n kanssaan viett\u00e4\u00e4 enemm\u00e4n aikaa. En olekaan en\u00e4\u00e4 outo ulkomaalainen vaan suomalainen sukulaispoika, joka kuuluu perheeseen.<\/p>\n<p class=\"aw-1gybjub aw-1p7kakr kEtdKx cEmitX yle__article__paragraph\">Luottamus n\u00e4kyy Kirveen ottamissa valokuvissa. H\u00e4n on p\u00e4\u00e4ssyt esimerkiksi mukaan kotibileisiin, joissa soitetaan rumpua ja tanssitaan.<\/p>\n<p class=\"aw-1gybjub aw-1p7kakr kEtdKx cEmitX yle__article__paragraph\">Julkinen tanssiminen on Iranissa kielletty\u00e4.<\/p>\n<p class=\"aw-1gybjub aw-1p7kakr kEtdKx cEmitX yle__article__paragraph\">\u2013 Uutisissa unohtuu, ett\u00e4 Iranissakin kodeissa elet\u00e4\u00e4n ihan tavallista el\u00e4m\u00e4\u00e4. Sy\u00f6d\u00e4\u00e4n ja juhlitaan.<\/p>\n<p><img decoding=\"async\" alt=\"Mies katsoo mustavalkoista valokuvaa, jossa kolme huivip\u00e4ist\u00e4 naista pit\u00e4\u00e4 kiinni polkupy\u00f6r\u00e4st\u00e4.\" src=\"https:\/\/www.europesays.com\/fi\/wp-content\/uploads\/2026\/04\/39-162826869e0bdef3e710.jpeg\" loading=\"lazy\" class=\"aw-1l9m598 hKVVvP\"\/><\/p>\n<p>Avaa kuvien katselu<\/p>\n<p>Iranin lis\u00e4ksi Kimmo Kirves on tehnyt kuvausmatkoja muun muassa It\u00e4-Timoriin ja Gr\u00f6nlantiin.Kirves ei tied\u00e4, p\u00e4\u00e4seek\u00f6 en\u00e4\u00e4 Iraniin<\/p>\n<p class=\"aw-1gybjub aw-1p7kakr kEtdKx cEmitX yle__article__paragraph\">Kimmo Kirves kertoo k\u00e4yneens\u00e4 Iranissa \u201dalle kymmenen kertaa\u201d.<\/p>\n<p class=\"aw-1gybjub aw-1p7kakr kEtdKx cEmitX yle__article__paragraph\">Ep\u00e4tarkkuus johtuu Kirveen mukaan siit\u00e4, ett\u00e4 osa matkoista on ollut vain pikaisia k\u00e4yntej\u00e4. Osa vierailuista on kest\u00e4nyt kuukausia.<\/p>\n<p class=\"aw-1gybjub aw-1p7kakr kEtdKx cEmitX yle__article__paragraph\">Viimeisin matka oli syksyll\u00e4 2024, jolloin Kirves py\u00f6r\u00e4ili Iranissa pari kuukautta.<\/p>\n<p class=\"aw-1gybjub aw-1p7kakr kEtdKx cEmitX yle__article__paragraph\">Kirves ei osaa sanoa, viel\u00e4k\u00f6 h\u00e4n p\u00e4\u00e4see k\u00e4ym\u00e4\u00e4n maassa.<\/p>\n<p class=\"aw-1gybjub aw-1p7kakr kEtdKx cEmitX yle__article__paragraph\">Jotta matkustaminen olisi turvallista, sodan pit\u00e4isi loppua ja levottomuuksien laantua. Lis\u00e4ksi oman kunnon pit\u00e4\u00e4 olla hyv\u00e4, jotta matkaan voi l\u00e4hte\u00e4. Kirves el\u00e4k\u00f6ityi sanomalehti Karjalaisesta vuonna 2022.<\/p>\n<p class=\"aw-1gybjub aw-1p7kakr kEtdKx cEmitX yle__article__paragraph\">Yhdest\u00e4 asiasta Kirves on kuitenkin vakuuttunut. Sota tai vanhoillinen islamistijohto ei kykene tuhoamaan Iranin kulttuuria.<\/p>\n<p class=\"aw-1gybjub aw-1p7kakr kEtdKx cEmitX yle__article__paragraph\">\u2013 Siell\u00e4 on omalaatuisen sitke\u00e4 kulttuuri.<\/p>\n<p><img decoding=\"async\" alt=\"\" src=\"https:\/\/www.europesays.com\/fi\/wp-content\/uploads\/2026\/04\/39-162378169d6346103659.jpeg\" class=\"aw-1l9m598 hKVVvP\"\/><\/p>\n","protected":false},"excerpt":{"rendered":"Joensuulainen Kimmo Kirves on solminut Iranin kuvausmatkoilla vuosia kest\u00e4neit\u00e4 yst\u00e4vyys\u00adsuhteita. H\u00e4n yritt\u00e4\u00e4 pit\u00e4\u00e4 yhteytt\u00e4 sotaa k\u00e4yv\u00e4\u00e4n maahan. Avaa&hellip;\n","protected":false},"author":2,"featured_media":225067,"comment_status":"","ping_status":"","sticky":false,"template":"","format":"standard","meta":{"footnotes":"","_share_on_mastodon":"0"},"categories":[135],"tags":[389,387,388,390,137,33,31,30,3648,1133,4258,71,1255,1137,32,394,393,391,392,11399,2365,109],"class_list":["post-225066","post","type-post","status-publish","format-standard","has-post-thumbnail","category-taiteet-ja-suunnittelu","tag-arts","tag-arts-and-design","tag-artsanddesign","tag-design","tag-entertainment","tag-fi","tag-finland","tag-finnish","tag-iran","tag-joensuu","tag-konfliktit","tag-kotimaa","tag-lieksa","tag-pohjois-karjala","tag-suomi","tag-suunnittelu","tag-taiteet","tag-taiteet-ja-suunnittelu","tag-taiteetsuunnittelu","tag-valokuvaajat","tag-valokuvaus","tag-viihde"],"share_on_mastodon":{"url":"https:\/\/pubeurope.com\/@fi\/116432040860115215","error":""},"_links":{"self":[{"href":"https:\/\/www.europesays.com\/fi\/wp-json\/wp\/v2\/posts\/225066","targetHints":{"allow":["GET"]}}],"collection":[{"href":"https:\/\/www.europesays.com\/fi\/wp-json\/wp\/v2\/posts"}],"about":[{"href":"https:\/\/www.europesays.com\/fi\/wp-json\/wp\/v2\/types\/post"}],"author":[{"embeddable":true,"href":"https:\/\/www.europesays.com\/fi\/wp-json\/wp\/v2\/users\/2"}],"replies":[{"embeddable":true,"href":"https:\/\/www.europesays.com\/fi\/wp-json\/wp\/v2\/comments?post=225066"}],"version-history":[{"count":0,"href":"https:\/\/www.europesays.com\/fi\/wp-json\/wp\/v2\/posts\/225066\/revisions"}],"wp:featuredmedia":[{"embeddable":true,"href":"https:\/\/www.europesays.com\/fi\/wp-json\/wp\/v2\/media\/225067"}],"wp:attachment":[{"href":"https:\/\/www.europesays.com\/fi\/wp-json\/wp\/v2\/media?parent=225066"}],"wp:term":[{"taxonomy":"category","embeddable":true,"href":"https:\/\/www.europesays.com\/fi\/wp-json\/wp\/v2\/categories?post=225066"},{"taxonomy":"post_tag","embeddable":true,"href":"https:\/\/www.europesays.com\/fi\/wp-json\/wp\/v2\/tags?post=225066"}],"curies":[{"name":"wp","href":"https:\/\/api.w.org\/{rel}","templated":true}]}}