{"id":225076,"date":"2026-04-19T15:28:11","date_gmt":"2026-04-19T15:28:11","guid":{"rendered":"https:\/\/www.europesays.com\/fi\/225076\/"},"modified":"2026-04-19T15:28:11","modified_gmt":"2026-04-19T15:28:11","slug":"sotku-syvenee-ja-soppa-sakenee-usan-ja-iranin-aselepo-uhkaa-loppua-keskiviikkona-ilman-tietoa-jatkosta-uutissuomalainen-2","status":"publish","type":"post","link":"https:\/\/www.europesays.com\/fi\/225076\/","title":{"rendered":"&#8221;Sotku syvenee ja soppa sakenee&#8221; \u2013 USA:n ja Iranin aselepo uhkaa loppua keskiviikkona ilman tietoa jatkosta | Uutissuomalainen"},"content":{"rendered":"<p>Yhdysvaltain ja Iranin v\u00e4linen kahden viikon aselepo uhkaa raueta keskiviikkona ilman tietoa jatkosta. Iranin parlamentin puhemies Mohammad Bagher Ghalibaf sanoi, ett\u00e4 rauhanneuvotteluissa on edistytty, mutta sopimus on yh\u00e4 kaukana.<\/p>\n<p>Lauantaina Iranin vallankumouskaarti ilmoitti sulkeneensa j\u00e4lleen Hormuzinsalmen siihen asti, ett\u00e4 Yhdysvallat lopettaa ilmoittamansa iranilaisten satamien saarron. Mahdollisuudet neuvotteluratkaisun l\u00f6ytymiseen n\u00e4ytt\u00e4v\u00e4t ep\u00e4varmoilta.<\/p>\n<p>\u2013\u2009Kyll\u00e4 se nyt aikamoisessa lukossa on, arvioi Ulkopoliittisen instituutin vieraileva johtava asiantuntija Olli Ruohom\u00e4ki.<\/p>\n<p>Ruohom\u00e4ki arvioi neuvottelujen tilannetta STT:lle sunnuntaina puhelimitse paluumatkaltaan Turkista Antalyan <a href=\"https:\/\/antalyadf.org\/en\/adf-2026-2\/\" rel=\"nofollow noopener\" target=\"_blank\">diplomatian foorumista<\/a>, jossa L\u00e4hi-id\u00e4n tilanne oli p\u00e4\u00e4llimm\u00e4isi\u00e4 puheenaiheita.<\/p>\n<p>Asiantuntijan mukaan neuvottelutilanteen tulkintaa vaikeuttaa se, ett\u00e4 Iranin siviilihallinto ei ole lopullinen vallank\u00e4ytt\u00e4j\u00e4. P\u00e4\u00e4t\u00f6kset n\u00e4ytt\u00e4\u00e4 tekev\u00e4n asevoimia ja yhteiskuntaa dominoiva vallankumouskaarti. Ruohom\u00e4en mukaan Iranissa ovat nyt kovemman linjan voimat vallassa kuin ennen Yhdysvaltain ja Israelin helmikuussa k\u00e4ynnist\u00e4m\u00e4\u00e4 hy\u00f6kk\u00e4yssotaa.<\/p>\n<p>\u2013\u2009N\u00e4ytt\u00e4\u00e4 silt\u00e4, ett\u00e4 kovan linjan edustajat Iranissa, eli kaarti, nyt m\u00e4\u00e4rittelev\u00e4t seuraavat askelmerkit. Siviilipuolella ulkoministeri\u00f6ll\u00e4 ja muilla neuvotteluissa mukana olleilla ei ole paljonkaan sanavaltaa.<\/p>\n<p>Iran ei hevill\u00e4 luovu Hormuzinsalmella kirist\u00e4misest\u00e4, koska se on ty\u00f6kalu, jolla se voi tehokkaasti painostaa Yhdysvaltoja.<\/p>\n<p>\u2013\u2009Kun he ovat nyt keksineet t\u00e4m\u00e4n kiristysruuvin, ett\u00e4 t\u00e4ll\u00e4h\u00e4n Iran voi s\u00e4\u00e4t\u00e4\u00e4 l\u00e4mp\u00f6tilaa samalla tavalla kuin Yhdysvallat, niin nyt ollaan kyll\u00e4 sellaisessa sopassa, ett\u00e4 vaikeaa on, Ruohom\u00e4ki jatkaa.<\/p>\n<p>Neuvotteluja vaikeuttaa Ruohom\u00e4en mukaan se, ett\u00e4 sek\u00e4 Yhdysvalloilla ett\u00e4 Iranilla on paljon sis\u00e4politiikkaa peliss\u00e4. Osapuolten v\u00e4lill\u00e4 on my\u00f6s valtava luottamuspulan kuilu. Yhdysvallat oli jo neuvottelemassa Iranin kanssa silloin, kun maa p\u00e4\u00e4tti helmikuussa hy\u00f6k\u00e4t\u00e4.<\/p>\n<p>\t\t\t\tNeuvottelut ainoa ulosp\u00e4\u00e4sytie<\/p>\n<p>Yhdysvalloilla ei k\u00e4yt\u00e4nn\u00f6ss\u00e4 ole muita vaihtoehtoja kuin l\u00f6yt\u00e4\u00e4 neuvotteluratkaisu, Ruohom\u00e4ki sanoo. Hormuzinsalmea ei ole mahdollista pit\u00e4\u00e4 voimakeinoilla auki ilman valtavaa maahy\u00f6kk\u00e4yst\u00e4 Iraniin, mik\u00e4 ei ole Yhdysvaltain presidentti Donald Trumpin hallinnolle poliittisesti toteuttamiskelpoinen hanke.<\/p>\n<p>\u2013\u2009T\u00e4ss\u00e4 on kaksi tapaa ratkaista. Toinen on, ett\u00e4 Yhdysvallat tekee massiivisen maainvaasion, kaataa Teheranin hallinnon ja ottaa salmen kokonaisuudessaan kontrolliin. \u2013 Se on aika ep\u00e4todenn\u00e4k\u00f6ist\u00e4. Toinen tie ratkaisuun on neuvottelu ja diplomatia.<\/p>\n<p>Iran voi jatkaa Hormuzinsalmen liikenteell\u00e4 kirist\u00e4mist\u00e4 niin kauan, kuin se pystyy edes satunnaisesti ampumaan alueen laivoja drooneilla tai tykkiveneill\u00e4\u00e4n, jolloin vakuutusyhti\u00f6t ja varustamot eiv\u00e4t uskalla sallia alusten liikkumista alueella.<\/p>\n<p>\u2013\u2009Toki voimalla Yhdysvallat pystyy avaamaan salmen, siit\u00e4 ei ole kahta sanaa, mutta miten varmistetaan, ettei Iranin kaarti k\u00e4yt\u00e4 erilaisia ep\u00e4symmetrisen sodank\u00e4ynnin muotoja iske\u00e4kseen liikenteeseen? Varustamojen n\u00e4k\u00f6kulmasta se n\u00e4ytt\u00e4\u00e4 aika mahdottomalta.<\/p>\n<p>\t\t\t\tSulkeutuuko toinenkin salmi?<\/p>\n<p>Kriisi voi laajentua toiseenkin t\u00e4rke\u00e4\u00e4n salmeen. Viikonloppuna Iranin tukemat Jemenin huthit uhkasivat sulkea Bab al-Mandebin salmen, joka yhdist\u00e4\u00e4 Punaisenmeren Adeninlahteen ja Arabianmereen.<\/p>\n<p>Hormuzinsalmen tapaan se on elint\u00e4rke\u00e4 v\u00e4yl\u00e4 kansainv\u00e4liselle kaupalle, sill\u00e4 kaiken Suezin kanavan kautta kulkevan V\u00e4limeren ja Arabianmeren v\u00e4lisen liikenteen on ment\u00e4v\u00e4 Jemenin edustalta. Ruohom\u00e4ki pit\u00e4\u00e4 t\u00e4ysin mahdollisena sit\u00e4, ett\u00e4 kriisi levi\u00e4\u00e4 toiseenkin salmeen, mink\u00e4 vuoksi tilanteen ratkaisun yritt\u00e4minen sotilaallisella voimalla on lyhytn\u00e4k\u00f6ist\u00e4.<\/p>\n<p>\u2013\u2009Yleens\u00e4 kun on siirtoja, niin sitten on vastasiirtoja. \u2013 Kyll\u00e4 siin\u00e4 vaan tarvitaan neuvotteluja ja diplomatiaa, mutta se on raskas ja pitk\u00e4piim\u00e4inen tie. Riitt\u00e4\u00e4k\u00f6 osapuolilla k\u00e4rsiv\u00e4llisyytt\u00e4? Iranilla ehk\u00e4 riitt\u00e4\u00e4, mutta riitt\u00e4\u00e4k\u00f6 Yhdysvalloilla ja Trumpilla?<\/p>\n<p>\t\t\t\tPitk\u00e4 matka kest\u00e4v\u00e4\u00e4n sopuun<\/p>\n<p>Yhdysvaltain hallinto on saanut havaita, ett\u00e4 Iran on luonteeltaan aivan erilainen vastustaja kuin Venezuela, jonka hallintoon Yhdysvaltojen onnistui vaikuttaa yksinkertaisella sotilasoperaatiolla, jossa presidentti Nicolas Maduro siepattiin.<\/p>\n<p>Trumpin hallinnon toiveissa n\u00e4ytti olevan, ett\u00e4 Iranin korkeimman johtajan Ali Khamenein surma sodan alussa olisi vaikuttanut samalla tavalla, mutta n\u00e4in ei k\u00e4ynyt. Iranin vallankumouskaarti on Ruohom\u00e4en mukaan &#8221;monip\u00e4inen Hydra&#8221;, jota ei voi tappaa p\u00e4\u00e4n katkaisulla.<\/p>\n<p>\u2013\u2009Sotku syvenee ja soppa sakenee. \u2013 T\u00e4ll\u00e4 on v\u00e4hint\u00e4\u00e4nkin yht\u00e4 kovat vaikutukset maailmanpolitiikkaan kuin Ven\u00e4j\u00e4n hy\u00f6kk\u00e4yssodalla Ukrainaan, ja me olemme vasta t\u00e4m\u00e4n konfliktin alkumetreill\u00e4. T\u00e4st\u00e4 on kyll\u00e4 pitk\u00e4 matka ennen kuin mit\u00e4\u00e4n kest\u00e4v\u00e4\u00e4 sopua syntyy.<\/p>\n","protected":false},"excerpt":{"rendered":"Yhdysvaltain ja Iranin v\u00e4linen kahden viikon aselepo uhkaa raueta keskiviikkona ilman tietoa jatkosta. Iranin parlamentin puhemies Mohammad Bagher&hellip;\n","protected":false},"author":2,"featured_media":225077,"comment_status":"","ping_status":"","sticky":false,"template":"","format":"standard","meta":{"footnotes":"","_share_on_mastodon":"0"},"categories":[14],"tags":[22,23,585,26,27,33,31,30,17,667,24,25,28,29,15,18,21,142,637,144,2305,32,19,20,56,16,59,60,61,4461],"class_list":["post-225076","post","type-post","status-publish","format-standard","has-post-thumbnail","category-ulkomaat","tag-breaking-news","tag-breakingnews","tag-donald-trump","tag-featured-news","tag-featurednews","tag-fi","tag-finland","tag-finnish","tag-headlines","tag-lappi","tag-latest-news","tag-latestnews","tag-main-news","tag-mainnews","tag-news","tag-otsikot","tag-paauutiset","tag-poliitikot","tag-politiikka","tag-presidentti","tag-puheenaiheet","tag-suomi","tag-top-stories","tag-topstories","tag-ulkomaat","tag-uutiset","tag-world","tag-world-news","tag-worldnews","tag-yrittaja"],"share_on_mastodon":{"url":"https:\/\/pubeurope.com\/@fi\/116432083587691140","error":""},"_links":{"self":[{"href":"https:\/\/www.europesays.com\/fi\/wp-json\/wp\/v2\/posts\/225076","targetHints":{"allow":["GET"]}}],"collection":[{"href":"https:\/\/www.europesays.com\/fi\/wp-json\/wp\/v2\/posts"}],"about":[{"href":"https:\/\/www.europesays.com\/fi\/wp-json\/wp\/v2\/types\/post"}],"author":[{"embeddable":true,"href":"https:\/\/www.europesays.com\/fi\/wp-json\/wp\/v2\/users\/2"}],"replies":[{"embeddable":true,"href":"https:\/\/www.europesays.com\/fi\/wp-json\/wp\/v2\/comments?post=225076"}],"version-history":[{"count":0,"href":"https:\/\/www.europesays.com\/fi\/wp-json\/wp\/v2\/posts\/225076\/revisions"}],"wp:featuredmedia":[{"embeddable":true,"href":"https:\/\/www.europesays.com\/fi\/wp-json\/wp\/v2\/media\/225077"}],"wp:attachment":[{"href":"https:\/\/www.europesays.com\/fi\/wp-json\/wp\/v2\/media?parent=225076"}],"wp:term":[{"taxonomy":"category","embeddable":true,"href":"https:\/\/www.europesays.com\/fi\/wp-json\/wp\/v2\/categories?post=225076"},{"taxonomy":"post_tag","embeddable":true,"href":"https:\/\/www.europesays.com\/fi\/wp-json\/wp\/v2\/tags?post=225076"}],"curies":[{"name":"wp","href":"https:\/\/api.w.org\/{rel}","templated":true}]}}