{"id":225267,"date":"2026-04-19T20:48:14","date_gmt":"2026-04-19T20:48:14","guid":{"rendered":"https:\/\/www.europesays.com\/fi\/225267\/"},"modified":"2026-04-19T20:48:14","modified_gmt":"2026-04-19T20:48:14","slug":"ymparisto-mantsalan-kunta-huomioi-luonnon-nain-niittotoissa-paikalliset","status":"publish","type":"post","link":"https:\/\/www.europesays.com\/fi\/225267\/","title":{"rendered":"Ymp\u00e4rist\u00f6 | M\u00e4nts\u00e4l\u00e4n kunta huomioi luonnon n\u00e4in niittot\u00f6iss\u00e4 | Paikalliset"},"content":{"rendered":"<p>M\u00e4nts\u00e4l\u00e4n kunnan puistot ja mets\u00e4t j\u00e4tet\u00e4\u00e4n lintujen pesint\u00e4 ajaksi rauhaan ja puiden kaatoja jatketaan syksyll\u00e4.<\/p>\n<p>Kunnan tiedotteen mukaan h\u00e4t\u00e4tapauksissa esimerkiksi myrskyn j\u00e4lkeen poistetaan vaaralliset puut tarvittaessa.<\/p>\n<p>Tiealueiden niitot kunnan hoitamilta alueilta aloitetaan ennen koulujen alkua ja tehd\u00e4\u00e4n kerran kes\u00e4ss\u00e4.<\/p>\n<p><strong class=\"diks-storyline__impact\">T\u00e4n\u00e4<\/strong> vuonna j\u00e4tet\u00e4\u00e4n paikoitellen aiemmin nurmikkona hoidettuja alueita leikkaamatta.<\/p>\n<p>Kaikki avoimet alueet niitet\u00e4\u00e4n alkusyksyst\u00e4, kun kukat ovat kukkineet ja poikaset kasvaneet.<\/p>\n<p>\u2013\u2009N\u00e4in j\u00e4\u00e4 p\u00f6rri\u00e4isille enemm\u00e4n ruokaa, kunta markkinoi.<\/p>\n<p>Kunnan kes\u00e4kukissa on t\u00e4n\u00e4 vuonna paljon p\u00f6rri\u00e4is- ja perhoskasveja. Auringonkukkia kylvet\u00e4\u00e4n niin sanotulle Hankkijan pellolle sek\u00e4 Anttilan puistoon.<\/p>\n<p>Lupiinia niitet\u00e4\u00e4n ennen juhannusta kunnan omilta alueilta.<\/p>\n<p>Juttua p\u00e4ivitetty 16.4.2026 klo 11.40 lis\u00e4\u00e4m\u00e4ll\u00e4 siihen valokuva.<\/p>\n","protected":false},"excerpt":{"rendered":"M\u00e4nts\u00e4l\u00e4n kunnan puistot ja mets\u00e4t j\u00e4tet\u00e4\u00e4n lintujen pesint\u00e4 ajaksi rauhaan ja puiden kaatoja jatketaan syksyll\u00e4. Kunnan tiedotteen mukaan&hellip;\n","protected":false},"author":2,"featured_media":225268,"comment_status":"","ping_status":"","sticky":false,"template":"","format":"standard","meta":{"footnotes":"","_share_on_mastodon":"0"},"categories":[113],"tags":[446,824,33,31,30,32018,6277,72,30482,32007,2370,118,32,119,447],"class_list":["post-225267","post","type-post","status-publish","format-standard","has-post-thumbnail","category-ymparisto","tag-environment","tag-era-ja-luonto","tag-fi","tag-finland","tag-finnish","tag-hyvat-uutiset","tag-lahiluonto","tag-luonto","tag-luontoharrastus","tag-luontoretkeily","tag-mantsala","tag-science","tag-suomi","tag-tiede","tag-ymparisto"],"share_on_mastodon":{"url":"https:\/\/pubeurope.com\/@fi\/116433341913175429","error":""},"_links":{"self":[{"href":"https:\/\/www.europesays.com\/fi\/wp-json\/wp\/v2\/posts\/225267","targetHints":{"allow":["GET"]}}],"collection":[{"href":"https:\/\/www.europesays.com\/fi\/wp-json\/wp\/v2\/posts"}],"about":[{"href":"https:\/\/www.europesays.com\/fi\/wp-json\/wp\/v2\/types\/post"}],"author":[{"embeddable":true,"href":"https:\/\/www.europesays.com\/fi\/wp-json\/wp\/v2\/users\/2"}],"replies":[{"embeddable":true,"href":"https:\/\/www.europesays.com\/fi\/wp-json\/wp\/v2\/comments?post=225267"}],"version-history":[{"count":0,"href":"https:\/\/www.europesays.com\/fi\/wp-json\/wp\/v2\/posts\/225267\/revisions"}],"wp:featuredmedia":[{"embeddable":true,"href":"https:\/\/www.europesays.com\/fi\/wp-json\/wp\/v2\/media\/225268"}],"wp:attachment":[{"href":"https:\/\/www.europesays.com\/fi\/wp-json\/wp\/v2\/media?parent=225267"}],"wp:term":[{"taxonomy":"category","embeddable":true,"href":"https:\/\/www.europesays.com\/fi\/wp-json\/wp\/v2\/categories?post=225267"},{"taxonomy":"post_tag","embeddable":true,"href":"https:\/\/www.europesays.com\/fi\/wp-json\/wp\/v2\/tags?post=225267"}],"curies":[{"name":"wp","href":"https:\/\/api.w.org\/{rel}","templated":true}]}}