{"id":22538,"date":"2025-09-01T13:40:07","date_gmt":"2025-09-01T13:40:07","guid":{"rendered":"https:\/\/www.europesays.com\/fi\/22538\/"},"modified":"2025-09-01T13:40:07","modified_gmt":"2025-09-01T13:40:07","slug":"leverkusen-antoi-erik-ten-hagille-lahtopassit-kahden-liigapelin-jalkeen-urheilu","status":"publish","type":"post","link":"https:\/\/www.europesays.com\/fi\/22538\/","title":{"rendered":"Leverkusen antoi Erik ten Hagille l\u00e4ht\u00f6passit kahden liigapelin j\u00e4lkeen | Urheilu"},"content":{"rendered":"<p>Jalkapallon Saksan Bundesliigassa pelaava Bayer Leverkusen antoi maanantaina p\u00e4\u00e4valmentajalleen Erik ten Hagille potkut vain kahden liigapelin j\u00e4lkeen.<\/p>\n<p>Viime syksyn\u00e4 Manchester Unitedista potkut saanut ten Hag otti kes\u00e4ll\u00e4 valmennusvastuun Leverkusenissa, kun Xabi Alonso siirtyi Real Madridin p\u00e4\u00e4valmentajaksi. Leverkusenin liigataival sai hollantilaisen ten Hagin alaisuudessa surkean alun, sill\u00e4 joukkue h\u00e4visi avauskierroksella Hoffenheimille ja pelasi lauantaina 3\u20133-tasapelin Werder Bremenin vieraana.<\/p>\n<p>\u2013\u2009Pari viime viikkoa ovat n\u00e4ytt\u00e4neet, ettei uuden ja menestyksekk\u00e4\u00e4n joukkueen rakentaminen ole sujunut tehokkaasti, Leverkusenin urheilujohtaja Simon Rolfes perusteli p\u00e4\u00e4t\u00f6st\u00e4 tiedotteessa.<\/p>\n<p>Leverkusen voitti Bundesliigassa toissa kaudella historiansa ensimm\u00e4isen liigamestaruuden ja sijoittui viime kaudella toiseksi. Joukkue uusiutui kes\u00e4ll\u00e4 merkitt\u00e4v\u00e4sti, sill\u00e4 profiilipelaajista esimerkiksi Florian Wirtz, Jeremie Frimpong, Lukas Hradecky ja Granit Xhaka vaihtoivat maisemaa.<\/p>\n","protected":false},"excerpt":{"rendered":"Jalkapallon Saksan Bundesliigassa pelaava Bayer Leverkusen antoi maanantaina p\u00e4\u00e4valmentajalleen Erik ten Hagille potkut vain kahden liigapelin j\u00e4lkeen. Viime&hellip;\n","protected":false},"author":2,"featured_media":22539,"comment_status":"","ping_status":"","sticky":false,"template":"","format":"standard","meta":{"footnotes":""},"categories":[158],"tags":[33,31,30,43,42,41,2959,4288,402,159,32,860,160],"class_list":{"0":"post-22538","1":"post","2":"type-post","3":"status-publish","4":"format-standard","5":"has-post-thumbnail","7":"category-urheilu","8":"tag-fi","9":"tag-finland","10":"tag-finnish","11":"tag-jalkapallo","12":"tag-jalkapalloon-perustuvat-lajit","13":"tag-liikunta-ja-urheilu","14":"tag-madrid","15":"tag-manchester-united-fc","16":"tag-rakentaminen-kiinteistot","17":"tag-sports","18":"tag-suomi","19":"tag-tyoelama","20":"tag-urheilu"},"share_on_mastodon":{"url":"","error":""},"_links":{"self":[{"href":"https:\/\/www.europesays.com\/fi\/wp-json\/wp\/v2\/posts\/22538","targetHints":{"allow":["GET"]}}],"collection":[{"href":"https:\/\/www.europesays.com\/fi\/wp-json\/wp\/v2\/posts"}],"about":[{"href":"https:\/\/www.europesays.com\/fi\/wp-json\/wp\/v2\/types\/post"}],"author":[{"embeddable":true,"href":"https:\/\/www.europesays.com\/fi\/wp-json\/wp\/v2\/users\/2"}],"replies":[{"embeddable":true,"href":"https:\/\/www.europesays.com\/fi\/wp-json\/wp\/v2\/comments?post=22538"}],"version-history":[{"count":0,"href":"https:\/\/www.europesays.com\/fi\/wp-json\/wp\/v2\/posts\/22538\/revisions"}],"wp:featuredmedia":[{"embeddable":true,"href":"https:\/\/www.europesays.com\/fi\/wp-json\/wp\/v2\/media\/22539"}],"wp:attachment":[{"href":"https:\/\/www.europesays.com\/fi\/wp-json\/wp\/v2\/media?parent=22538"}],"wp:term":[{"taxonomy":"category","embeddable":true,"href":"https:\/\/www.europesays.com\/fi\/wp-json\/wp\/v2\/categories?post=22538"},{"taxonomy":"post_tag","embeddable":true,"href":"https:\/\/www.europesays.com\/fi\/wp-json\/wp\/v2\/tags?post=22538"}],"curies":[{"name":"wp","href":"https:\/\/api.w.org\/{rel}","templated":true}]}}