{"id":225466,"date":"2026-04-20T03:28:09","date_gmt":"2026-04-20T03:28:09","guid":{"rendered":"https:\/\/www.europesays.com\/fi\/225466\/"},"modified":"2026-04-20T03:28:09","modified_gmt":"2026-04-20T03:28:09","slug":"kansankappeli-helmi-loukasmaelta-paljastus-arjesta-dannyn-kanssa","status":"publish","type":"post","link":"https:\/\/www.europesays.com\/fi\/225466\/","title":{"rendered":"Kansankappeli: Helmi Loukasm\u00e4elt\u00e4 paljastus arjesta Dannyn kanssa"},"content":{"rendered":"<p>            Timo Korhonen\n        <\/p>\n<p class=\"subtitle \">Helmi nousi kuuluisuuteen Dannyn avustajaneitona, mutta h\u00e4nest\u00e4 on sittemmin tullut iskelm\u00e4t\u00e4hden asuinpartneri.<\/p>\n<p class=\"article-content article-content-width !bg-background\">Musiikintekij\u00e4  juontaa AlfaTV:ll\u00e4 n\u00e4ht\u00e4v\u00e4\u00e4 Ilkka Vainion Kansankappeli -ohjelmaa, jossa h\u00e4nen vieraakseen saapuu vaihtuvia julkisuuden henkil\u00f6it\u00e4.<\/p>\n<p class=\"font-weight-bold m-font-weight-bold article-content article-content-width !bg-background\">Katso video: Danny ja Helmi uima-altaalla<\/p>\n<p class=\"article-content article-content-width !bg-background\">Ohjelman jaksossa vierailemaan saapuivat iskelm\u00e4neuvos , 83, sek\u00e4 h\u00e4nen syd\u00e4nyst\u00e4v\u00e4ns\u00e4 , 25.<\/p>\n<p class=\"article-content article-content-width !bg-background\">Kaksikkoa ei haastateltu samaan aikaan, vaan ensin vuorossa oli Danny, joka muisteli pitk\u00e4sti uraansa ja el\u00e4m\u00e4\u00e4ns\u00e4. Helmin vuoro koitti vasta lopuksi, ja h\u00e4nen osuutensa oli er\u00e4\u00e4nlainen lis\u00e4 Dannyn haastatteluun.<\/p>\n<p>        <a itemprop=\"url\" href=\"https:\/\/www.seiska.fi\/katso\/erotatko-helmi-loukasmakea-kaksoisolennostaan\/1925127\" rel=\"nofollow noopener\" target=\"_blank\"><\/p>\n<p>\nKumpi on kumpi?\n<\/p>\n<p class=\"section-date\">\n        <strong class=\"article-section\" data-section=\"katso\"><br \/>\n            katso<br \/>\n        <\/strong><br \/>\n        10.9.2025 12:13\n    <\/p>\n<p>Erotatko Helmi Loukasm\u00e4ke\u00e4 kaksoisolennostaan?\n    <\/p>\n<p itemprop=\"description\" class=\"subtitle \">\n    Dannyn seuraneitin\u00e4 tunnetulla kaunottarella on kaksoisolento Vain el\u00e4m\u00e4\u00e4 -ohjelmassa.\n<\/p>\n<p>        <\/a><\/p>\n<p class=\"article-content article-content-width !bg-background\">Haastattelunsa alussa Helmi muistelee sit\u00e4 aikaa, kun tapasi Dannyn ensimm\u00e4isen kerran. H\u00e4n tapasi Dannyn t\u00e4m\u00e4n konsertin j\u00e4lkeen Sein\u00e4joella. Muutaman vuoden p\u00e4\u00e4st\u00e4 parivaljakko alkoi pit\u00e4\u00e4 yhteytt\u00e4.<\/p>\n<p class=\"article-content article-content-width !bg-background\"> \u2013 Pikku hiljaa yhteisty\u00f6mme alkoi. Ja t\u00e4ss\u00e4 olemme, Helmi lausuu.<\/p>\n<p class=\"article-content article-content-width !bg-background\"> \u2013 Olemme elelleet yhdess\u00e4. T\u00e4n\u00e4 kev\u00e4\u00e4n\u00e4 tulee kuusi vuotta. Olen p\u00e4\u00e4ssyt n\u00e4kem\u00e4\u00e4n ja oppimaan paljon Dannyn rinnalla, ja olen siit\u00e4 tosi kiitollinen.<\/p>\n<p>Ei murehdita kuolemaa<\/p>\n<p class=\"article-content article-content-width !bg-background\">Ile kysyy haastattelussa, tuntuuko yli 50 vuoden ik\u00e4ero oudolta.<\/p>\n<p class=\"article-content article-content-width !bg-background\"> \u2013 Ei se tunnu oudolta. Mielest\u00e4ni tasapainotamme toisiamme. Danny tiet\u00e4\u00e4 ja osaa sellaisia asioita, joita minun ik\u00e4luokkani ei, ja toisinp\u00e4in, Helmi pohdiskelee.<\/p>\n<p class=\"article-content article-content-width !bg-background\">Yli kahdeksankymppinen Danny on puhellut my\u00f6s el\u00e4m\u00e4n rajallisuudesta. Aihe ei ole tabu my\u00f6sk\u00e4\u00e4n heid\u00e4n huushollissaan.<\/p>\n<p class=\"article-content article-content-width !bg-background\"> \u2013 Olemme puhuneet siit\u00e4 paljon yhdess\u00e4. Danny tuo sit\u00e4 paljon esille, ett\u00e4 on jo ik\u00e4\u00e4, Helmi sanoo.<\/p>\n<p class=\"article-content article-content-width !bg-background\"> \u2013 Koen niin, ett\u00e4 turha keskitty\u00e4 siihen liikaa, ettei mene se el\u00e4m\u00e4, mik\u00e4 on t\u00e4ss\u00e4 ja nyt, sellaiseen murehtimiseen. Danny on kuitenkin tosi hyv\u00e4ss\u00e4 kunnossa, ja kaikki on sill\u00e4 tavalla hyvin. Elet\u00e4\u00e4n, keikkaillaan ja nautitaan nyt.<\/p>\n<p>        <a itemprop=\"url\" href=\"https:\/\/www.seiska.fi\/katso\/farmi-suomen-alkeelliset-olot-olivat-liikaa-dannylle-ei-tama-ole-minua-varten\/1276902\" rel=\"nofollow noopener\" target=\"_blank\"><\/p>\n<p class=\"section-date\">\n        <strong class=\"article-section\" data-section=\"katso\"><br \/>\n            katso<br \/>\n        <\/strong><br \/>\n        21.2.2024 13:45\n    <\/p>\n<p>Farmi Suomen alkeelliset olot olivat liikaa Dannylle: &#8221;Ei t\u00e4m\u00e4 ole minua varten&#8221;\n    <\/p>\n<p itemprop=\"description\" class=\"subtitle \">\n    81-vuotias laulajalegenda ei ollut varma, haluaisiko viett\u00e4\u00e4 el\u00e4m\u00e4ns\u00e4 loppumetrej\u00e4 ohjelman kuvauksissa.\n<\/p>\n<p>        <\/a><\/p>\n<p>&#8221;Yksin minun harteillani&#8221;<\/p>\n<p class=\"article-content article-content-width !bg-background\">Helmi tuli alun perin tunnetuksi Dannyn avustajaneitona, joka auttoi t\u00e4t\u00e4 esimerkiksi arkisissa askareissa. Edelleen jotkin kodinhoitoasiat ovat Helmin vastuulla.<\/p>\n<p class=\"article-content article-content-width !bg-background\"> \u2013 Kyll\u00e4 Danny auttaa, mutta ruoanlaitto on yksin minun harteillani, Helmi my\u00f6nt\u00e4\u00e4.<\/p>\n<p class=\"article-content article-content-width !bg-background\"> \u2013 Ihan mielell\u00e4ni kyll\u00e4 teen, h\u00e4n hym\u00e4ht\u00e4\u00e4.<\/p>\n<p class=\"article-content article-content-width !bg-background\">El\u00e4m\u00e4 ja arki vaikuttavatkin kaksikolla kulkevan tasaisen onnellisesti eteenp\u00e4in.<\/p>\n<p class=\"article-content article-content-width !bg-background\"> \u2013 Paljon yhdess\u00e4 keskustellaan ja kierrell\u00e4\u00e4n keikoilla. On mukavaa olla yhdess\u00e4.\u00a0<\/p>\n<p>        <a itemprop=\"url\" href=\"https:\/\/www.seiska.fi\/katso\/shokkialku-farmi-suomessa-dannylta-yllattava-ilmoitus\/1284562\" rel=\"nofollow noopener\" target=\"_blank\"><\/p>\n<p class=\"section-date\">\n        <strong class=\"article-section\" data-section=\"katso\"><br \/>\n            katso<br \/>\n        <\/strong><br \/>\n        7.3.2024 06:15\n    <\/p>\n<p>Shokkialku Farmi Suomessa \u2013 Dannylta yll\u00e4tt\u00e4v\u00e4 ilmoitus\n    <\/p>\n<p itemprop=\"description\" class=\"subtitle \">\n    Farmi Suomen ensimm\u00e4isess\u00e4 jaksossa kaikki farmilaiset kisaavat jatkopaikasta.\n<\/p>\n<p>        <\/a><\/p>\n<p class=\"italic m-italic article-content article-content-width !bg-background\">Katso Dannyn ja Helmin haastattelu alla olevasta upotuksesta tai <a href=\"https:\/\/www.youtube.com\/watch?v=hSHjS3lGtR4\" target=\"_blank\" rel=\"nofollow noopener\">t\u00e4\u00e4lt\u00e4<\/a>.<\/p>\n","protected":false},"excerpt":{"rendered":"Timo Korhonen Helmi nousi kuuluisuuteen Dannyn avustajaneitona, mutta h\u00e4nest\u00e4 on sittemmin tullut iskelm\u00e4t\u00e4hden asuinpartneri. Musiikintekij\u00e4 juontaa AlfaTV:ll\u00e4 n\u00e4ht\u00e4v\u00e4\u00e4&hellip;\n","protected":false},"author":2,"featured_media":225467,"comment_status":"","ping_status":"","sticky":false,"template":"","format":"standard","meta":{"footnotes":"","_share_on_mastodon":"0"},"categories":[133],"tags":[21828,3579,8967,137,33,31,30,9178,32930,11419,18642,32931,32,206,156,109],"class_list":["post-225466","post","type-post","status-publish","format-standard","has-post-thumbnail","category-televisiot","tag-alfatv","tag-arki","tag-danny","tag-entertainment","tag-fi","tag-finland","tag-finnish","tag-helmi-loukasmaki","tag-ile-vainio","tag-ilkka-lipsanen","tag-ilkka-vainio","tag-ilkka-vainion-kansankappeli","tag-suomi","tag-televisiot","tag-tv","tag-viihde"],"share_on_mastodon":{"url":"https:\/\/pubeurope.com\/@fi\/116434914864201885","error":""},"_links":{"self":[{"href":"https:\/\/www.europesays.com\/fi\/wp-json\/wp\/v2\/posts\/225466","targetHints":{"allow":["GET"]}}],"collection":[{"href":"https:\/\/www.europesays.com\/fi\/wp-json\/wp\/v2\/posts"}],"about":[{"href":"https:\/\/www.europesays.com\/fi\/wp-json\/wp\/v2\/types\/post"}],"author":[{"embeddable":true,"href":"https:\/\/www.europesays.com\/fi\/wp-json\/wp\/v2\/users\/2"}],"replies":[{"embeddable":true,"href":"https:\/\/www.europesays.com\/fi\/wp-json\/wp\/v2\/comments?post=225466"}],"version-history":[{"count":0,"href":"https:\/\/www.europesays.com\/fi\/wp-json\/wp\/v2\/posts\/225466\/revisions"}],"wp:featuredmedia":[{"embeddable":true,"href":"https:\/\/www.europesays.com\/fi\/wp-json\/wp\/v2\/media\/225467"}],"wp:attachment":[{"href":"https:\/\/www.europesays.com\/fi\/wp-json\/wp\/v2\/media?parent=225466"}],"wp:term":[{"taxonomy":"category","embeddable":true,"href":"https:\/\/www.europesays.com\/fi\/wp-json\/wp\/v2\/categories?post=225466"},{"taxonomy":"post_tag","embeddable":true,"href":"https:\/\/www.europesays.com\/fi\/wp-json\/wp\/v2\/tags?post=225466"}],"curies":[{"name":"wp","href":"https:\/\/api.w.org\/{rel}","templated":true}]}}