{"id":225538,"date":"2026-04-20T05:22:15","date_gmt":"2026-04-20T05:22:15","guid":{"rendered":"https:\/\/www.europesays.com\/fi\/225538\/"},"modified":"2026-04-20T05:22:15","modified_gmt":"2026-04-20T05:22:15","slug":"tiina-ja-sirpa-tyoskentelevat-pahamaineisessa-hatamajoituksessa-kertovat-nyt-millaista-tyo-oikeasti-on-paikalliset","status":"publish","type":"post","link":"https:\/\/www.europesays.com\/fi\/225538\/","title":{"rendered":"Tiina ja Sirpa ty\u00f6skentelev\u00e4t pahamaineisessa h\u00e4t\u00e4majoituksessa \u2013 kertovat nyt, millaista ty\u00f6 oikeasti on | Paikalliset"},"content":{"rendered":"<p>Vain kovapintaisimmat selvi\u00e4v\u00e4t, likaa, oksennusta ja ulosteita, kuvottavat olosuhteet.<\/p>\n<p>\t\t\t\t\t<img class=\"diks-card__image\" src=\"https:\/\/www.europesays.com\/fi\/wp-content\/uploads\/2026\/04\/11384944.jpg\"   loading=\"lazy\" decoding=\"sync\" alt=\"\"\/><\/p>\n<p>T\u00e4llaisia otsikoita on n\u00e4kynyt medioissa sen j\u00e4lkeen, kun eduskunnan<a href=\"https:\/\/www.helsinginuutiset.fi\/paikalliset\/9363374\" rel=\"nofollow noopener\" target=\"_blank\"> oikeusasiamies julkisti huomautuksen tuoneen selvityksen<\/a> asunnottomien tilanteesta ja tarkastuskertomuksen Hietaniemen h\u00e4t\u00e4majoituksesta.<\/p>\n<p>Selvityksen mukaan vuonna 2024 vaara- ja uhkatilanneilmoituksia tehtiin 120 kappaletta eli keskim\u00e4\u00e4rin joka kolmas p\u00e4iv\u00e4.<\/p>\n<p><strong class=\"diks-storyline__impact\">Selvityst\u00e4<\/strong> lukiessa her\u00e4\u00e4 kysymys, onko t\u00e4ss\u00e4 Helsingin vaarallisin ty\u00f6paikka?<\/p>\n<p>Kuka haluaa tehd\u00e4 t\u00f6it\u00e4 yh\u00e4 arvaamattomammin k\u00e4ytt\u00e4ytyvien p\u00e4ihteiden k\u00e4ytt\u00e4jien parissa vanhan kerrostalon sokkeloisissa tiloissa?<\/p>\n<p><strong class=\"diks-storyline__impact\">Kaksi <\/strong>Hietaniemen h\u00e4t\u00e4majoituksen ty\u00f6ntekij\u00e4\u00e4 lupautuu kertomaan Helsingin Uutisille ty\u00f6teht\u00e4vist\u00e4\u00e4n sek\u00e4 siit\u00e4, millaisia eettisi\u00e4 ristiriitoja he kohtaavat ty\u00f6ss\u00e4\u00e4n. Samalla he kertovat siit\u00e4, miksi haluavat tehd\u00e4 t\u00f6it\u00e4 juuri asunnottomien parissa.<\/p>\n<p>Ohjaajina talossa toimivat naiset eiv\u00e4t halua olla esill\u00e4 omilla nimill\u00e4\u00e4n. He esiintyv\u00e4t jutussa Tiinana ja Sirpana.<\/p>\n<p>Tiina, 49, on ty\u00f6skennellyt seitsem\u00e4n vuotta Hietaniemen palvelukeskuksessa.<\/p>\n<p>Sirpa, 57, on ty\u00f6skennellyt talossa reilun vuoden.<\/p>\n<p><strong class=\"diks-storyline__impact\">Heti <\/strong>aluksi molemmat naiset toteavat olevansa tyytyv\u00e4isi\u00e4 apulaisoikeusasiamiehen selvitykseen, joka nosti esille erityisesti sen ep\u00e4kohdan, ett\u00e4 h\u00e4t\u00e4majoitukseen tulee hyvin erilaisista ongelmista k\u00e4rsivi\u00e4 ihmisi\u00e4, mik\u00e4 altistaa esimerkiksi taloudelliselle hyv\u00e4ksik\u00e4yt\u00f6lle.<\/p>\n<p>Ongelmaksi todettiin my\u00f6s pitkittynyt majoittuminen v\u00e4liaikaiseksi tarkoitetussa h\u00e4t\u00e4majoituksessa, jonka olosuhteet makuusaleineen ja yhteisvessoineen ja -suihkuineen ovat karut.<\/p>\n<p>\u2013\u2009Tuli sellainen olo, ett\u00e4 meid\u00e4n asiakkaita ja meit\u00e4 ty\u00f6ntekij\u00f6it\u00e4 on nyt kuultu, Tiina toteaa apulaisoikeusasiamiehen tarkastusraportista.<\/p>\n<p><strong class=\"diks-storyline__impact\">Keit\u00e4<\/strong> sitten ovat Hietsun h\u00e4t\u00e4majoituksen asiakkaat?<\/p>\n<p>\u2013 Ihmisi\u00e4, vastaa Tiina ensimm\u00e4iseksi.<\/p>\n<p>\u2013 Ihmisi\u00e4, jotka ovat kokeneet kaikenlaista el\u00e4m\u00e4ss\u00e4. On tapahtunut asioita, ja sitten on tipahdettu tukiverkostoista ja ajauduttu t\u00e4nne, tipahdettu tukiverkoista.<\/p>\n<p>\u2013 Varsinkin h\u00e4t\u00e4majoituksen puolella tuntuu, ett\u00e4 l\u00e4hes kaikilla on traumatausta. Lapsena tai nuorena ei ole ehk\u00e4 saanut tarpeeksi turvaa ja tukea, on joutunut selviytym\u00e4\u00e4n yksin.<\/p>\n<p>\t\t<a class=\"diks-gallery__link\" href=\"https:\/\/i.media.fi\/incoming\/y2jl77\/11398052.jpg\/alternates\/FREE_1440\/11398052.jpg\" data-thumbnail=\"\" data-sub-html=\"Kolme ihmist\u00e4 torkkui Hietaniemen palvelukeskuksen tv-salissa iltap\u00e4iv\u00e4ll\u00e4. Kukaan ei katsonut televisiota. Marjo J. R\u00e4m\u00f6\" aria-label=\"Katso isompi kuva\" rel=\"nofollow noopener\" target=\"_blank\"><br \/>\n\t\t\t\t<img class=\"diks-figure__image\" src=\"https:\/\/www.europesays.com\/fi\/wp-content\/uploads\/2026\/04\/11398052.jpg\" loading=\"lazy\" decoding=\"sync\" alt=\"\"\/><\/p>\n<p>\t\t\t<\/a><br \/>\n\t\t\t\t\tKolme ihmist\u00e4 torkkui Hietaniemen palvelukeskuksen tv-salissa iltap\u00e4iv\u00e4ll\u00e4. Kukaan ei katsonut televisiota. Marjo J. R\u00e4m\u00f6<\/p>\n<p><strong class=\"diks-storyline__impact\">Traumatisoituneella<\/strong> ihmisell\u00e4 on usein mielenterveysongelmia. Jos niihin ei saa oikeaan aikaan hoitoa, ihminen alkaa l\u00e4\u00e4kitsem\u00e4\u00e4n itse\u00e4\u00e4n p\u00e4ihteill\u00e4. Siit\u00e4 alkaa kierre.<\/p>\n<p>On my\u00f6s majoittujia, joiden kohdalla putoaminen tuntuu todella yll\u00e4tt\u00e4v\u00e4lt\u00e4.<\/p>\n<p>\u2013 On ollut perhe, ty\u00f6, asunto, harrastukset ja sitten er\u00e4\u00e4n\u00e4 p\u00e4iv\u00e4n\u00e4 oletkin h\u00e4t\u00e4majoituksessa, Sirpa kertoo.<\/p>\n<p><strong class=\"diks-storyline__impact\">Asiakkaiden<\/strong> ongelmissa n\u00e4kyy iso muutos.<\/p>\n<p>\u2013 Viel\u00e4 seitsem\u00e4n vuotta sitten t\u00e4\u00e4ll\u00e4 oli enemm\u00e4n my\u00f6s niit\u00e4, jotka ovat pelk\u00e4st\u00e4\u00e4n alkoholin k\u00e4ytt\u00e4ji\u00e4. Nyt n\u00e4kyy sekak\u00e4ytt\u00f6. Iso muutos on my\u00f6s se, ett\u00e4 asiakkaat ovat entist\u00e4 nuorempia, Tiina sanoo.<\/p>\n<p><strong class=\"diks-storyline__impact\">Hietaniemen<\/strong> palvelukeskukseen kuuluu 60-paikkainen h\u00e4t\u00e4majoitus ja 52 soluasuntoa tilap\u00e4iseen majoittumiseen.<\/p>\n<p>Talossa ty\u00f6skentelee Tiinan ja Sirpan ohella 17 muuta ohjaajaa, ty\u00f6toiminnan ohjaaja, vastaava ohjaaja, johtaja, kaksi sairaanhoitajaa, l\u00e4\u00e4k\u00e4ri, kaksi sosiaaliohjaaja ja sosiaality\u00f6ntekij\u00e4. Talossa on 1\u20132 vartijaa vuorokauden ymp\u00e4ri.<\/p>\n<p>T\u00f6it\u00e4 tehd\u00e4\u00e4n kolmessa vuorossa.<\/p>\n<p>P\u00e4\u00e4aulan valvomossa otetaan vastaan varauksia seuraavalle y\u00f6lle.<\/p>\n<p>\u2013 Asiakkaat saattavat soittaa tai tulla varamaan paikan itse, tai sitten meille soitetaan erilaista palveluista.<\/p>\n<p>\t\t<a class=\"diks-gallery__link\" href=\"https:\/\/i.media.fi\/incoming\/42w360\/11398932.jpg\/alternates\/FREE_1440\/11398932.jpg\" data-thumbnail=\"\" data-sub-html=\"P\u00e4\u00e4aulan valvomo. Marjo J. R\u00e4m\u00f6\" aria-label=\"Katso isompi kuva\" rel=\"nofollow noopener\" target=\"_blank\"><br \/>\n\t\t\t\t<img class=\"diks-figure__image\" src=\"https:\/\/www.europesays.com\/fi\/wp-content\/uploads\/2026\/04\/11398932.jpg\" loading=\"lazy\" decoding=\"sync\" alt=\"\"\/><\/p>\n<p>\t\t\t<\/a><br \/>\n\t\t\t\t\tP\u00e4\u00e4aulan valvomo. Marjo J. R\u00e4m\u00f6<\/p>\n<p><strong class=\"diks-storyline__impact\">Valvomo <\/strong>on my\u00f6s er\u00e4\u00e4nlainen tietotoimisto, jonka kautta viranomaiset yritt\u00e4v\u00e4t tavoitella ihmisi\u00e4, joilla ei ole puhelinta tai, jotka eiv\u00e4t ole tulleet sovittuihin sosiaali- ja terveyspalveluiden tapaamisiin.<\/p>\n<p>\u2013 Kaikilla ei ole omaa puhelinta.<\/p>\n<p><strong class=\"diks-storyline__impact\">My\u00f6s<\/strong> huolestuneet omaiset soittelevat ja kyselev\u00e4t l\u00e4heistens\u00e4 per\u00e4\u00e4n.<\/p>\n<p>\u2013\u2009Emme voi antaa mit\u00e4\u00e4n tietoja t\u00e4\u00e4ll\u00e4 olevista, Tiina kertoo.<\/p>\n<p>Ty\u00f6ntekij\u00e4 voi ainoastaan ottaa vastaan huolestuneen \u00e4idin soittopyynn\u00f6n p\u00e4ihdekierteess\u00e4 olevalle pojalle, vaikka t\u00e4m\u00e4 nukkuisi siki\u00f6asennossa h\u00e4t\u00e4majoituksen tv-huoneessa.<\/p>\n<p>Tilanne on eettisesti vaikea ty\u00f6ntekij\u00e4llekin.<\/p>\n<p>\u2013\u2009L\u00e4heisten huoli on ihan valtava ja kyll\u00e4h\u00e4n ne kontaktit l\u00e4heisiin ovat tosi t\u00e4rkeit\u00e4, mutta tietoja ei voi antaa, Tiina kuvailee.<\/p>\n<p>\u2013\u2009Ihmisell\u00e4 on oikeus olla kadoksissa, Sirpa lis\u00e4\u00e4.<\/p>\n<p><strong class=\"diks-storyline__impact\">Ohjaajat <\/strong>kiert\u00e4v\u00e4t 3.\u20135. kerroksen asuntoja, joista voi tulla h\u00e4t\u00e4majoituksen asukkaalle ensimm\u00e4inen oma k\u00e4mpp\u00e4 ennen siirtymist\u00e4 esimerkiksi tuettuun asumiseen.<\/p>\n<p>\u2013 Usein ensimm\u00e4isen oman tilan t\u00e4\u00e4lt\u00e4 saaneet nukkuvat aluksi monta vuorokautta. He ovat vain niin v\u00e4syneit\u00e4, Sirpa kuvailee.<\/p>\n<p>Ohjaajat kiert\u00e4v\u00e4t asunnot p\u00e4ivitt\u00e4in kysellen kuulumisia ja j\u00e4rjest\u00e4en pient\u00e4 ohjelmaa.<\/p>\n<p>\t\t<a class=\"diks-gallery__link\" href=\"https:\/\/i.media.fi\/incoming\/jwx9qr\/11398056.jpg\/alternates\/FREE_1440\/11398056.jpg\" data-thumbnail=\"\" data-sub-html=\"Soluasunto on karu, mutta tuo yksityisyytt\u00e4 ja omaa rauhaa. Moni soluasunnon saanut nukkuu ensimm\u00e4iset vuorokaudet. Marjo J. R\u00e4m\u00f6\" aria-label=\"Katso isompi kuva\" rel=\"nofollow noopener\" target=\"_blank\"><br \/>\n\t\t\t\t<img class=\"diks-figure__image\" src=\"https:\/\/www.europesays.com\/fi\/wp-content\/uploads\/2026\/04\/11398056.jpg\" loading=\"lazy\" decoding=\"sync\" alt=\"\"\/><\/p>\n<p>\t\t\t<\/a><br \/>\n\t\t\t\t\tSoluasunto on karu, mutta tuo yksityisyytt\u00e4 ja omaa rauhaa. Moni soluasunnon saanut nukkuu ensimm\u00e4iset vuorokaudet. Marjo J. R\u00e4m\u00f6<\/p>\n<p>\t\t<a class=\"diks-gallery__link\" href=\"https:\/\/i.media.fi\/incoming\/yc6r8q\/11398057.jpg\/alternates\/FREE_1440\/11398057.jpg\" data-thumbnail=\"\" data-sub-html=\"Lautanen, hammasharja ja -tahna ovat valmiina uudelle asukkaalle. Marjo J. R\u00e4m\u00f6\" aria-label=\"Katso isompi kuva\" rel=\"nofollow noopener\" target=\"_blank\"><br \/>\n\t\t\t\t<img class=\"diks-figure__image\" src=\"https:\/\/www.europesays.com\/fi\/wp-content\/uploads\/2026\/04\/11398057.jpg\" loading=\"lazy\" decoding=\"sync\" alt=\"\"\/><\/p>\n<p>\t\t\t<\/a><br \/>\n\t\t\t\t\tLautanen, hammasharja ja -tahna ovat valmiina uudelle asukkaalle. Marjo J. R\u00e4m\u00f6<\/p>\n<p><strong class=\"diks-storyline__impact\">T\u00e4m\u00e4nkin<\/strong> asumismuodon pit\u00e4isi olla v\u00e4liaikainen, mutta osa viett\u00e4\u00e4 alkeellisessa soluasunnossa kuukausia. H\u00e4t\u00e4majoituksen yhteydess\u00e4 oleva &#8221;ensik\u00e4mpp\u00e4&#8221; ei ole otollinen asumismuoto, kun ihminen pyrkii saamaan otetta el\u00e4m\u00e4st\u00e4.<\/p>\n<p>\u2013\u2009Joka paikkaan on hirve\u00e4 jono. Ihmiset joutuvat odottelemaan. Etenkin ik\u00e4\u00e4ntyneiden tuetuista asunnoista tuntuu olevan pula.<\/p>\n<p><strong class=\"diks-storyline__impact\">Vaikka <\/strong>ty\u00f6ntekij\u00e4t n\u00e4kev\u00e4t asukkaiden keskuudessa yhteis\u00f6llisyytt\u00e4, huolenpitoa ja vertaistukea, paikka ei ole heist\u00e4 miss\u00e4\u00e4n mieless\u00e4 oikea ihmiselle, joka pyrkii muuttamaan el\u00e4m\u00e4\u00e4ns\u00e4.<\/p>\n<p>\u2013 Jos haluaa eroon p\u00e4ihteist\u00e4, t\u00e4m\u00e4 on mielest\u00e4ni ihan vihoviimeinen paikka, Tiina toteaa ty\u00f6paikastaan.<\/p>\n<p>\t\t<a class=\"diks-gallery__link\" href=\"https:\/\/i.media.fi\/incoming\/nztkrk\/11398042.jpg\/alternates\/FREE_1440\/11398042.jpg\" data-thumbnail=\"\" data-sub-html=\"Sauna l\u00e4mpi\u00e4\u00e4 h\u00e4t\u00e4majoituksen ja soluasuntojen asukkaille joka aamu. Naisten ja miesten vuorot ovat erikseen. Marjo J. R\u00e4m\u00f6\" aria-label=\"Katso isompi kuva\" rel=\"nofollow noopener\" target=\"_blank\"><br \/>\n\t\t\t\t<img class=\"diks-figure__image\" src=\"https:\/\/www.europesays.com\/fi\/wp-content\/uploads\/2026\/04\/11398042.jpg\" loading=\"lazy\" decoding=\"sync\" alt=\"\"\/><\/p>\n<p>\t\t\t<\/a><br \/>\n\t\t\t\t\tSauna l\u00e4mpi\u00e4\u00e4 h\u00e4t\u00e4majoituksen ja soluasuntojen asukkaille joka aamu. Naisten ja miesten vuorot ovat erikseen. Marjo J. R\u00e4m\u00f6<\/p>\n<p><strong class=\"diks-storyline__impact\">Jotkut <\/strong>taas <a href=\"https:\/\/www.helsinginuutiset.fi\/paikalliset\/9367446\" rel=\"nofollow noopener\" target=\"_blank\">eiv\u00e4t halua l\u00e4hte\u00e4, vaikka paikka olisi. <\/a><\/p>\n<p>\u2013 Jos saisin p\u00e4\u00e4tt\u00e4\u00e4, kaikki mummot pit\u00e4isi t\u00e4\u00e4lt\u00e4 siirt\u00e4\u00e4 omaan ik\u00e4\u00e4ntyneiden tuetun asumisen yksikk\u00f6\u00f6n, mutta min\u00e4 en voi sit\u00e4 p\u00e4\u00e4tt\u00e4\u00e4, Sirpa toteaa.<\/p>\n<p><strong class=\"diks-storyline__impact\">\u00d6isin <\/strong>paikalla on kaksi ohjaajaa ja vartija.<\/p>\n<p>P\u00e4ihteiden k\u00e4ytt\u00e4minen talossa tai piha-alueella on kielletty\u00e4. Sit\u00e4 kuitenkin tapahtuu. Se tiedet\u00e4\u00e4n talon huumeneularoskisten roskista sek\u00e4 asukkaiden levottomasta tai aggressiivisesta k\u00e4yt\u00f6ksest\u00e4.<\/p>\n<p>\u2013 Emme pysty mitenk\u00e4\u00e4n valvomaan koko ajan, mit\u00e4 eri puolilla taloa tapahtuu, Tiina kertoo.<\/p>\n<p>\t\t<a class=\"diks-gallery__link\" href=\"https:\/\/i.media.fi\/incoming\/b1vzqo\/11398044.jpg\/alternates\/FREE_1440\/11398044.jpg\" data-thumbnail=\"\" data-sub-html=\"Makuusalien yhteydess\u00e4 olevassa vessassa on neularoskis. Marjo J. R\u00e4m\u00f6\" aria-label=\"Katso isompi kuva\" rel=\"nofollow noopener\" target=\"_blank\"><br \/>\n\t\t\t\t<img class=\"diks-figure__image\" src=\"https:\/\/www.europesays.com\/fi\/wp-content\/uploads\/2026\/04\/11398044.jpg\" loading=\"lazy\" decoding=\"sync\" alt=\"\"\/><\/p>\n<p>\t\t\t<\/a><br \/>\n\t\t\t\t\tMakuusalien yhteydess\u00e4 olevassa vessassa on neularoskis. Marjo J. R\u00e4m\u00f6<\/p>\n<p><strong class=\"diks-storyline__impact\">P\u00e4ihteiden <\/strong>k\u00e4ytt\u00f6 tekee h\u00e4t\u00e4majoituksen y\u00f6st\u00e4 rauhattoman.<\/p>\n<p>\u2013 Jos k\u00e4ytet\u00e4\u00e4n pirist\u00e4vi\u00e4 aineita, niin eih\u00e4n t\u00e4\u00e4ll\u00e4 silloin nukuta. K\u00e4yt\u00f6s voi olla my\u00f6s psykoottista, Tiina sanoo.<\/p>\n<p>\u00d6inen k\u00e4ytt\u00f6 ei j\u00e4\u00e4 useinkaan yksitt\u00e4iseen tapaukseen.<\/p>\n<p>\u2013\u2009Usein tuntuu silt\u00e4, ett\u00e4 jossain l\u00e4hist\u00f6ll\u00e4 on v\u00e4litt\u00e4j\u00e4, jonka meid\u00e4n asiakkaat l\u00f6yt\u00e4v\u00e4t.<\/p>\n<p><strong class=\"diks-storyline__impact\">Todetusta <\/strong>k\u00e4yt\u00f6st\u00e4 joutuu j\u00e4\u00e4hylle, mik\u00e4 tarkoittaa poistamista h\u00e4t\u00e4majoituksen tiloista ja piha-alueelta esimerkiksi pariksi tunniksi.<\/p>\n<p>V\u00e4kivaltainen k\u00e4yt\u00f6s johtaa siihen, ett\u00e4 ihminen ohjataan toisen majapaikkaan tai h\u00e4nelt\u00e4 ev\u00e4t\u00e4\u00e4n tilap\u00e4isesti muita talon palveluita, kuten suihku- ja sauna tai maksuton aamupuuro.<\/p>\n<p>\u2013 Kyll\u00e4 t\u00e4llaiset sanktiot jonkin verran auttavat. N\u00e4m\u00e4 ovat t\u00e4rkeit\u00e4 palveluita meid\u00e4n asiakkaille, naiset arvioivat.<\/p>\n<p>\t\t<a class=\"diks-gallery__link\" href=\"https:\/\/i.media.fi\/incoming\/4y8hal\/11398047.jpg\/alternates\/FREE_1440\/11398047.jpg\" data-thumbnail=\"\" data-sub-html=\"Tiloissa toimiva Hietsun Herkku on avoinna kello 7.30\u201318. Marjo J. R\u00e4m\u00f6\" aria-label=\"Katso isompi kuva\" rel=\"nofollow noopener\" target=\"_blank\"><br \/>\n\t\t\t\t<img class=\"diks-figure__image\" src=\"https:\/\/www.europesays.com\/fi\/wp-content\/uploads\/2026\/04\/11398047.jpg\" loading=\"lazy\" decoding=\"sync\" alt=\"\"\/><\/p>\n<p>\t\t\t<\/a><br \/>\n\t\t\t\t\tTiloissa toimiva Hietsun Herkku on avoinna kello 7.30\u201318. Marjo J. R\u00e4m\u00f6<\/p>\n<p>\t\t<a class=\"diks-gallery__link\" href=\"https:\/\/i.media.fi\/incoming\/tx8ayc\/11398046.jpg\/alternates\/FREE_1440\/11398046.jpg\" data-thumbnail=\"\" data-sub-html=\"Kahvin ja leiv\u00e4n saa 60 sentill\u00e4. Marjo J. R\u00e4m\u00f6\" aria-label=\"Katso isompi kuva\" rel=\"nofollow noopener\" target=\"_blank\"><br \/>\n\t\t\t\t<img class=\"diks-figure__image\" src=\"https:\/\/www.europesays.com\/fi\/wp-content\/uploads\/2026\/04\/11398046.jpg\" loading=\"lazy\" decoding=\"sync\" alt=\"\"\/><\/p>\n<p>\t\t\t<\/a><br \/>\n\t\t\t\t\tKahvin ja leiv\u00e4n saa 60 sentill\u00e4. Marjo J. R\u00e4m\u00f6<\/p>\n<p><strong class=\"diks-storyline__impact\">Rauhallisinakaan<\/strong> \u00f6in\u00e4 kaikki h\u00e4t\u00e4majoituksen tiloissa eiv\u00e4t nuku.<\/p>\n<p>\u2013\u2009Asiakkailla on erilaisia vuorokasirytmi\u00e4. Kaikki eiv\u00e4t nuku y\u00f6aikaan vaan he vaeltelevat t\u00e4\u00e4ll\u00e4.<\/p>\n<p>Alakerran k\u00e4yt\u00e4v\u00e4tiloissa, tv-huoneessa ja pihalla voi liikkua vapaasti kaikkina vuorokauden aikoina.<\/p>\n<p><strong class=\"diks-storyline__impact\">Osa <\/strong>lep\u00e4\u00e4 n\u00e4iss\u00e4 tiloissa my\u00f6s p\u00e4iv\u00e4saikaan.<\/p>\n<p>\u2013 Asiakkaat ovat kertoneet, ett\u00e4 paikalla olevan henkil\u00f6kunnan takia he tuntevat olonsa t\u00e4\u00e4ll\u00e4 turvallisemmaksi kuin esimerkiksi kaupungilla julkisissa paikoissa.<\/p>\n<p>Sein\u00e4ll\u00e4 on huoneentaulu yhteisist\u00e4 pelis\u00e4\u00e4nn\u00f6ist\u00e4.<\/p>\n<p>\t\t<a class=\"diks-gallery__link\" href=\"https:\/\/i.media.fi\/incoming\/8tu0sv\/11398045.jpg\/alternates\/FREE_1440\/11398045.jpg\" data-thumbnail=\"\" data-sub-html=\"Ohjaajien ja asukkaiden yhdess\u00e4 laatimat j\u00e4rjestyss\u00e4\u00e4nn\u00f6t. Marjo J. R\u00e4m\u00f6\" aria-label=\"Katso isompi kuva\" rel=\"nofollow noopener\" target=\"_blank\"><br \/>\n\t\t\t\t<img class=\"diks-figure__image\" src=\"https:\/\/www.europesays.com\/fi\/wp-content\/uploads\/2026\/04\/11398045.jpg\" loading=\"lazy\" decoding=\"sync\" alt=\"\"\/><\/p>\n<p>\t\t\t<\/a><br \/>\n\t\t\t\t\tOhjaajien ja asukkaiden yhdess\u00e4 laatimat j\u00e4rjestyss\u00e4\u00e4nn\u00f6t. Marjo J. R\u00e4m\u00f6<\/p>\n<p><strong class=\"diks-storyline__impact\">Turvalliseksi <\/strong>tiloja ei voi mill\u00e4\u00e4n kutsua.<\/p>\n<p>Vuonna 2024 vaara- ja uhkatilanneilmoituksia tehtiin keskim\u00e4\u00e4rin joka kolmas p\u00e4iv\u00e4.<\/p>\n<p>V\u00e4kivaltaa ja uhkailua on etenkin majoittujien v\u00e4lill\u00e4. My\u00f6s varastelua ja muuta taloudellista hyv\u00e4ksik\u00e4ytt\u00f6\u00e4 tapahtuu.<\/p>\n<p>Tiina ja Sirpa tunnistavat hyv\u00e4ksik\u00e4yt\u00f6n.<\/p>\n<p>\u2013 Kun jollain on joku rahap\u00e4iv\u00e4, niin siin\u00e4 on kymmenen kaveria ymp\u00e4rill\u00e4, jotka ovat valmiita kuskaamaan &#8221;h\u00f6yn\u00e4ytett\u00e4vi\u00e4&#8221; asioille, Sirpa kertoo.<\/p>\n<p>\u2013\u2009Tai jos jollakin on tupakka-aski, niin \u00e4kki\u00e4 ne tupakat siit\u00e4 h\u00e4vi\u00e4v\u00e4t, Tiina jatkaa.<\/p>\n<p>\u2013 Meill\u00e4 ei ole mit\u00e4\u00e4n keinoja puuttua t\u00e4llaiseen, vaikka mieli tekisikin, ohjaajat harmittelevat.<\/p>\n<p>Suoranaisissa varkauksissa ty\u00f6ntekij\u00e4t voivat kehottaa uhria tekem\u00e4\u00e4n rikosilmoituksen ja voivat avustaa siin\u00e4, mutta ty\u00f6ntekij\u00e4t eiv\u00e4t voi kertoa ep\u00e4illyn henkil\u00f6tietoja.<\/p>\n<p>Ainoastaan vakavien rikosten osalta ty\u00f6ntekij\u00f6ill\u00e4 on ilmoitusvelvollisuus.<\/p>\n<p><strong class=\"diks-storyline__impact\">Ty\u00f6ntekij\u00e4t <\/strong>kertovat saaneensa osakseen l\u00e4hinn\u00e4 sanallista uhkailua.<\/p>\n<p>\u2013 Joskus joku on saattanut paiskoa tavaroita, mutta ei kohti, Sirpa muistelee.<\/p>\n<p>Vartijoiden l\u00e4sn\u00e4olo luo ty\u00f6ntekij\u00f6illekin turvallisuutta.<\/p>\n<p>\u2013\u2009En koe, ett\u00e4 t\u00e4m\u00e4 on vaarallinen paikka olla t\u00f6iss\u00e4, Tiina sanoo.<\/p>\n<p><strong class=\"diks-storyline__impact\">Turvallisuutta<\/strong> tuovat ty\u00f6tavat ja k\u00e4yt\u00e4nteet. Ne ovat osa arkea.<\/p>\n<p>\u2013\u2009Jokainen kantaa &#8221;spideria&#8221; kaulassaan, Tiina kertoo ja esittelee laitetta, jota painaessa koko talossa alla h\u00e4lytyssummeri soida. Se on merkki muille ty\u00f6ntekij\u00f6ille rient\u00e4\u00e4 apuun.<\/p>\n<p>\t\t<a class=\"diks-gallery__link\" href=\"https:\/\/i.media.fi\/incoming\/x5d8u4\/11398053.jpg\/alternates\/FREE_1440\/11398053.jpg\" data-thumbnail=\"\" data-sub-html=\"Turkoosin napin painaminen k\u00e4ynnist\u00e4\u00e4 h\u00e4lytyksen koko talossa. Marjo J. R\u00e4m\u00f6\" aria-label=\"Katso isompi kuva\" rel=\"nofollow noopener\" target=\"_blank\"><br \/>\n\t\t\t\t<img class=\"diks-figure__image\" src=\"https:\/\/www.europesays.com\/fi\/wp-content\/uploads\/2026\/04\/11398053.jpg\" loading=\"lazy\" decoding=\"sync\" alt=\"\"\/><\/p>\n<p>\t\t\t<\/a><br \/>\n\t\t\t\t\tTurkoosin napin painaminen k\u00e4ynnist\u00e4\u00e4 h\u00e4lytyksen koko talossa. Marjo J. R\u00e4m\u00f6<\/p>\n<p><strong class=\"diks-storyline__impact\">Tiina<\/strong> kertoo painaneensa nappia viimeksi noin puoli vuotta sitten. Sirpa ei ole tehnyt sit\u00e4 kertaakaan reilun vuoden ty\u00f6kokemuksella Hietsun yksik\u00f6st\u00e4.<\/p>\n<p>\u2013\u2009T\u00e4rke\u00e4mpi ty\u00f6v\u00e4line on radiopuhelin, jonka avulla voin kutsua vartijan esimerkiksi tilanteeseen, joka on vaarassa eskaloitua.<\/p>\n<p><strong class=\"diks-storyline__impact\">Ty\u00f6turvallisuutta<\/strong> lis\u00e4\u00e4v\u00e4t my\u00f6s rakennuksen lukuisat kamerat ja pareittain liikkuminen eri yksik\u00f6iss\u00e4 ja kerroksissa.<\/p>\n<p>Solukerrokset ovat my\u00f6s lukittuja. Niihin p\u00e4\u00e4see vain kunkin kerroksen asukkaat sek\u00e4 ty\u00f6ntekij\u00e4t.<\/p>\n<p><strong class=\"diks-storyline__impact\">Tiina <\/strong>ja Sirpa kertovat uhkailusta tilanteissa, jolloin he joutuvat kertomaan esimerkiksi tukien tai palveluiden ev\u00e4\u00e4misest\u00e4 tai palvelukeskuksen tekemist\u00e4 rajaamisp\u00e4\u00e4t\u00f6ksist\u00e4, jotka liittyv\u00e4t asiakkaan p\u00e4ihteiden k\u00e4ytt\u00f6\u00f6n tai v\u00e4kivaltaiseen k\u00e4yt\u00f6kseen.<\/p>\n<p>N\u00e4it\u00e4 tilanteita voidaan ennakoida, ottamalla tilanteeseen vartija mukaan.<\/p>\n<p>\u2013 Joskus impulsiivisen k\u00e4yt\u00f6ksen voi aiheuttaa jokin meid\u00e4n mielest\u00e4 pieni tai mit\u00e4t\u00f6n asia, joka on asiakkaalle todella t\u00e4rke\u00e4 tai viimeinen niitti huonosti sujuneeseen p\u00e4iv\u00e4\u00e4n, Sirpa kertoo.<\/p>\n<p><strong class=\"diks-storyline__impact\">Tiina <\/strong>kertoo kokeneensa turvattomuutta tilanteessa, jossa aggressiivisesti k\u00e4ytt\u00e4ytynyt, talosta poistettu henkil\u00f6 on aidan toisella puolella kadulla ty\u00f6vuoron p\u00e4\u00e4ttyess\u00e4.<\/p>\n<p>\u2013 Silloin olen k\u00e4ytt\u00e4nyt toista ovea poistumiseen.<\/p>\n<p>\t\t<a class=\"diks-gallery__link\" href=\"https:\/\/i.media.fi\/incoming\/smu6v2\/11398931.jpg\/alternates\/FREE_1440\/11398931.jpg\" data-thumbnail=\"\" data-sub-html=\"Palvelukeskus on osoitteessa Hietaniemenkatu 5. Marjo J. R\u00e4m\u00f6\" aria-label=\"Katso isompi kuva\" rel=\"nofollow noopener\" target=\"_blank\"><br \/>\n\t\t\t\t<img class=\"diks-figure__image\" src=\"https:\/\/www.europesays.com\/fi\/wp-content\/uploads\/2026\/04\/11398931.jpg\" loading=\"lazy\" decoding=\"sync\" alt=\"\"\/><\/p>\n<p>\t\t\t<\/a><br \/>\n\t\t\t\t\tPalvelukeskus on osoitteessa Hietaniemenkatu 5. Marjo J. R\u00e4m\u00f6<\/p>\n<p><strong class=\"diks-storyline__impact\">Ulkopuoliselle <\/strong>talon asukkaat voivat n\u00e4ytt\u00e4yty\u00e4 toivottomina tapauksina. Ty\u00f6ntekij\u00e4t eiv\u00e4t ajattele niin. Onnistumisen tunteita tulee p\u00e4ivitt\u00e4in.<\/p>\n<p>\u2013 Esimerkiksi siit\u00e4, ett\u00e4 saan suihkuun sellaisen ihmisen, joka ei ole peseytynyt kuukausiin, Tiina sanoo.<\/p>\n<p>\u2013 Tai kun n\u00e4kee toivon tai hymyn ihmisen kasvoilla, joilla on ollut pitk\u00e4 huono kausi.<\/p>\n<p><strong class=\"diks-storyline__impact\">Sirpa <\/strong>kertoo tehneens\u00e4 merkityksellist\u00e4 ty\u00f6t\u00e4 niin lasten kuin vanhusten kanssa.<\/p>\n<p>N\u00e4ihin verrattuna ero on se, ett\u00e4 asunnottomien parissa ty\u00f6skentely vet\u00e4\u00e4 n\u00f6yr\u00e4ksi.<\/p>\n<p>\u2013\u2009 Kuka tahansa voi marssia ovesta sis\u00e4\u00e4n, jos oikein huonosti k\u00e4y.<\/p>\n<p>Sirpa kertoo pohtineensa, miten haluaisi itse tulla kohdatuksi, jos olisi vastaavassa tilanteessa kuin asiakkaansa.<\/p>\n<p><strong class=\"diks-storyline__impact\">Parasta,<\/strong> mit\u00e4 asiakkaalle voi tapahtua, on se, ett\u00e4 h\u00e4n l\u00e4htee Hietsusta tuettuun asumiseen tai katkaisuhoitoon.<\/p>\n<p>Silloin ty\u00f6ntekij\u00e4t toivovat, ettei asiakas en\u00e4\u00e4 palaa taloon, jonka ei pit\u00e4isi olla kenenk\u00e4\u00e4n koti.<\/p>\n<p>\t\t<a class=\"diks-gallery__link\" href=\"https:\/\/i.media.fi\/incoming\/evafy9\/11398040.jpg\/alternates\/FREE_1440\/11398040.jpg\" data-thumbnail=\"\" data-sub-html=\"My\u00f6s aulatiloissa on roskis huumeneuloille. Marjo J. R\u00e4m\u00f6\" aria-label=\"Katso isompi kuva\" rel=\"nofollow noopener\" target=\"_blank\"><br \/>\n\t\t\t\t<img class=\"diks-figure__image\" src=\"https:\/\/www.europesays.com\/fi\/wp-content\/uploads\/2026\/04\/11398040.jpg\" loading=\"lazy\" decoding=\"sync\" alt=\"\"\/><\/p>\n<p>\t\t\t<\/a><br \/>\n\t\t\t\t\tMy\u00f6s aulatiloissa on roskis huumeneuloille. Marjo J. R\u00e4m\u00f6<\/p>\n<p>\t\t\t\t\t<img class=\"diks-card__image\" src=\"https:\/\/www.europesays.com\/fi\/wp-content\/uploads\/2026\/04\/11384944.jpg\"   loading=\"lazy\" decoding=\"sync\" alt=\"\"\/><\/p>\n","protected":false},"excerpt":{"rendered":"Vain kovapintaisimmat selvi\u00e4v\u00e4t, likaa, oksennusta ja ulosteita, kuvottavat olosuhteet. T\u00e4llaisia otsikoita on n\u00e4kynyt medioissa sen j\u00e4lkeen, kun eduskunnan&hellip;\n","protected":false},"author":2,"featured_media":225539,"comment_status":"","ping_status":"","sticky":false,"template":"","format":"standard","meta":{"footnotes":"","_share_on_mastodon":"0"},"categories":[12],"tags":[2268,36,542,22,23,26,27,33,31,30,17,104,2353,543,24,25,28,29,15,18,21,2305,32,19,20,16],"class_list":["post-225538","post","type-post","status-publish","format-standard","has-post-thumbnail","category-suomi","tag-alkoholi","tag-asuintalot-ja-asunnot","tag-asuminen","tag-breaking-news","tag-breakingnews","tag-featured-news","tag-featurednews","tag-fi","tag-finland","tag-finnish","tag-headlines","tag-helsinki","tag-hotellit-ja-majoitus","tag-koti-ja-asuminen","tag-latest-news","tag-latestnews","tag-main-news","tag-mainnews","tag-news","tag-otsikot","tag-paauutiset","tag-puheenaiheet","tag-suomi","tag-top-stories","tag-topstories","tag-uutiset"],"share_on_mastodon":{"url":"https:\/\/pubeurope.com\/@fi\/116435363582149983","error":""},"_links":{"self":[{"href":"https:\/\/www.europesays.com\/fi\/wp-json\/wp\/v2\/posts\/225538","targetHints":{"allow":["GET"]}}],"collection":[{"href":"https:\/\/www.europesays.com\/fi\/wp-json\/wp\/v2\/posts"}],"about":[{"href":"https:\/\/www.europesays.com\/fi\/wp-json\/wp\/v2\/types\/post"}],"author":[{"embeddable":true,"href":"https:\/\/www.europesays.com\/fi\/wp-json\/wp\/v2\/users\/2"}],"replies":[{"embeddable":true,"href":"https:\/\/www.europesays.com\/fi\/wp-json\/wp\/v2\/comments?post=225538"}],"version-history":[{"count":0,"href":"https:\/\/www.europesays.com\/fi\/wp-json\/wp\/v2\/posts\/225538\/revisions"}],"wp:featuredmedia":[{"embeddable":true,"href":"https:\/\/www.europesays.com\/fi\/wp-json\/wp\/v2\/media\/225539"}],"wp:attachment":[{"href":"https:\/\/www.europesays.com\/fi\/wp-json\/wp\/v2\/media?parent=225538"}],"wp:term":[{"taxonomy":"category","embeddable":true,"href":"https:\/\/www.europesays.com\/fi\/wp-json\/wp\/v2\/categories?post=225538"},{"taxonomy":"post_tag","embeddable":true,"href":"https:\/\/www.europesays.com\/fi\/wp-json\/wp\/v2\/tags?post=225538"}],"curies":[{"name":"wp","href":"https:\/\/api.w.org\/{rel}","templated":true}]}}