{"id":225900,"date":"2026-04-20T14:34:11","date_gmt":"2026-04-20T14:34:11","guid":{"rendered":"https:\/\/www.europesays.com\/fi\/225900\/"},"modified":"2026-04-20T14:34:11","modified_gmt":"2026-04-20T14:34:11","slug":"tampere-loysi-porsaanreian-sarjavalittajaa-vastaan-vuokraa-matkailualueen-ilmaiseksi-pirkanmaa","status":"publish","type":"post","link":"https:\/\/www.europesays.com\/fi\/225900\/","title":{"rendered":"Tampere l\u00f6ysi porsaanrei\u00e4n sarjavalittajaa vastaan \u2013 vuokraa matkailualueen ilmaiseksi | Pirkanmaa"},"content":{"rendered":"<p class=\"aw-1gybjub aw-5vja16 kEtdKx kmuxyA yle__article__paragraph\">Kaupunki vuokraa Maisansalon matkailualueen valitus\u00adk\u00e4sittelyn ajaksi, jotta sen kehitt\u00e4minen ei kaatuisi oikaisu\u00advaatimukseen.<\/p>\n<p><img decoding=\"async\" alt=\"Suuri punainen rakennus kev\u00e4isess\u00e4 maisemassa.\" src=\"https:\/\/www.europesays.com\/fi\/wp-content\/uploads\/2026\/04\/39-163002369e6222599c2f.jpeg\" class=\"aw-1l9m598 hKVVvP\"\/><\/p>\n<p>Avaa kuvien katselu<\/p>\n<p>Maisansalon matkailualue sijaitsee Tampereen Teiskossa, noin 40 kilometrin p\u00e4\u00e4ss\u00e4 Tampereen keskustasta. Kuva: Miikka Varila \/ Yle<\/p>\n<ul class=\"aw-1jjocuh iJTSwP yle__article__list yle__article__list--ul\">\n<li class=\"aw-1j7gwms gNYKfi\">Tampereen kaupunki vuokraa Maisansalon matkailualueen kiert\u00e4\u00e4kseen sen myynnist\u00e4 tehdyn valituksen.<\/li>\n<li class=\"aw-1j7gwms gNYKfi\">Valituksen on tehnyt mies, joka on aiemmin hidastanut kaupungin hankkeita lukuisilla valituksillaan.<\/li>\n<li class=\"aw-1j7gwms gNYKfi\">Poikkeuksellisen j\u00e4rjestelyn avulla alueen kehitt\u00e4minen voidaan aloittaa heti valitusk\u00e4sittelyst\u00e4 huolimatta.<\/li>\n<\/ul>\n<p class=\"aw-1gybjub aw-1p7kakr kEtdKx cEmitX yle__article__paragraph\">Tampereen kaupunki on ottanut poikkeukselliset keinot k\u00e4ytt\u00f6\u00f6n taistelussa niin sanottua sarjavalittajaa vastaan.<\/p>\n<p class=\"aw-1gybjub aw-1p7kakr kEtdKx cEmitX yle__article__paragraph\">Kaupunki p\u00e4\u00e4tti vuokrata Maisansalon matkailualueen ja sen kiinteist\u00f6t, koska<a class=\"aw-iao6s4 iHOxEa yle__article__link\" href=\"https:\/\/yle.fi\/a\/74-20195222\" role=\"link\" rel=\"nofollow noopener\" target=\"_blank\"> aiemminkin monista p\u00e4\u00e4t\u00f6ksist\u00e4 valittanut tamperelaismies<\/a> on tehnyt oikaisuvaatimuksen niiden myynnist\u00e4.<\/p>\n<p class=\"aw-1gybjub aw-1p7kakr kEtdKx cEmitX yle__article__paragraph\">Alue kiinteist\u00f6ineen vuokrataan sen ostajalle, Teiskon vihre\u00e4 unelma -yhti\u00f6lle.<\/p>\n<p class=\"aw-1gybjub aw-1p7kakr kEtdKx cEmitX yle__article__paragraph\">Kiinteist\u00f6johtaja teki matkailualueen vuokrauksesta viranhaltijap\u00e4\u00e4t\u00f6ksen perjantaina.<\/p>\n<p class=\"aw-1gybjub aw-1p7kakr kEtdKx cEmitX yle__article__paragraph\">\u2013 T\u00e4m\u00e4 ei ole mik\u00e4\u00e4n tavallinen toimenpide. P\u00e4\u00e4s\u00e4\u00e4nt\u00f6isesti luovutukset menev\u00e4t ilman valituksia, kertoo tonttip\u00e4\u00e4llikk\u00f6 <strong class=\"aw-ak79eh KyCXm yle__article__strong\">Pasi Kamppari<\/strong>.<\/p>\n<p class=\"aw-1gybjub aw-1p7kakr kEtdKx cEmitX yle__article__paragraph\">H\u00e4nen mukaansa riskin\u00e4 on, ett\u00e4 kehityshankkeet j\u00e4\u00e4v\u00e4t toteutumatta valitusten takia. Siksi kaupunki k\u00e4ytt\u00e4\u00e4 niit\u00e4 keinoja, mit\u00e4 sill\u00e4 on k\u00e4yt\u00f6ss\u00e4.<\/p>\n<p class=\"aw-1gybjub aw-1p7kakr kEtdKx cEmitX yle__article__paragraph\">Vaikka Maisansalosta tehd\u00e4\u00e4n vuokrasopimus, kaupunki ei peri vuokra-ajalta vuokraa.<\/p>\n<p class=\"aw-1gybjub aw-1p7kakr kEtdKx cEmitX yle__article__paragraph\">Kampparin mukaan vuokran perimist\u00e4 lyhytaikaisesta vuokrauksesta ei katsottu tarkoituksenmukaiseksi, koska kaupunki on myym\u00e4ss\u00e4 kohdetta kehitt\u00e4j\u00e4lle markkinahinnalla.<\/p>\n<p class=\"aw-1gybjub aw-1p7kakr kEtdKx cEmitX yle__article__paragraph\">\u2013 Yritys investoi kohteeseen omalla riskill\u00e4\u00e4n valitusk\u00e4sittelyn kuluessa.<\/p>\n<p>Maisansalon kehitys alkoi jo vuonna 2024<\/p>\n<p class=\"aw-1gybjub aw-1p7kakr kEtdKx cEmitX yle__article__paragraph\">Tampereen kaupunki myy Teiskon vihre\u00e4 unelma- yhti\u00f6lle N\u00e4sij\u00e4rven rannassa sijaitsevan noin kolmen hehtaarin alueen ja alueella olevat rakennukset. Myyntihinta on reilut 540 000 euroa.<\/p>\n<p class=\"aw-1gybjub aw-1p7kakr kEtdKx cEmitX yle__article__paragraph\">Satamatoiminnot j\u00e4\u00e4v\u00e4t kaupungin hallintaan.<\/p>\n<p class=\"aw-1gybjub aw-1p7kakr kEtdKx cEmitX yle__article__paragraph\">Maisansalossa toimii my\u00f6s SF-Caravan Pirkanmaan karavaanialue. Kauppa ei koske t\u00e4t\u00e4 aluetta.<\/p>\n<p class=\"aw-1gybjub aw-1p7kakr kEtdKx cEmitX yle__article__paragraph\">Teiskon vihre\u00e4 unelma -yhti\u00f6 on valmistellut Maisansalon kehitt\u00e4mist\u00e4 jo lokakuusta 2024 asti, kun kaupunginhallitus hyv\u00e4ksyi aiesopimuksen.<\/p>\n<p class=\"aw-1gybjub aw-1p7kakr kEtdKx cEmitX yle__article__paragraph\">Kaupunki on halunnut Maisansalon kehitt\u00e4mist\u00e4 yli <a class=\"aw-iao6s4 iHOxEa yle__article__link\" href=\"https:\/\/yle.fi\/a\/3-5309090\" role=\"link\" rel=\"nofollow noopener\" target=\"_blank\">viisitoista vuotta<\/a>.<\/p>\n<p class=\"aw-1gybjub aw-1p7kakr kEtdKx cEmitX yle__article__paragraph\">Kauppakirja kiinteist\u00f6ist\u00e4 allekirjoitettiin tammikuussa 2026.<\/p>\n<p class=\"aw-1gybjub aw-1p7kakr kEtdKx cEmitX yle__article__paragraph\">Helmikuussa asunto- ja kiinteist\u00f6lautakunta <a class=\"aw-iao6s4 iHOxEa yle__article__link\" href=\"https:\/\/yle.fi\/a\/74-20208811\" role=\"link\" rel=\"nofollow noopener\" target=\"_blank\">p\u00e4\u00e4tti alueen kiinteist\u00f6jen myynnist\u00e4 yhti\u00f6lle<\/a>.<\/p>\n<p class=\"aw-1gybjub aw-1p7kakr kEtdKx cEmitX yle__article__paragraph\">Sarjavalittaja j\u00e4tti t\u00e4st\u00e4 p\u00e4\u00e4t\u00f6ksest\u00e4 oikaisuvaatimuksen 17. maaliskuuta.<\/p>\n<p class=\"aw-1gybjub aw-1p7kakr kEtdKx cEmitX yle__article__paragraph\">17. huhtikuuta kiinteist\u00f6johtaja teki viranhaltijap\u00e4\u00e4t\u00f6ksen Maisansalon matkailualueen ja sill\u00e4 olevien rakennusten vuokraamisesta Teiskon vihre\u00e4lle unelmalle.<\/p>\n<p class=\"aw-1gybjub aw-1p7kakr kEtdKx cEmitX yle__article__paragraph\">Vuokralainen toteuttaa ja vastaa alueen peruskorjaus- ja kehitt\u00e4mistoimenpiteist\u00e4 omalla kustannuksellaan.<\/p>\n<p class=\"aw-1gybjub aw-1p7kakr kEtdKx cEmitX yle__article__paragraph\">Asunto- ja kiinteist\u00f6lautakunta p\u00e4\u00e4tti matkailualueen myynnist\u00e4 helmikuussa.<\/p>\n<p class=\"aw-1gybjub aw-1p7kakr kEtdKx cEmitX yle__article__paragraph\">Maaliskuussa p\u00e4\u00e4t\u00f6ksest\u00e4 teki oikaisuvaatimuksen sama tamperelaismies, joka on tehnyt yli sata oikaisuvaatimusta kaupungin p\u00e4\u00e4t\u00f6ksist\u00e4 ja ainakin 81 valitusta hallinto-oikeuteen.<\/p>\n<p class=\"aw-1gybjub aw-1p7kakr kEtdKx cEmitX yle__article__paragraph\">Valituskierre on johtanut rakennusprojektien merkitt\u00e4v\u00e4\u00e4n viiv\u00e4stymiseen Tampereella.<\/p>\n<p class=\"aw-1gybjub aw-1p7kakr kEtdKx cEmitX yle__article__paragraph\">My\u00f6s Maisansalon vuokraamista koskevasta viranhaltijap\u00e4\u00e4t\u00f6ksest\u00e4 voi tehd\u00e4 oikaisuvaatimuksen.<\/p>\n<p><img decoding=\"async\" alt=\"Kuvituskuva. Tampereen pormestarit Kalervo Kummola ja Ilmari Nurminen etualalla. Taustalla kuva keskener\u00e4isest\u00e4 maanrakennusty\u00f6maasta. Edess\u00e4 teksti &quot;oikaisuvaatimus&quot;.\" src=\"https:\/\/www.europesays.com\/fi\/wp-content\/uploads\/2026\/04\/39-15471396904c7c316e87.jpeg\" class=\"aw-1l9m598 hKVVvP\"\/>Remonttia tehty jo kuukausia<\/p>\n<p class=\"aw-1gybjub aw-1p7kakr kEtdKx cEmitX yle__article__paragraph\"><a class=\"aw-iao6s4 iHOxEa yle__article__link\" href=\"https:\/\/yle.fi\/a\/74-20210188\" role=\"link\" rel=\"nofollow noopener\" target=\"_blank\">Suunnitelma Maisansalon alueen avaamisesta vappuna <\/a>toteutuu vuokrasopimuksen turvin, kertoo Teiskon vihre\u00e4n unelman edustaja <strong class=\"aw-ak79eh KyCXm yle__article__strong\">Mika Lahtinen<\/strong>.<\/p>\n<p class=\"aw-1gybjub aw-1p7kakr kEtdKx cEmitX yle__article__paragraph\">Vapusta alkaa my\u00f6s alueen vuokra-aika. Lahtisen mukaan vuokrasopimuksesta puuttuvat en\u00e4\u00e4 allekirjoitukset.<\/p>\n<p class=\"aw-1gybjub aw-1p7kakr kEtdKx cEmitX yle__article__paragraph\">\u2013 Kaikki on sovittu ja t\u00e4ll\u00e4 hetkell\u00e4 n\u00e4ytt\u00e4\u00e4 hyv\u00e4lt\u00e4, ett\u00e4 saamme vappuna tarjolle ainakin simaa ja munkkeja Kartanoravintolan uudelle terassille.<\/p>\n<p class=\"aw-1gybjub aw-1p7kakr kEtdKx cEmitX yle__article__paragraph\">Lahtisen mukaan remonttia on tehty Maisansalossa jo monen kuukauden ajan.<\/p>\n<p><img decoding=\"async\" alt=\"Suuri terassi, jonka rakentaminen on kesken. Taustalla kev\u00e4inen j\u00e4rvin\u00e4kym\u00e4.\" src=\"https:\/\/www.europesays.com\/fi\/wp-content\/uploads\/2026\/04\/39-163002569e62227bc652.jpeg\" loading=\"lazy\" class=\"aw-1l9m598 hKVVvP\"\/><\/p>\n<p>Avaa kuvien katselu<\/p>\n<p>Uuden ravintolan terassi on valmistumassa. Seuravaaksi k\u00e4ytt\u00f6\u00f6n on tarkoitus remontoida yleinen sauna. Kuva: Miikka Varila \/ Yle<\/p>\n<p class=\"aw-1gybjub aw-1p7kakr kEtdKx cEmitX yle__article__paragraph\">Maisansalon matkailualuetta on tarkoitus kehitt\u00e4\u00e4 vaiheittain ymp\u00e4rivuotiseksi juhla-, tapahtuma-, sauna- ja matkailukeskukseksi.<\/p>\n<p class=\"aw-1gybjub aw-1p7kakr kEtdKx cEmitX yle__article__paragraph\">Lahtinen arvelee, ett\u00e4 majoitustoiminta ja alueen laajempi kehitys menee vuodelle 2027.<\/p>\n<p class=\"aw-1gybjub aw-1p7kakr kEtdKx cEmitX yle__article__paragraph\">Sarjavalittajan oikaisuvaatimus on heitt\u00e4nyt varjon suunnitelmien ylle.<\/p>\n<p class=\"aw-1gybjub aw-1p7kakr kEtdKx cEmitX yle__article__paragraph\">\u2013 Navetan peruskorjausta ja muuta isompaa pit\u00e4\u00e4 mietti\u00e4 v\u00e4h\u00e4n maalaisj\u00e4rjell\u00e4, ett\u00e4 mihin uskaltaa l\u00e4hte\u00e4. Ehk\u00e4 v\u00e4h\u00e4n hullunrohkeaa se olisi ennen kuin viralliset p\u00e4\u00e4t\u00f6kset ovat olemassa, Lahtinen sanoo.<\/p>\n<p>Tilap\u00e4inen vuokrasopimus<\/p>\n<p class=\"aw-1gybjub aw-1p7kakr kEtdKx cEmitX yle__article__paragraph\">Viranhaltijap\u00e4\u00e4t\u00f6ksen mukaan Maisansalon vuokrasopimus on tilap\u00e4inen ja se purkautuu, kun kohteen omistusoikeus siirtyy vuokralaiselle.<\/p>\n<p class=\"aw-1gybjub aw-1p7kakr kEtdKx cEmitX yle__article__paragraph\">K\u00e4yt\u00e4nn\u00f6ss\u00e4 t\u00e4m\u00e4 tapahtuu, kun myynti\u00e4 koskeva p\u00e4\u00e4t\u00f6s on saanut lainvoiman ja Teiskon vihre\u00e4 unelma on maksanut kauppahinnan.<\/p>\n<p><img decoding=\"async\" alt=\"Suuri kyltti: Juhlaravintola Maisa tarjoaa palveluita ja ruokaa luonnonl\u00e4heisess\u00e4 ymp\u00e4rist\u00f6ss\u00e4 Maisansalossa, Tampereella. Taustalla punainen rakennus.\" src=\"https:\/\/www.europesays.com\/fi\/wp-content\/uploads\/2026\/04\/39-163001869e622225afe4.jpeg\" loading=\"lazy\" class=\"aw-1l9m598 hKVVvP\"\/><\/p>\n<p>Avaa kuvien katselu<\/p>\n<p>Kaupunki p\u00e4\u00e4tti vuokrata Maisansalon alueen ja sen rakennukset valitusk\u00e4sittelyn ajaksi, jotta pitk\u00e4\u00e4n suunnitellun kehityshankkeen toteutuminen voidaan varmistaa. Kuva: Miikka Varila \/ Yle<\/p>\n<p class=\"aw-1gybjub aw-1p7kakr kEtdKx cEmitX yle__article__paragraph\">Maisansalon myyntip\u00e4\u00e4t\u00f6ksen oikaisuvaatimus k\u00e4sitell\u00e4\u00e4n asunto- ja kiinteist\u00f6lautakunnan ensi viikon torstain kokouksessa. Vuokra-aika alkaa heti seuraavana p\u00e4iv\u00e4n\u00e4.<\/p>\n<p class=\"aw-1gybjub aw-1p7kakr kEtdKx cEmitX yle__article__paragraph\">Jos lautakunta hylk\u00e4\u00e4 oikaisuvaatimuksen, p\u00e4\u00e4t\u00f6ksest\u00e4 voi valittaa viel\u00e4 hallinto-oikeuteen.<\/p>\n<p class=\"aw-1gybjub aw-1p7kakr kEtdKx cEmitX yle__article__paragraph\">Maisansalon myyntip\u00e4\u00e4t\u00f6ksen oikaisuvaatimuksesta kertoi ensin <a class=\"aw-iao6s4 iHOxEa yle__article__link\" href=\"https:\/\/www.aamulehti.fi\/tampere\/art-2000011946870.html\" role=\"link\" rel=\"nofollow noopener\" target=\"_blank\">Aamulehti<\/a>.<\/p>\n<p class=\"aw-1gybjub aw-1p7kakr kEtdKx cEmitX yle__article__paragraph\"><a class=\"aw-iao6s4 iHOxEa yle__article__link\" href=\"https:\/\/yle.fi\/a\/74-20197156\" role=\"link\" rel=\"nofollow noopener\" target=\"_blank\">Poliisi on k\u00e4ynnist\u00e4nyt esitutkinnan <\/a>sarjavalittajan toimista Tampereella. Tutkintapyynn\u00f6n asiasta teki Tampereen kaupunki.<\/p>\n<p class=\"aw-1gybjub aw-1p7kakr kEtdKx cEmitX yle__article__paragraph\"><strong class=\"aw-ak79eh KyCXm yle__article__strong\">Yksi sarjavalittajan uhreista on Eppu Normaali oy:n omistama Akun Tehdas. 5.11.2025 julkaistulla videolla toimitusjohtaja Aku Syrj\u00e4 kertoo, millaista haittaa t\u00e4st\u00e4 on ollut:<\/strong><\/p>\n<p>Arkistovideo: Miikka Varila \/ Yle<\/p>\n","protected":false},"excerpt":{"rendered":"Kaupunki vuokraa Maisansalon matkailualueen valitus\u00adk\u00e4sittelyn ajaksi, jotta sen kehitt\u00e4minen ei kaatuisi oikaisu\u00advaatimukseen. Avaa kuvien katselu Maisansalon matkailualue sijaitsee&hellip;\n","protected":false},"author":2,"featured_media":225901,"comment_status":"","ping_status":"","sticky":false,"template":"","format":"standard","meta":{"footnotes":"","_share_on_mastodon":"0"},"categories":[12],"tags":[22,23,26,27,33,31,30,17,71,1833,32958,24,25,28,29,1478,15,25417,18,21,553,32,551,21959,19,20,16],"class_list":["post-225900","post","type-post","status-publish","format-standard","has-post-thumbnail","category-suomi","tag-breaking-news","tag-breakingnews","tag-featured-news","tag-featurednews","tag-fi","tag-finland","tag-finnish","tag-headlines","tag-kotimaa","tag-kunnat","tag-kuntalaisten-valitukset","tag-latest-news","tag-latestnews","tag-main-news","tag-mainnews","tag-matkailu","tag-news","tag-oikaisuvaatimus","tag-otsikot","tag-paauutiset","tag-pirkanmaa","tag-suomi","tag-tampere","tag-teisko","tag-top-stories","tag-topstories","tag-uutiset"],"share_on_mastodon":{"url":"https:\/\/pubeurope.com\/@fi\/116437534192548648","error":""},"_links":{"self":[{"href":"https:\/\/www.europesays.com\/fi\/wp-json\/wp\/v2\/posts\/225900","targetHints":{"allow":["GET"]}}],"collection":[{"href":"https:\/\/www.europesays.com\/fi\/wp-json\/wp\/v2\/posts"}],"about":[{"href":"https:\/\/www.europesays.com\/fi\/wp-json\/wp\/v2\/types\/post"}],"author":[{"embeddable":true,"href":"https:\/\/www.europesays.com\/fi\/wp-json\/wp\/v2\/users\/2"}],"replies":[{"embeddable":true,"href":"https:\/\/www.europesays.com\/fi\/wp-json\/wp\/v2\/comments?post=225900"}],"version-history":[{"count":0,"href":"https:\/\/www.europesays.com\/fi\/wp-json\/wp\/v2\/posts\/225900\/revisions"}],"wp:featuredmedia":[{"embeddable":true,"href":"https:\/\/www.europesays.com\/fi\/wp-json\/wp\/v2\/media\/225901"}],"wp:attachment":[{"href":"https:\/\/www.europesays.com\/fi\/wp-json\/wp\/v2\/media?parent=225900"}],"wp:term":[{"taxonomy":"category","embeddable":true,"href":"https:\/\/www.europesays.com\/fi\/wp-json\/wp\/v2\/categories?post=225900"},{"taxonomy":"post_tag","embeddable":true,"href":"https:\/\/www.europesays.com\/fi\/wp-json\/wp\/v2\/tags?post=225900"}],"curies":[{"name":"wp","href":"https:\/\/api.w.org\/{rel}","templated":true}]}}