{"id":226471,"date":"2026-04-21T06:24:14","date_gmt":"2026-04-21T06:24:14","guid":{"rendered":"https:\/\/www.europesays.com\/fi\/226471\/"},"modified":"2026-04-21T06:24:14","modified_gmt":"2026-04-21T06:24:14","slug":"whatsapp-alkaa-veloittaa-kayttajilta-nama-ominaisuudet-saa-rahalla","status":"publish","type":"post","link":"https:\/\/www.europesays.com\/fi\/226471\/","title":{"rendered":"WhatsApp alkaa veloittaa k\u00e4ytt\u00e4jilt\u00e4 \u2013 n\u00e4m\u00e4 ominaisuudet saa rahalla"},"content":{"rendered":"<p><img loading=\"lazy\" decoding=\"async\" aria-describedby=\"caption-attachment-73822\" class=\"size-large wp-image-73822\" src=\"https:\/\/www.europesays.com\/fi\/wp-content\/uploads\/2026\/04\/WhatsApp_Logo_2-e1629873865854-1024x647.png\" alt=\"\" width=\"1024\" height=\"647\"\/><\/p>\n<p id=\"caption-attachment-73822\" class=\"wp-caption-text\">WhatsAppin logo<\/p>\n<p>Maailman suosituimpiin pikaviestisovelluksiin kuuluva WhatsApp on ottamassa yll\u00e4tt\u00e4v\u00e4n askeleen, sill\u00e4 WhatsApp testaa parhaillaan maksullista tilausmallia nimelt\u00e4 WhatsApp Plus. Vaikka perustoiminnot s\u00e4ilyv\u00e4t ilmaisina, uusi lis\u00e4paketti voi jakaa k\u00e4ytt\u00e4jien mielipiteet.<\/p>\n<p>Tilaus maksaa Euroopassa 2,49 euroa kuukaudessa, ja vastineeksi k\u00e4ytt\u00e4jille tarjotaan joukko ominaisuuksia, jotka keskittyv\u00e4t ennen kaikkea personointiin ja k\u00e4ytt\u00f6kokemuksen hienos\u00e4\u00e4t\u00f6\u00f6n.<\/p>\n<p>\n\t\t\tArtikkeli jatkuu mainoksen j\u00e4lkeen\n\t\t<\/p>\n<p>\t\t]]><\/p>\n<dl class=\"gallery-item\">\n<dt class=\"gallery-icon landscape\">\n\t\t\t\t<a href=\"https:\/\/suomimobiili.fi\/wp-content\/uploads\/2026\/04\/WA_EXCLUSIVE_STICKERS_WITH_OVERLAY_EFFECTS_WHATSAPP_PLUS_FEATURE_ANDROID-scaled.webp\" rel=\"nofollow noopener\" target=\"_blank\"><img loading=\"lazy\" decoding=\"async\" width=\"1024\" height=\"754\" src=\"https:\/\/www.europesays.com\/fi\/wp-content\/uploads\/2026\/04\/WA_EXCLUSIVE_STICKERS_WITH_OVERLAY_EFFECTS_WHATSAPP_PLUS_FEATURE_ANDROID-1024x754.webp.webp\" class=\"attachment-large size-large\" alt=\"\"\/><\/a>\n\t\t\t<\/dt>\n<\/dl>\n<dl class=\"gallery-item\">\n<dt class=\"gallery-icon landscape\">\n\t\t\t\t<a href=\"https:\/\/suomimobiili.fi\/wp-content\/uploads\/2026\/04\/WA_CHOOSE_APP_THEME_COLOR_WHATSAPP_PLUS_FEATURE_ANDROID-scaled.webp\" rel=\"nofollow noopener\" target=\"_blank\"><img loading=\"lazy\" decoding=\"async\" width=\"1024\" height=\"754\" src=\"https:\/\/www.europesays.com\/fi\/wp-content\/uploads\/2026\/04\/WA_CHOOSE_APP_THEME_COLOR_WHATSAPP_PLUS_FEATURE_ANDROID-1024x754.webp.webp\" class=\"attachment-large size-large\" alt=\"\"\/><\/a>\n\t\t\t<\/dt>\n<\/dl>\n<p><br style=\"clear: both\"\/><\/p>\n<p>Uuden maksullisen paketin mukana tulee muun muassa eksklusiivisia tarroja, mahdollisuus vaihtaa sovelluksen teemaa jopa 18 eri v\u00e4rin v\u00e4lill\u00e4 sek\u00e4 asettaa WhatsAppille t\u00e4ysin oma kuvake, joka n\u00e4kyy suoraan puhelimen aloitusn\u00e4yt\u00f6ss\u00e4. K\u00e4yt\u00e4nn\u00f6ss\u00e4 sovelluksesta voi tehd\u00e4 entist\u00e4 enemm\u00e4n oman n\u00e4k\u00f6isen.<\/p>\n<p>WhatsApp Plus nostaa kiinnitettyjen keskustelujen m\u00e4\u00e4r\u00e4n rajusti, sill\u00e4 ilmaisversiossa kolmen chatin sijaan maksavat k\u00e4ytt\u00e4j\u00e4t voivat kiinnitt\u00e4\u00e4 jopa 20 keskustelua. Lis\u00e4ksi tarjolla on kymmenen erillist\u00e4 soitto\u00e4\u00e4nt\u00e4 sek\u00e4 mahdollisuus hallita useita keskusteluja kerralla erilaisten listojen avulla.<\/p>\n<p>\n\t\t\tArtikkeli jatkuu mainoksen j\u00e4lkeen\n\t\t<\/p>\n<p>\t\t]]><\/p>\n<p>K\u00e4yt\u00e4nn\u00f6ss\u00e4 t\u00e4m\u00e4 tarkoittaa sit\u00e4, ett\u00e4 k\u00e4ytt\u00e4j\u00e4 voi esimerkiksi luoda tietyn ryhm\u00e4n keskusteluja ja m\u00e4\u00e4ritt\u00e4\u00e4 niille yhteiset asetukset, kuten teeman. Kun uusi keskustelu lis\u00e4t\u00e4\u00e4n listaan, asetukset tulevat automaattisesti mukaan.<\/p>\n<p>T\u00e4ss\u00e4 vaiheessa on kuitenkin hyv\u00e4 huomioida yksi asia, mit\u00e4\u00e4n tuttua ei ole viety pois. Kaikki WhatsAppin ydintoiminnot, kuten viestit, puhelut ja p\u00e4\u00e4st\u00e4 p\u00e4\u00e4h\u00e4n -salaus, s\u00e4ilyv\u00e4t edelleen t\u00e4ysin ilmaisina. Maksullinen tilaus tuo ainoastaan uusia lis\u00e4ominaisuuksia.<\/p>\n<p>\n\t\t\tArtikkeli jatkuu mainoksen j\u00e4lkeen\n\t\t<\/p>\n<p>WhatsApp Plus on toistaiseksi rajatun k\u00e4ytt\u00e4j\u00e4joukon testiss\u00e4, ja painopiste n\u00e4ytt\u00e4\u00e4 olevan erityisesti Androidissa. iOS-tuki on tulossa my\u00f6hemmin, mutta tarkkaa aikataulua ei ole viel\u00e4 kerrottu.<\/p>\n<p>On selv\u00e4\u00e4, ett\u00e4 Meta etsii uusia tapoja tehd\u00e4 rahaa valtavalla k\u00e4ytt\u00e4j\u00e4kunnallaan, mutta kysymys kuuluu, riitt\u00e4v\u00e4tk\u00f6 v\u00e4rikk\u00e4\u00e4t teemat ja lis\u00e4tarrat perustelemaan kuukausimaksun.<\/p>\n<p><strong>L\u00e4hde<\/strong>: <a href=\"https:\/\/wabetainfo.com\/whatsapp-plus-is-rolling-out-new-premium-features\/\" target=\"_blank\" rel=\"noopener nofollow\">Wabetainfo.com<\/a><\/p>\n","protected":false},"excerpt":{"rendered":"WhatsAppin logo Maailman suosituimpiin pikaviestisovelluksiin kuuluva WhatsApp on ottamassa yll\u00e4tt\u00e4v\u00e4n askeleen, sill\u00e4 WhatsApp testaa parhaillaan maksullista tilausmallia nimelt\u00e4&hellip;\n","protected":false},"author":2,"featured_media":186963,"comment_status":"","ping_status":"","sticky":false,"template":"","format":"standard","meta":{"footnotes":"","_share_on_mastodon":"0"},"categories":[85],"tags":[33,31,30,419,418,32,91,92,2963],"class_list":["post-226471","post","type-post","status-publish","format-standard","has-post-thumbnail","category-mobiili","tag-fi","tag-finland","tag-finnish","tag-mobiili","tag-mobile","tag-suomi","tag-technology","tag-teknologia","tag-whatsapp"],"share_on_mastodon":{"url":"https:\/\/pubeurope.com\/@fi\/116441269543246296","error":""},"_links":{"self":[{"href":"https:\/\/www.europesays.com\/fi\/wp-json\/wp\/v2\/posts\/226471","targetHints":{"allow":["GET"]}}],"collection":[{"href":"https:\/\/www.europesays.com\/fi\/wp-json\/wp\/v2\/posts"}],"about":[{"href":"https:\/\/www.europesays.com\/fi\/wp-json\/wp\/v2\/types\/post"}],"author":[{"embeddable":true,"href":"https:\/\/www.europesays.com\/fi\/wp-json\/wp\/v2\/users\/2"}],"replies":[{"embeddable":true,"href":"https:\/\/www.europesays.com\/fi\/wp-json\/wp\/v2\/comments?post=226471"}],"version-history":[{"count":0,"href":"https:\/\/www.europesays.com\/fi\/wp-json\/wp\/v2\/posts\/226471\/revisions"}],"wp:featuredmedia":[{"embeddable":true,"href":"https:\/\/www.europesays.com\/fi\/wp-json\/wp\/v2\/media\/186963"}],"wp:attachment":[{"href":"https:\/\/www.europesays.com\/fi\/wp-json\/wp\/v2\/media?parent=226471"}],"wp:term":[{"taxonomy":"category","embeddable":true,"href":"https:\/\/www.europesays.com\/fi\/wp-json\/wp\/v2\/categories?post=226471"},{"taxonomy":"post_tag","embeddable":true,"href":"https:\/\/www.europesays.com\/fi\/wp-json\/wp\/v2\/tags?post=226471"}],"curies":[{"name":"wp","href":"https:\/\/api.w.org\/{rel}","templated":true}]}}