{"id":22655,"date":"2025-09-01T16:01:10","date_gmt":"2025-09-01T16:01:10","guid":{"rendered":"https:\/\/www.europesays.com\/fi\/22655\/"},"modified":"2025-09-01T16:01:10","modified_gmt":"2025-09-01T16:01:10","slug":"koko-maassa-tapahtuu-taydellinen-kuunpimennys-illalla-7-9","status":"publish","type":"post","link":"https:\/\/www.europesays.com\/fi\/22655\/","title":{"rendered":"Koko maassa tapahtuu t\u00e4ydellinen kuunpimennys illalla 7.9."},"content":{"rendered":"<p>1.9.2025<\/p>\n<p>Pimennys n\u00e4kyy koko Suomen alueella. Pimennys on jo k\u00e4ynniss\u00e4 Kuun noustessa, mutta sen t\u00e4ydellist\u00e4 vaihetta voidaan seurata s\u00e4\u00e4n salliessa koko maassa.<\/p>\n<p>\u00a0<\/p>\n<p>T\u00e4ydelliset kuunpimennykset ovat harvinaisempia kuin v\u00e4hemm\u00e4n n\u00e4ytt\u00e4v\u00e4t osittaiset tai puolivarjopimennykset. Edellisen kerran t\u00e4ydellinen kuunpimennys n\u00e4htiin Suomessa tammikuussa 2019. Erilaisia kuunpimennyksi\u00e4 tapahtuu koko maapallolla vuoden aikana 2\u20135 kappaletta.<\/p>\n<p>Mink\u00e4 tahansa satunnaisen havaintopaikan vinkkelist\u00e4 t\u00e4ydelliset kuunpimennykset ovat kuitenkin merkitt\u00e4v\u00e4sti yleisempi\u00e4 kuin t\u00e4ydelliset auringonpimennykset. T\u00e4m\u00e4 johtuu siit\u00e4, ett\u00e4 pimentynyt Kuu n\u00e4kyy laajemmalle alueelle kuin pimentynyt Aurinko. T\u00e4m\u00e4 pimennys n\u00e4kyy hyvin laajalti koko maapallolla, ja osa siit\u00e4 n\u00e4kyy jokaisella mantereella. Kokonaan se n\u00e4kyy it\u00e4isess\u00e4 Afrikassa, keskisess\u00e4 Aasiassa, l\u00e4ntisess\u00e4 Australiassa ja Etel\u00e4mantereella.<\/p>\n<p>Pimennyksen kulku<\/p>\n<p>Kuunpimennykset tapahtuvat aina t\u00e4ydenkuun aikaan, kun Kuu on Maata kiert\u00e4v\u00e4ll\u00e4 radallaan vastakkaisella puolella maapalloa kuin Aurinko. Kuu pimenee, kun se kulkee radallaan Maan varjoon.<\/p>\n<p>Jokaisen t\u00e4ysikuun aikaan ei kuitenkaan tapahdu pimennyst\u00e4, sill\u00e4 Kuun rata on hiukan kallellaan Maan ratatasoon n\u00e4hden, ja kiertolaisemme kulkee yleens\u00e4 Maan varjon yl\u00e4- tai alapuolelta.<\/p>\n<p>Kuunpimennys alkaa, kun Kuu alkaa lipua avaruudessa Maan heitt\u00e4m\u00e4\u00e4n puolivarjoon. T\u00e4ll\u00f6in Auringon kiekosta osa valaisee yh\u00e4 Kuuta kirkkaasti ja pimennyst\u00e4 on viel\u00e4 hyvin vaikeaa huomata. Osittaisen pimennyksen alkaessa Kuu alkaa siirty\u00e4 puolivarjosta Maan t\u00e4ysvarjon alueelle ja sen edell\u00e4 kulkeva reuna alkaa tummua selke\u00e4sti.\u00a0<\/p>\n<p>Kuu nousee Helsingiss\u00e4 klo 20.02, Oulussa klo 20.13 Utsjoella klo 20.20 ja Karesuvannolla klo 20.32.<\/p>\n<p>T\u00e4ydellinen pimennys alkaa klo 20.31 Kuun kuljettua kokonaan Maan t\u00e4ysvarjoon. T\u00e4ydellisen pimennyksen syvin hetki koetaan klo 21.12.\u00a0<\/p>\n<p>Pimennyksen syvimm\u00e4n hetken aikana Kuu ei kuitenkaan pimene t\u00e4ysin ja katoa n\u00e4kyvist\u00e4. T\u00e4m\u00e4 johtuu Maan ilmakeh\u00e4st\u00e4, joka taivuttaa takaansa tulevaa auringonvaloa Kuun pinnalle. Ilmakeh\u00e4 sirottaa valon sinisi\u00e4 v\u00e4ris\u00e4vyj\u00e4, mik\u00e4 v\u00e4rj\u00e4\u00e4 my\u00f6s p\u00e4iv\u00e4taivaamme siniseksi. Ilmakeh\u00e4n l\u00e4pi kuljettuaan valosta ovat j\u00e4ljell\u00e4 en\u00e4\u00e4 punertavat v\u00e4ris\u00e4vyt, ja ne v\u00e4rj\u00e4\u00e4v\u00e4t Kuun pinnan ruosteenpunaiseksi. Jos maapallolla ei olisi ilmakeh\u00e4\u00e4, Kuu todella katoaisi n\u00e4kyvist\u00e4.<\/p>\n<p>Kuun tummuus vaihtelee pimennyksest\u00e4 toiseen oranssista tai kuparinv\u00e4risest\u00e4 tummaan, l\u00e4hes n\u00e4kym\u00e4tt\u00f6m\u00e4\u00e4n Kuuhun. Pimennyksen tummuus riippuu siit\u00e4, miten l\u00e4helt\u00e4 t\u00e4ysvarjon keskustaa Kuu kulkee. My\u00f6s Maan ilmakeh\u00e4n ep\u00e4puhtaudet vaikuttavat Kuun v\u00e4riin. Kuun n\u00e4kyminen l\u00e4hell\u00e4 horisonttia lis\u00e4\u00e4 sekin Kuun punertavuutta.<\/p>\n<p>T\u00e4ydellinen pimennys p\u00e4\u00e4ttyy klo 21.53, kun Kuu lipuu j\u00e4lleen Maan puolivarjoon ja lopulta sielt\u00e4 pois. Koko pimennys on ohi klo 23.55.\u00a0<\/p>\n<p>\u00a0<\/p>\n<tr><strong>Pimennyksen kulku<\/strong>\u00a0<\/tr>\n<tr>\n<td>Puolivarjopimennys alkaa<\/td>\n<td>klo 18.28<\/td>\n<\/tr>\n<tr>\n<td>Osittainen vaihe alkaa<\/td>\n<td>klo 19.27<\/td>\n<\/tr>\n<tr>\n<td>Kuu nousee Helsingiss\u00e4<\/td>\n<td>klo 20.02<\/td>\n<\/tr>\n<tr>\n<td>Kuu nousee Oulussa<\/td>\n<td>klo 20.13<\/td>\n<\/tr>\n<tr>\n<td>Kuu nousee Utsjoella<\/td>\n<td>klo 20.20<\/td>\n<\/tr>\n<tr>\n<td><strong>T\u00e4ydellinen vaihe alkaa<\/strong><\/td>\n<td><strong>klo 20.31<\/strong><\/td>\n<\/tr>\n<tr>\n<td>Kuu nousee Karesuvannolla<\/td>\n<td>klo 20.32<\/td>\n<\/tr>\n<tr>\n<td><strong>Pimennys syvimmill\u00e4\u00e4n<\/strong><\/td>\n<td><strong>klo 21.12<\/strong><\/td>\n<\/tr>\n<tr>\n<td><strong>T\u00e4ydellinen vaihe p\u00e4\u00e4ttyy<\/strong><\/td>\n<td><strong>klo 21.53<\/strong><\/td>\n<\/tr>\n<tr>\n<td>Osittainen vaihe p\u00e4\u00e4ttyy<\/td>\n<td>klo 22.56<\/td>\n<\/tr>\n<tr>\n<td>Puolivarjopimennys p\u00e4\u00e4ttyy<\/td>\n<td>klo 23.55<\/td>\n<\/tr>\n<tr>\n<td>\u00a0<\/td>\n<td>\u00a0<\/td>\n<\/tr>\n<p>Pimennyksen havaitseminen<\/p>\n<p>Kuu nousee taivaalle it\u00e4kaakon suunnalta. Pimennyksen edetess\u00e4 kohti t\u00e4ydellist\u00e4 vaihetta se kohoaa hieman korkeammalle horisontista ja on pimennyksen syvimm\u00e4n hetken aikaan edelleen it\u00e4kaakossa.<\/p>\n<p>Pimennyksen ollessa syvimmill\u00e4\u00e4n Kuulla on korkeutta horisontista Helsingiss\u00e4 7,5 astetta, Oulussa 5,4 astetta, Utsjoella 3,5 astetta ja Karesuvannolla 2,8 astetta. Suoristetun k\u00e4sivarren p\u00e4\u00e4ss\u00e4 k\u00e4mmen on rystysten kohdalta leveydelt\u00e4\u00e4n yleens\u00e4 noin kahdeksan astetta ja yksi sormi noin kaksi astetta. Tarkka leveys riippuu havaitsijasta.<\/p>\n<p>Kuu on siis taivaalla pimennyksen aikaan varsin matalalla, etenkin maan luoteisosissa. Pimennyst\u00e4 seuraavien onkin hyv\u00e4 hakeutua sellaiselle havaintopaikalle, jossa n\u00e4kyvyys it\u00e4kaakon puoleiseen horisonttiin on hyv\u00e4, eik\u00e4 edess\u00e4 ole taloja, puita tai muita esteit\u00e4. M\u00e4en p\u00e4\u00e4lle kiipe\u00e4minen on hyv\u00e4 ajatus. Horisontin suunnalla n\u00e4kyy my\u00f6s usein kauempana olevia pilvi\u00e4, jotka saattavat haitata pimennyksen n\u00e4kymist\u00e4.<\/p>\n<p>Kuunpimennys on verkkainen ja turvallinen havaita, eik\u00e4 samanlaisia varotoimenpiteit\u00e4 tarvitse noudattaa kuin auringonpimennyksen aikana. Kuuta voi havaita paljain silmin, eik\u00e4 kiikaria tai kaukoputkea tarvita. Mik\u00e4li aikoo k\u00e4yd\u00e4 katsomassa pimennyksest\u00e4 vain parhaat palat, havainnot kannattaa tehd\u00e4 pimennyksen syvimm\u00e4n hetken aikoihin.<\/p>\n<p>Ursa j\u00e4rjest\u00e4\u00e4 sunnuntaina s\u00e4\u00e4n salliessa avoimen pimennyksen havaitsemistapahtuman Kaivopuiston t\u00e4htitornilla klo 20 alkaen. Tapahtumasta l\u00f6ytyy lis\u00e4tietoja sivulta <a href=\"https:\/\/www.ursa.fi\/kuu2025.html\" rel=\"nofollow noopener\" target=\"_blank\"><strong>ursa.fi\/kuu2025<\/strong><\/a>. Sivu p\u00e4ivittyy s\u00e4\u00e4ennusteen tarkentuessa.<\/p>\n","protected":false},"excerpt":{"rendered":"1.9.2025 Pimennys n\u00e4kyy koko Suomen alueella. Pimennys on jo k\u00e4ynniss\u00e4 Kuun noustessa, mutta sen t\u00e4ydellist\u00e4 vaihetta voidaan seurata&hellip;\n","protected":false},"author":2,"featured_media":22656,"comment_status":"","ping_status":"","sticky":false,"template":"","format":"standard","meta":{"footnotes":""},"categories":[114],"tags":[453,33,31,30,118,452,32,119],"class_list":{"0":"post-22655","1":"post","2":"type-post","3":"status-publish","4":"format-standard","5":"has-post-thumbnail","7":"category-avaruus","8":"tag-avaruus","9":"tag-fi","10":"tag-finland","11":"tag-finnish","12":"tag-science","13":"tag-space","14":"tag-suomi","15":"tag-tiede"},"share_on_mastodon":{"url":"","error":""},"_links":{"self":[{"href":"https:\/\/www.europesays.com\/fi\/wp-json\/wp\/v2\/posts\/22655","targetHints":{"allow":["GET"]}}],"collection":[{"href":"https:\/\/www.europesays.com\/fi\/wp-json\/wp\/v2\/posts"}],"about":[{"href":"https:\/\/www.europesays.com\/fi\/wp-json\/wp\/v2\/types\/post"}],"author":[{"embeddable":true,"href":"https:\/\/www.europesays.com\/fi\/wp-json\/wp\/v2\/users\/2"}],"replies":[{"embeddable":true,"href":"https:\/\/www.europesays.com\/fi\/wp-json\/wp\/v2\/comments?post=22655"}],"version-history":[{"count":0,"href":"https:\/\/www.europesays.com\/fi\/wp-json\/wp\/v2\/posts\/22655\/revisions"}],"wp:featuredmedia":[{"embeddable":true,"href":"https:\/\/www.europesays.com\/fi\/wp-json\/wp\/v2\/media\/22656"}],"wp:attachment":[{"href":"https:\/\/www.europesays.com\/fi\/wp-json\/wp\/v2\/media?parent=22655"}],"wp:term":[{"taxonomy":"category","embeddable":true,"href":"https:\/\/www.europesays.com\/fi\/wp-json\/wp\/v2\/categories?post=22655"},{"taxonomy":"post_tag","embeddable":true,"href":"https:\/\/www.europesays.com\/fi\/wp-json\/wp\/v2\/tags?post=22655"}],"curies":[{"name":"wp","href":"https:\/\/api.w.org\/{rel}","templated":true}]}}