{"id":226807,"date":"2026-04-21T14:04:12","date_gmt":"2026-04-21T14:04:12","guid":{"rendered":"https:\/\/www.europesays.com\/fi\/226807\/"},"modified":"2026-04-21T14:04:12","modified_gmt":"2026-04-21T14:04:12","slug":"16-vuotias-poika-paatettiin-vangita-seinajoella-poliisi-ei-avaa-rikoksia-tarkemmin-etela-pohjanmaa","status":"publish","type":"post","link":"https:\/\/www.europesays.com\/fi\/226807\/","title":{"rendered":"16-vuotias poika p\u00e4\u00e4tettiin vangita Sein\u00e4joella \u2013 poliisi ei avaa rikoksia tarkemmin | Etel\u00e4-Pohjanmaa"},"content":{"rendered":"<p class=\"aw-1gybjub aw-5vja16 kEtdKx kmuxyA yle__article__paragraph\">Vangittua ep\u00e4ill\u00e4\u00e4n t\u00f6rke\u00e4st\u00e4 ry\u00f6st\u00f6st\u00e4, joka tapahtui sein\u00e4jokelaisessa parkkihallissa 10. huhtikuuta.<\/p>\n<p><img decoding=\"async\" alt=\"Etel\u00e4-Pohjanmaan k\u00e4r\u00e4j\u00e4oikeuden kyltti taivasta vasten. \" src=\"https:\/\/www.europesays.com\/fi\/wp-content\/uploads\/2026\/04\/39-7394225fa56c0d08bf5.jpeg\" class=\"aw-1l9m598 hKVVvP\"\/><\/p>\n<p>Avaa kuvien katselu<\/p>\n<p>Etel\u00e4-Pohjanmaan k\u00e4r\u00e4j\u00e4oikeus vangitsi tiistaina 16-vuotiaan pojan ep\u00e4iltyn\u00e4 t\u00f6rke\u00e4st\u00e4 ry\u00f6st\u00f6st\u00e4. Kuva: Elina Niemist\u00f6 \/ Yle<\/p>\n<p class=\"aw-1gybjub aw-1p7kakr kEtdKx cEmitX yle__article__paragraph\">Etel\u00e4-Pohjanmaan k\u00e4r\u00e4j\u00e4oikeus on vanginnut 16-vuotiaan pojan ep\u00e4iltyn\u00e4 t\u00f6rke\u00e4st\u00e4 ry\u00f6st\u00f6st\u00e4. H\u00e4net vangittiin todenn\u00e4k\u00f6isin syin ep\u00e4iltyn\u00e4.<\/p>\n<p class=\"aw-1gybjub aw-1p7kakr kEtdKx cEmitX yle__article__paragraph\">Ep\u00e4ilty rikos tapahtui Sein\u00e4joen keskustassa sijaitsevassa pys\u00e4k\u00f6intihallissa 10. huhtikuuta.<\/p>\n<p class=\"aw-1gybjub aw-1p7kakr kEtdKx cEmitX yle__article__paragraph\">Nuoren vangitsemista vaati Pohjanmaan poliisi. Vangitsemista perusteltiin useilla rikosep\u00e4ilyill\u00e4 lyhyen ajan sis\u00e4ll\u00e4.<\/p>\n<p class=\"aw-1gybjub aw-1p7kakr kEtdKx cEmitX yle__article__paragraph\">Tutkinnanjohtajana toimiva rikoskomisario <strong class=\"aw-ak79eh KyCXm yle__article__strong\">Tiina Sillanp\u00e4\u00e4<\/strong> sanoo, ett\u00e4 nuoren vangitseminen on harvinaista. H\u00e4n ei kommentoi tapausta tarkemmin, koska esitutkinta on kesken.<\/p>\n<p class=\"aw-1gybjub aw-1p7kakr kEtdKx cEmitX yle__article__paragraph\">\u2013 Kyse on kokonaisuudesta, jossa alaik\u00e4inen on ajautunut useisiin rikosep\u00e4ilyihin lyhyen ajan sis\u00e4ll\u00e4. T\u00e4llaisiin tilanteisiin pyrit\u00e4\u00e4n puuttumaan mahdollisimman varhaisessa vaiheessa yhteisty\u00f6ss\u00e4 eri viranomaisten kanssa.<\/p>\n","protected":false},"excerpt":{"rendered":"Vangittua ep\u00e4ill\u00e4\u00e4n t\u00f6rke\u00e4st\u00e4 ry\u00f6st\u00f6st\u00e4, joka tapahtui sein\u00e4jokelaisessa parkkihallissa 10. huhtikuuta. Avaa kuvien katselu Etel\u00e4-Pohjanmaan k\u00e4r\u00e4j\u00e4oikeus vangitsi tiistaina 16-vuotiaan&hellip;\n","protected":false},"author":2,"featured_media":226808,"comment_status":"","ping_status":"","sticky":false,"template":"","format":"standard","meta":{"footnotes":"","_share_on_mastodon":"0"},"categories":[12],"tags":[22,23,1377,26,27,33,31,30,17,71,24,25,28,29,15,18,21,16309,581,4678,680,32,19,20,16,37],"class_list":["post-226807","post","type-post","status-publish","format-standard","has-post-thumbnail","category-suomi","tag-breaking-news","tag-breakingnews","tag-etela-pohjanmaa","tag-featured-news","tag-featurednews","tag-fi","tag-finland","tag-finnish","tag-headlines","tag-kotimaa","tag-latest-news","tag-latestnews","tag-main-news","tag-mainnews","tag-news","tag-otsikot","tag-paauutiset","tag-pohjanmaan-poliisilaitos","tag-rikokset","tag-ryosto","tag-seinajoki","tag-suomi","tag-top-stories","tag-topstories","tag-uutiset","tag-vakivaltarikokset"],"share_on_mastodon":{"url":"https:\/\/pubeurope.com\/@fi\/116443078286378807","error":""},"_links":{"self":[{"href":"https:\/\/www.europesays.com\/fi\/wp-json\/wp\/v2\/posts\/226807","targetHints":{"allow":["GET"]}}],"collection":[{"href":"https:\/\/www.europesays.com\/fi\/wp-json\/wp\/v2\/posts"}],"about":[{"href":"https:\/\/www.europesays.com\/fi\/wp-json\/wp\/v2\/types\/post"}],"author":[{"embeddable":true,"href":"https:\/\/www.europesays.com\/fi\/wp-json\/wp\/v2\/users\/2"}],"replies":[{"embeddable":true,"href":"https:\/\/www.europesays.com\/fi\/wp-json\/wp\/v2\/comments?post=226807"}],"version-history":[{"count":0,"href":"https:\/\/www.europesays.com\/fi\/wp-json\/wp\/v2\/posts\/226807\/revisions"}],"wp:featuredmedia":[{"embeddable":true,"href":"https:\/\/www.europesays.com\/fi\/wp-json\/wp\/v2\/media\/226808"}],"wp:attachment":[{"href":"https:\/\/www.europesays.com\/fi\/wp-json\/wp\/v2\/media?parent=226807"}],"wp:term":[{"taxonomy":"category","embeddable":true,"href":"https:\/\/www.europesays.com\/fi\/wp-json\/wp\/v2\/categories?post=226807"},{"taxonomy":"post_tag","embeddable":true,"href":"https:\/\/www.europesays.com\/fi\/wp-json\/wp\/v2\/tags?post=226807"}],"curies":[{"name":"wp","href":"https:\/\/api.w.org\/{rel}","templated":true}]}}