{"id":22726,"date":"2025-09-01T17:35:11","date_gmt":"2025-09-01T17:35:11","guid":{"rendered":"https:\/\/www.europesays.com\/fi\/22726\/"},"modified":"2025-09-01T17:35:11","modified_gmt":"2025-09-01T17:35:11","slug":"kouvolalaisbandi-pyydettiin-varta-vasten-rokkiristeilylle-oli-aika-yllattavaa-etta-meidat-kutsuttiin-paikalliset","status":"publish","type":"post","link":"https:\/\/www.europesays.com\/fi\/22726\/","title":{"rendered":"Kouvolalaisb\u00e4ndi pyydettiin varta vasten rokkiristeilylle \u2013\u2009&#8221;Oli aika yll\u00e4tt\u00e4v\u00e4\u00e4, ett\u00e4 meid\u00e4t kutsuttiin&#8221; | Paikalliset"},"content":{"rendered":"<p>Jotkut b\u00e4ndit l\u00e4htev\u00e4t esiintym\u00e4\u00e4n Karibian-risteilylle. Kouvolalainen The Komets suuntaa It\u00e4merelle.<\/p>\n<p>B\u00e4ndi on kutsuttu mukaan ensi viikonloppuna j\u00e4rjestett\u00e4v\u00e4lle Stompin&#8217; at Sea! -risteilylle. Komets seilaa Viking Linen M\/S Gabriellan kyydiss\u00e4 Helsingist\u00e4 Tukholmaan ja takaisin.<\/p>\n<p>\u2013 Oli aika yll\u00e4tt\u00e4v\u00e4\u00e4, ett\u00e4 meid\u00e4t sinne kutsuttiin. Emme tyrkytt\u00e4neet itse\u00e4mme, The Kometsin laulaja <strong>Timo &#8221;Tami&#8221; Ranta <\/strong>sanoo.<\/p>\n<p>Odotukset ovat kovat, Ranta jatkaa.<\/p>\n<p>\u2013 Varmasti on hyv\u00e4 reissu. Hauskaahan siell\u00e4 tulee olemaan.<\/p>\n<p>\t\t\t\tEnsimm\u00e4inen ulkomailla<\/p>\n<p>Edess\u00e4h\u00e4n on ensimm\u00e4inen ulkomailla soitettu keikka ikin\u00e4, Ranta hoksaa.<\/p>\n<p>\u2013\u2009Kun ollaan Suomen aluevesirajan ulkopuolella.<\/p>\n<p>Komets on kyll\u00e4 joskus pompotellut ajatusta ulkomaankiertueesta. Kun b\u00e4ndi soittaa englanninkielist\u00e4 rockia, sille olisi varmasti yleis\u00f6\u00e4 Brittein saarilla tai Keski-Euroopassa.<\/p>\n<p>\u2013\u2009Eik\u00e4 sinne olisi varmaan vaikeaa p\u00e4\u00e4st\u00e4k\u00e4\u00e4n, kun jaksaisi itse s\u00e4\u00e4t\u00e4\u00e4 ja olisi kunnon koktaktit. Meill\u00e4 ei vain ole ollut ket\u00e4\u00e4n niin kovaa toiminnan ihmist\u00e4, ett\u00e4 olisimme itse alkaneet keikkoja j\u00e4rjest\u00e4\u00e4.<\/p>\n<p>My\u00f6s raha vaikuttaa. The Komets on joskus koittanut hakea apurahoja reissuja varten, mutta j\u00e4\u00e4nyt ilman.<\/p>\n<p>Tuntemattoman b\u00e4ndin keikkapalkkioilla taas ei kummoista reissua saa rahoitettua.<\/p>\n<p>\t\t<a class=\"diks-gallery__link\" href=\"https:\/\/i.media.fi\/incoming\/kivrvn\/11016599.jpg\/alternates\/FREE_1440\/11016599.jpg\" data-thumbnail=\"\" data-sub-html=\"The Kometsin settilista on coverbiisien osalta kuin laulaja Tami Rannan nuoruuden suosikkien soittolista. Jukka Hampunen\" aria-label=\"Katso isompi kuva\" rel=\"nofollow noopener\" target=\"_blank\"><br \/>\n\t\t\t\t<img class=\"diks-figure__image\" src=\"https:\/\/www.europesays.com\/fi\/wp-content\/uploads\/2025\/09\/11016599.jpg\" loading=\"lazy\" decoding=\"sync\" alt=\"\"\/><br \/>\n\t\t\t<\/a><br \/>\n\t\t\t\t\tThe Kometsin settilista on coverbiisien osalta kuin laulaja Tami Rannan nuoruuden suosikkien soittolista. Jukka Hampunen<\/p>\n<p>\t\t\t\tSelk\u00e4\u00e4ntaputtelijoita on<\/p>\n<p>Viikonlopun risteilyn j\u00e4rjest\u00e4\u00e4 bluesmusiikin yst\u00e4vien yhdistys Finnish Blues Society. Edellisvuosien kaksi risteily\u00e4 on myyty loppuun, joten yleis\u00f6rynt\u00e4ys lienee luvassa t\u00e4n\u00e4kin vuonna.<\/p>\n<p>The Komets on tehnyt vaikutuksen oikeisiin ihmisiin oikeaan aikaan.<\/p>\n<p>Vahvistus sille tuli toissa viikolla kun b\u00e4ndi esiintyi Helsingiss\u00e4 Tavastian pikkuveliklubilla Semifinalissa.<\/p>\n<p>\u2013\u2009Siell\u00e4 oli katsomassa sit\u00e4 porukkaa, joka b\u00e4ndit on risteilylle valinnut. Kovasti he tulivat selk\u00e4\u00e4n taputtelemaan.<\/p>\n<p>\t\t\t\tHyv\u00e4 soittoaika<\/p>\n<p>Perinnetietoista garage- ja pubirockia soittava The Komets on risteilyn esiintyjien joukossa rokimmasta p\u00e4\u00e4st\u00e4, kuvailee Ranta.<\/p>\n<p>\u2013\u2009Muut b\u00e4ndit soittavat bluesia ja rockabilly\u00e4, ihan akustistakin meininki\u00e4.<\/p>\n<p>Kometsin soittovuoro on paluumatkalla lauantaina kello 21.<\/p>\n<p>\u2013 Se on paras mahdollinen soittoaika. Soitamme juuri ennen ulkomaalaisia.<\/p>\n<p>Suomen rajojen ulkopuolelta risteilylle osallistuvat hollantilainen Doctor Velvet, belgialainen Doghouse Sam &amp; His Magnatones ja norjalainen Joakim Tihderholt &amp; His Band.<\/p>\n<p>\t\t<a class=\"diks-gallery__link\" href=\"https:\/\/i.media.fi\/incoming\/6r9sty\/10471329.jpg\/alternates\/FREE_1440\/10471329.jpg\" data-thumbnail=\"\" data-sub-html=\"The Komets el\u00e4\u00e4 toista tulemistaan. Arkistokuva on b\u00e4ndin treenik\u00e4mp\u00e4lt\u00e4 Kouvolasta viime vuodelta. Lukas Pearsall\" aria-label=\"Katso isompi kuva\" rel=\"nofollow noopener\" target=\"_blank\"><br \/>\n\t\t\t\t<img class=\"diks-figure__image\" src=\"https:\/\/www.europesays.com\/fi\/wp-content\/uploads\/2025\/09\/10471329.jpg\" loading=\"lazy\" decoding=\"sync\" alt=\"\"\/><br \/>\n\t\t\t<\/a><br \/>\n\t\t\t\t\tThe Komets el\u00e4\u00e4 toista tulemistaan. Arkistokuva on b\u00e4ndin treenik\u00e4mp\u00e4lt\u00e4 Kouvolasta viime vuodelta. Lukas Pearsall<\/p>\n<p>The Kometsilla on ollut kaksi el\u00e4m\u00e4\u00e4.<\/p>\n<p>Yhtye on perustettu vuosituhannen alkupuolella. Ensimm\u00e4isen \u00e4\u00e4nitteens\u00e4 se julkaisi vuonna 2008.<\/p>\n<p>Vuonna 2017 sen kitaristi ja biisintekij\u00e4 <strong>Jussi &#8221;Voude&#8221; Voutilainen <\/strong>menehtyi vaikeaan sairauteen. B\u00e4ndi p\u00e4\u00e4tti lopettaa.<\/p>\n<p>Muutaman vuoden tauon j\u00e4lkeen alkoi j\u00e4senten mieless\u00e4 kyte\u00e4 kuitenkin paluu.<\/p>\n<p>Koronavuosina Ranta ja kitaristi <strong>Timo \u201cHoney-boy\u201d P\u00e4lvisalo <\/strong>alkoivat asiaa tarkemmin. Sen j\u00e4lkeen b\u00e4ndi on taas levytt\u00e4nyt ja keikkaillut.<\/p>\n<p>Risteilyn j\u00e4lkeen Kometsilla on syksyn kalenterissa viel\u00e4 muutamia keikkoja, yhdet muun muassa kotikaupungissa Eskolanm\u00e4en Tavernassa ja Ravintola Seip\u00e4\u00e4ss\u00e4.<\/p>\n<p>\u2013 On hienoa, ett\u00e4 Seiv\u00e4s ja Taverna ovat ottaneet keikkahommia haltuun. Sekin on hienoa, ett\u00e4 Galleria Loivan kaltainen baari on tullut. Kouvolassa on edelleenkin hyv\u00e4 rokkiskene. B\u00e4ndej\u00e4 on monenlaisia, Ranta kiittelee.<\/p>\n<p>\t\t\t\tLainabasisteilla<\/p>\n<p>Kevytt\u00e4 tosiel\u00e4m\u00e4n Spinal Tap -henke\u00e4 t\u00e4m\u00e4n vuoden keikkoihin on tuonut se, ett\u00e4 basisti on vaihtunut melkein joka kerta. Kometsin varsinainen basisti <strong>Mika &#8221;Zugi&#8221; Vartiala <\/strong>tekee leip\u00e4ty\u00f6t\u00e4\u00e4n muun muassa Eppu Normaalin, Popedan, Saimaan ja Viikatteen keikkabussikuskina.<\/p>\n<p>Lavalla on n\u00e4hty muun muassa Tehosekoittimen basisti <strong>Hannu Kilkki<\/strong>.<\/p>\n<p>\u2013 H\u00e4n kuunteli levyn kaksi kertaa ja tuli keikalle soittamaan. Kyll\u00e4 nuo aika ammatti\u00e4iji\u00e4 ovat. Tosin on hienoa soittaa b\u00e4ndiss\u00e4, kun omatkin kaverit ovat niin hyvi\u00e4 soittajia, Ranta kehaisee.<\/p>\n<p>\t\t<a class=\"diks-gallery__link\" href=\"https:\/\/i.media.fi\/incoming\/ri8s73\/11016603.jpg\/alternates\/FREE_1440\/11016603.jpg\" data-thumbnail=\"\" data-sub-html=\"Risteilykeikan j\u00e4lkeen The Komets esiintyy syksyn aikana ainakin kahdesti Kouvolassa. Jukka Hampunen\" aria-label=\"Katso isompi kuva\" rel=\"nofollow noopener\" target=\"_blank\"><br \/>\n\t\t\t\t<img class=\"diks-figure__image\" src=\"https:\/\/www.europesays.com\/fi\/wp-content\/uploads\/2025\/09\/11016603.jpg\" loading=\"lazy\" decoding=\"sync\" alt=\"\"\/><br \/>\n\t\t\t<\/a><br \/>\n\t\t\t\t\tRisteilykeikan j\u00e4lkeen The Komets esiintyy syksyn aikana ainakin kahdesti Kouvolassa. Jukka Hampunen<\/p>\n<p>Risteilyn alla The Komets julkaisi kahden biisin singlen. Sill\u00e4 yhtye coveroi Johnny Thunders &amp; The Heartbreakersin One Track Mindin ja <strong>Frankie Fordin <\/strong>risteilyteemaan sopivan Sea Cruisen. Kappaleet ovat edellisen \u00e4\u00e4nityssession ylij\u00e4\u00e4m\u00e4\u00e4. Tuosta sessiosta Komets julkaisi Mighty Long Way -levyn viime vuonna. Levyn kappaleista osa on omia, osa covereita.<\/p>\n<p>\u2013 Muutenkin soitamme covereita laidasta laitaan <strong>Bowiesta<\/strong> viiskytluvun<strong> <\/strong>rokkiin. Setti on kuin oman nuoruuteni jukeboksi. Siell\u00e4 on sellaisia biisej\u00e4, joista olen itsekin tyk\u00e4nnyt, 1970-luvulla musiikista innostunut Ranta kertoo.<\/p>\n<p>B\u00e4ndin omat kappaleet ovat pitk\u00e4lti edesmenneen kitaristi Voutilaisen k\u00e4sialaa. Ranta tekee sanoitukset.<\/p>\n<p>\u2013\u2009Jussilta l\u00f6ytyisi nauhoilta viel\u00e4 muitakin valmiita biisej\u00e4.<\/p>\n<p>\t\t\t\tHyv\u00e4 linja<\/p>\n<p>Valitsemaltaan musiikilliselta linjalta The Kometsin ei ole tarvetta poiketa.<\/p>\n<p>Vaikka v\u00e4lill\u00e4 Rantaakin on arveluttanut etenkin monen b\u00e4ndin keikkailtoina.<\/p>\n<p>\u2013 Helsingin Bar Loosessa oli lis\u00e4ksemme hyv\u00e4t surffi- ja skab\u00e4ndit. Tuli fiilis, olemmeko v\u00e4h\u00e4n kuin norsu posliinikaupassa. V\u00e4h\u00e4n kuin niiden v\u00e4liin olisi ly\u00f6ty Peer G\u00fcnt soittamaan kovaa ja tyhm\u00e4\u00e4 musaa.<\/p>\n<p>Mutta:<\/p>\n<p>\u2013\u2009Sillekin on yleis\u00f6ns\u00e4.<\/p>\n","protected":false},"excerpt":{"rendered":"Jotkut b\u00e4ndit l\u00e4htev\u00e4t esiintym\u00e4\u00e4n Karibian-risteilylle. Kouvolalainen The Komets suuntaa It\u00e4merelle. B\u00e4ndi on kutsuttu mukaan ensi viikonloppuna j\u00e4rjestett\u00e4v\u00e4lle Stompin&#8217;&hellip;\n","protected":false},"author":2,"featured_media":22727,"comment_status":"","ping_status":"","sticky":false,"template":"","format":"standard","meta":{"footnotes":""},"categories":[130],"tags":[138,137,33,31,30,104,3436,737,108,47,141,32,109],"class_list":{"0":"post-22726","1":"post","2":"type-post","3":"status-publish","4":"format-standard","5":"has-post-thumbnail","7":"category-viihde","8":"tag-audio","9":"tag-entertainment","10":"tag-fi","11":"tag-finland","12":"tag-finnish","13":"tag-helsinki","14":"tag-kaupunkikulttuuri","15":"tag-kouvola","16":"tag-kulttuuri","17":"tag-musiikki","18":"tag-muusikot-bandit","19":"tag-suomi","20":"tag-viihde"},"share_on_mastodon":{"url":"","error":""},"_links":{"self":[{"href":"https:\/\/www.europesays.com\/fi\/wp-json\/wp\/v2\/posts\/22726","targetHints":{"allow":["GET"]}}],"collection":[{"href":"https:\/\/www.europesays.com\/fi\/wp-json\/wp\/v2\/posts"}],"about":[{"href":"https:\/\/www.europesays.com\/fi\/wp-json\/wp\/v2\/types\/post"}],"author":[{"embeddable":true,"href":"https:\/\/www.europesays.com\/fi\/wp-json\/wp\/v2\/users\/2"}],"replies":[{"embeddable":true,"href":"https:\/\/www.europesays.com\/fi\/wp-json\/wp\/v2\/comments?post=22726"}],"version-history":[{"count":0,"href":"https:\/\/www.europesays.com\/fi\/wp-json\/wp\/v2\/posts\/22726\/revisions"}],"wp:featuredmedia":[{"embeddable":true,"href":"https:\/\/www.europesays.com\/fi\/wp-json\/wp\/v2\/media\/22727"}],"wp:attachment":[{"href":"https:\/\/www.europesays.com\/fi\/wp-json\/wp\/v2\/media?parent=22726"}],"wp:term":[{"taxonomy":"category","embeddable":true,"href":"https:\/\/www.europesays.com\/fi\/wp-json\/wp\/v2\/categories?post=22726"},{"taxonomy":"post_tag","embeddable":true,"href":"https:\/\/www.europesays.com\/fi\/wp-json\/wp\/v2\/tags?post=22726"}],"curies":[{"name":"wp","href":"https:\/\/api.w.org\/{rel}","templated":true}]}}