{"id":227399,"date":"2026-04-22T05:34:11","date_gmt":"2026-04-22T05:34:11","guid":{"rendered":"https:\/\/www.europesays.com\/fi\/227399\/"},"modified":"2026-04-22T05:34:11","modified_gmt":"2026-04-22T05:34:11","slug":"analyysi-poliitikkojen-tilannekuva-yhdysvalloista-on-selontekoa-synkempi-suomeen-on-syntynyt-kahden-puheen-kulttuuri","status":"publish","type":"post","link":"https:\/\/www.europesays.com\/fi\/227399\/","title":{"rendered":"Analyysi: Poliitikkojen tilannekuva Yhdysvalloista on selontekoa synkempi \u2013 Suomeen on syntynyt kahden puheen kulttuuri"},"content":{"rendered":"<p data-beyondwords-marker=\"757ce3a6-e275-4272-8a35-63c3d51f0f99\">Hallitus antoi huhtikuun puoliv\u00e4liss\u00e4 eduskunnalle <a href=\"https:\/\/um.fi\/ajankohtaista\/-\/asset_publisher\/gc654PySnjTX\/content\/valtioneuvoston-ajankohtaisselonteko-ulko-ja-turvallisuuspoliittisen-toimintaympariston-muutoksesta-annettu-eduskunnalle\" rel=\"nofollow noopener\" target=\"_blank\">ajankohtaisselonteon<\/a> ulko- ja turvallisuuspoliittisen toimintaymp\u00e4rist\u00f6n muutoksesta.<\/p>\n<p data-beyondwords-marker=\"f4d55009-d83e-479d-b313-2ec0e821c254\">Nyt valmistunut paperi t\u00e4ydent\u00e4\u00e4 vuonna 2024 hyv\u00e4ksytty\u00e4 varsinaista selontekoa, kun esimerkiksi presidentti <strong>Donald Trumpin<\/strong> hallinnon painotuksista ja niiden vaikutuksista Eurooppaan on saatu enemm\u00e4n tietoa.<\/p>\n<p data-beyondwords-marker=\"a1a9056d-82d8-455d-ab8d-74d0d1018ca8\">Etuk\u00e4teen hallituksen esitykselt\u00e4 odotettiin ennen kaikkea kahta asiaa: Miten hallitus sanallistaa Suomen suhdetta Yhdysvaltoihin, joka on muuttunut yh\u00e4 ep\u00e4varmemmaksi liittolaiseksi? Ent\u00e4 kuinka Suomen suhtautuminen ydinaseisiin kuvataan nyt, kun hallitus on ajamassa h\u00f6llennyst\u00e4 ydinr\u00e4j\u00e4hteit\u00e4 koskevaan lains\u00e4\u00e4d\u00e4nt\u00f6\u00f6n?<\/p>\n<p data-beyondwords-marker=\"03265286-18c5-419a-8d92-a4b16dde498d\"><strong class=\"capitalized\">Ydinaseita<\/strong> koskeva ki\u00adrjaus oli p\u00e4\u00e4ministeri <strong>Petteri Orpon<\/strong> (kok) aiemmin tekem\u00e4n lupauk\u00adsen mukainen: Suomi on sitoutunut ydinsulkusopimukseen (NPT) ja muihin kansainv\u00e4lisiin velvoitteisiin eik\u00e4 aio sijoittaa alueelleen ydinaseita rauhan aikana.<\/p>\n<p data-beyondwords-marker=\"6fce814a-4912-44b3-9ef9-6895ee279cae\">Selonteossa korostetaan, ett\u00e4 Suomesta ei tule ydinasevaltiota. Valtiojohto pit\u00e4\u00e4 kuitenkin t\u00e4rke\u00e4n\u00e4 \u201dtiivist\u00e4 vuoropuhelua\u201d ydinasepolitiikasta l\u00e4heisten liittolaisten kanssa ja on valmis tarkastelemaan my\u00f6s uusia yhteisty\u00f6muotoja.<\/p>\n<p data-beyondwords-marker=\"4eeb917b-658b-4115-a949-e9c04f7e0586\">Suomi on asiakirjan mukaan sitoutunut Naton yhteiseen puolustukseen, mik\u00e4 kattaa my\u00f6s ydinasepelotteen.<\/p>\n<p data-beyondwords-marker=\"dea82103-9197-4cc2-a725-a2502c5160fc\">Oppositiopuolue keskusta <a href=\"https:\/\/suomenkuvalehti.fi\/politiikka-ja-talous\/sdp-ydinaserajoitusten-purkamisesta-miksi-rajoitukset-ovat-ongelma-suomessa-kun-ne-eivat-ole-sita-latviassa-tai-liettuassa\/\" rel=\"nofollow noopener\" target=\"_blank\">on todennut<\/a>, ett\u00e4 se voi kannattaa ydinaserajoitusten purkamista laista, mik\u00e4li eduskunta hyv\u00e4ksyy selontekoon t\u00e4m\u00e4nkaltaisen kirjauksen.<\/p>\n<p data-beyondwords-marker=\"6de62c48-afc4-42e5-846b-ac7da4ffa512\">Sdp:lle, vihreille ja vasemmistoliitolle pelkk\u00e4 kirjaus ei riit\u00e4, vaan ne ovat vaatineet tiukempia rajoituksia.<\/p>\n<p data-beyondwords-marker=\"bf93169f-7018-4592-bfb9-6de092608c47\"><strong class=\"capitalized\">Yhdysvalloista<\/strong> kirjoitetaan selonteossa yh\u00e4 diplomaattisesti, jopa varovaisesti.<\/p>\n<p data-beyondwords-marker=\"fb8390e4-f788-4ee6-b6b9-66d3af42d33c\">Maata pidet\u00e4\u00e4n edelleen \u201dkeskeisen\u00e4 liittolaisena\u201d, jonka kanssa yhteisty\u00f6 on monella alalla \u201dl\u00e4heisemp\u00e4\u00e4 kuin koskaan\u201d. <\/p>\n<p data-beyondwords-marker=\"84739290-10fb-4d01-a06a-4ef01d6bafa4\">Toisaalta paperissa nostetaan esiin \u201dennakoimattomuus, nopeat muutokset ja koventunut retoriikka\u201d.<\/p>\n<p data-beyondwords-marker=\"710044b8-401e-40fb-bd93-6e45d6030821\">T\u00e4m\u00e4 sys\u00e4\u00e4 liittolaiset ja kumppanit \u201duuteen tilanteeseen\u201d.<\/p>\n<p data-beyondwords-marker=\"2e77b9ec-0ba2-4f1f-897a-f717466597f5\">Selonteon p\u00e4ivityksen k\u00e4ynnisti alkuvuoden Gr\u00f6nlanti-selkkaus. Tanskalle kuuluva itsehallinnollinen saari mainitaan asiakirjassa my\u00f6s suoraan.<\/p>\n<p data-beyondwords-marker=\"5fed0560-43be-4b58-8d97-2864ebacc502\">Edes l\u00e4heisimmill\u00e4 liittolaisilla ei ole v\u00e4ltt\u00e4m\u00e4tt\u00e4 erityisasemaa, kuten on n\u00e4hty Yhdysvaltojen Gr\u00f6nlantiin liittyvien vaatimusten kohdalla, paperissa kirjoitetaan.<\/p>\n<p data-beyondwords-marker=\"97c5e6e9-b873-4dca-bea6-ee2c15b5eaab\"><strong class=\"capitalized\">Varovaisuuden<\/strong> vuoksi selontekoa arvioitiin tuoreeltaan varsin kriittisesti.<\/p>\n<p data-beyondwords-marker=\"7869a52b-8639-4894-b5a8-9b5449c2e066\">Esimerkiksi kansainv\u00e4lisen politiikan professori <strong>Tuomas Forsberg<\/strong> Tampereen yliopistosta <a href=\"https:\/\/yle.fi\/a\/74-20220276\" rel=\"nofollow noopener\" target=\"_blank\">sanoi Ylen haastattelussa<\/a>, ett\u00e4 kyseess\u00e4 on pikemminkin \u201dep\u00e4selonteko\u201d.<\/p>\n<p data-beyondwords-marker=\"d5ca333b-e8a5-40bc-aec2-e8d44c6194f5\">Turvallisuusymp\u00e4rist\u00f6n muutosta k\u00e4sitell\u00e4\u00e4n, mutta\u00ad johtop\u00e4\u00e4t\u00f6ksi\u00e4 paperissa ei n\u00e4y.<\/p>\n<p data-beyondwords-marker=\"d8411e10-71b8-4ca3-a896-b6000a0d0e66\">Varovaiset, jopa esitelm\u00e4m\u00e4iset ja yleisluontoiset selonteot ovat kuitenkin Suomessa varsin tavanomaisia.<\/p>\n<p data-beyondwords-marker=\"a4a975c1-775c-4dcf-baf8-3fbd82cdb681\">Yll\u00e4tyksellisemp\u00e4\u00e4 olisi ollut, mik\u00e4li erilaisia johto\u00adp\u00e4\u00e4t\u00f6ksi\u00e4 olisi suoraan kirjattu valtioneuvoston asiakirjaan.<\/p>\n<p data-beyondwords-marker=\"c3919b4d-eb3e-403e-894d-761c1393b067\"><strong class=\"capitalized\">Suomeen<\/strong> onkin syntynyt er\u00e4\u00e4nlainen kahden puheen kulttuuri.<\/p>\n<p data-beyondwords-marker=\"7e0a7187-e85a-477d-bd08-3f5123140baf\">Selonteot ja viralliset julis\u00adtukset laaditaan maltilla, mutta taustakeskusteluissa poliitikkojen tilannekuva on erilaisia papereita synkempi. <\/p>\n<p data-beyondwords-marker=\"007c69dd-7850-4d5b-b546-378c40a6e2fe\">Kansalaisten oletetaan ehk\u00e4 ymm\u00e4rt\u00e4v\u00e4n, et\u00adteiv\u00e4t keskeiset p\u00e4\u00e4tt\u00e4j\u00e4t suhtaudu aivan niin optimistisesti Yhdysvaltoihin kuin millainen vaikutelma julkisesta keskustelusta voi toisinaan synty\u00e4. Hyv\u00e4 kysymys on, mist\u00e4 kansalaiset tiet\u00e4isiv\u00e4t todellisen tilannekuvan.<\/p>\n<p data-beyondwords-marker=\"fb928c12-f97c-403e-bb42-ec67e9196cfa\">Kiinnostavalla tavalla puheet ovat osin erilaiset my\u00f6s kotimaiselle ja ulkomaiselle yleis\u00f6lle. <\/p>\n<p data-beyondwords-marker=\"ea393b2a-6a02-486b-9f21-231b656ecca5\">Tasavallan presidentti <strong>Alexan\u00adder Stubb<\/strong> on esimerkiksi esitt\u00e4nyt ulkomaisten tiedotusv\u00e4lineiden haastatteluissa ja ajatushautomoiden lavoilla yksin t\u00e4m\u00e4n vuoden puolella useita kriittisi\u00e4 havaintoja Trumpin hallinnosta. Niiden s\u00e4vy on ollut osin tiukempi ja suorempi kuin suomalaisissa haastatteluissa.<\/p>\n<p data-beyondwords-marker=\"904a971c-c21c-4a7c-9436-249f1727e7e3\">Stubb sanoi taannoin kanadalaisen CTV-kanavan haastattelussa, ett\u00e4 h\u00e4n on Euroopan \u201dAmerikka-my\u00f6nteisin presidentti\u201d, mutta arvioi samalla, ett\u00e4 Yhdysvallat on p\u00e4\u00e4tym\u00e4ss\u00e4 melko yksin\u00e4iseksi\u2009\u2013\u2009joh\u00adtuen siit\u00e4, miten se on kohdellut liittolaisiaan.\u2009<\/p>\n<p>      <img decoding=\"async\" class=\"free-sample awpo-lazy\" src=\"https:\/\/suomenkuvalehti.fi\/wp-content\/themes\/om-suomenkuvalehti-theme\/assets\/images\/free-sample-banner.svg\"\/><\/p>\n","protected":false},"excerpt":{"rendered":"Hallitus antoi huhtikuun puoliv\u00e4liss\u00e4 eduskunnalle ajankohtaisselonteon ulko- ja turvallisuuspoliittisen toimintaymp\u00e4rist\u00f6n muutoksesta. Nyt valmistunut paperi t\u00e4ydent\u00e4\u00e4 vuonna 2024 hyv\u00e4ksytty\u00e4&hellip;\n","protected":false},"author":2,"featured_media":227400,"comment_status":"","ping_status":"","sticky":false,"template":"","format":"standard","meta":{"footnotes":"","_share_on_mastodon":"0"},"categories":[14],"tags":[12023,3406,19161,22,23,585,26,27,33,31,30,17,12025,24,25,28,29,15,1871,18,21,32,19,20,56,4273,16,59,60,61,619],"class_list":["post-227399","post","type-post","status-publish","format-standard","has-post-thumbnail","category-ulkomaat","tag-ajankohtainen","tag-alexander-stubb","tag-analyysi","tag-breaking-news","tag-breakingnews","tag-donald-trump","tag-featured-news","tag-featurednews","tag-fi","tag-finland","tag-finnish","tag-headlines","tag-juttu-2","tag-latest-news","tag-latestnews","tag-main-news","tag-mainnews","tag-news","tag-orpon-hallitus","tag-otsikot","tag-paauutiset","tag-suomi","tag-top-stories","tag-topstories","tag-ulkomaat","tag-ulkopolitiikka","tag-uutiset","tag-world","tag-world-news","tag-worldnews","tag-yhdysvallat"],"share_on_mastodon":{"url":"https:\/\/pubeurope.com\/@fi\/116446734989340021","error":""},"_links":{"self":[{"href":"https:\/\/www.europesays.com\/fi\/wp-json\/wp\/v2\/posts\/227399","targetHints":{"allow":["GET"]}}],"collection":[{"href":"https:\/\/www.europesays.com\/fi\/wp-json\/wp\/v2\/posts"}],"about":[{"href":"https:\/\/www.europesays.com\/fi\/wp-json\/wp\/v2\/types\/post"}],"author":[{"embeddable":true,"href":"https:\/\/www.europesays.com\/fi\/wp-json\/wp\/v2\/users\/2"}],"replies":[{"embeddable":true,"href":"https:\/\/www.europesays.com\/fi\/wp-json\/wp\/v2\/comments?post=227399"}],"version-history":[{"count":0,"href":"https:\/\/www.europesays.com\/fi\/wp-json\/wp\/v2\/posts\/227399\/revisions"}],"wp:featuredmedia":[{"embeddable":true,"href":"https:\/\/www.europesays.com\/fi\/wp-json\/wp\/v2\/media\/227400"}],"wp:attachment":[{"href":"https:\/\/www.europesays.com\/fi\/wp-json\/wp\/v2\/media?parent=227399"}],"wp:term":[{"taxonomy":"category","embeddable":true,"href":"https:\/\/www.europesays.com\/fi\/wp-json\/wp\/v2\/categories?post=227399"},{"taxonomy":"post_tag","embeddable":true,"href":"https:\/\/www.europesays.com\/fi\/wp-json\/wp\/v2\/tags?post=227399"}],"curies":[{"name":"wp","href":"https:\/\/api.w.org\/{rel}","templated":true}]}}