{"id":22785,"date":"2025-09-01T19:15:08","date_gmt":"2025-09-01T19:15:08","guid":{"rendered":"https:\/\/www.europesays.com\/fi\/22785\/"},"modified":"2025-09-01T19:15:08","modified_gmt":"2025-09-01T19:15:08","slug":"se-ei-ollut-vahvin-julkaisumme-judas-priest-rumpali-myontaa-etta-yhtyeen-katalogista-loytyy-yksi-ei-niin-onnistunut-levy","status":"publish","type":"post","link":"https:\/\/www.europesays.com\/fi\/22785\/","title":{"rendered":"&#8221;Se ei ollut vahvin julkaisumme&#8221; &#8211; Judas Priest -rumpali my\u00f6nt\u00e4\u00e4, ett\u00e4 yhtyeen katalogista l\u00f6ytyy yksi ei-niin onnistunut levy"},"content":{"rendered":"<p>Judas Priest -rumpali Scott Travis kertoi The Classic Metal Shown haastattelussa mielipiteens\u00e4 vuonna 2008 ilmestyneest\u00e4 Nostradamus-konseptialbumista. Julkaisu on jakanut vahvasti yhtyeen fanikuntaa vuosien ajan. Travis itse ei lukeudu levyn suurimpiin faneihin.<\/p>\n<p>\u201dSe varmaan riippuu siit\u00e4 kenelt\u00e4 kysyt\u00e4\u00e4n\u201d, Travis naureskelee. \u201dHenkil\u00f6kohtaisesti olen sit\u00e4 mielt\u00e4 ett\u00e4 se ei ollut vahvin julkaisumme, ja sen oli tarkoitus matkia \u2013 tai ei matkia, mutta sen oli tarkoitus tavoittaa tietty yleis\u00f6, se oli kyll\u00e4 Priest-faneille, mutta\u2026 mit\u00e4 oikein yrit\u00e4n sanoa?\u201d<\/p>\n<p>\u201dSill\u00e4 yritettiin tavoittaa jotain suurempaa kuin vain se tyypillinen tilanne, jossa rockyhtye julkaisee levyn ja l\u00e4htee sen tiimoilta kiertueelle\u201d, Travis jatkaa. \u201dToisin sanoen sen oli tarkoitus olla jotain, mist\u00e4 olisi voitu tehd\u00e4 teatteriesitys tai vastaava isompi tuotanto. En ole ihan varma. Muistan vain kuulleeni puhetta ideoista Nostradamuksen el\u00e4m\u00e4st\u00e4 ja muusta sellaisesta.\u201d<\/p>\n<p>Nostradamus ilmestyi kolmisen vuotta ennen kuin perustajakitaristi Kenneth \u201dK.K.\u201d Downing j\u00e4tti yhtyeen.<\/p>\n<p>\u201dN\u00e4in j\u00e4lkik\u00e4teen tutkaillessa se ilmestyi K.K.\/Glenn [Tipton] -suhteen lopussa\u201d, Travis sanoo. \u201dHe olivat edelleen b\u00e4ndiss\u00e4, mutta suhteessa oli paljon murtumia. Todistin niit\u00e4 tapahtumia. Huomasin etteiv\u00e4t asiat tulisi kest\u00e4m\u00e4\u00e4n. En tiennyt mit\u00e4 tulisi tapahtumaan tai j\u00e4tt\u00e4isik\u00f6 K.K. b\u00e4ndin \u2013 en todellakaan osannut odottaa sit\u00e4 \u2013 mutta huomasin, etteiv\u00e4t he tulleet toimeen, ja kaikki b\u00e4ndiss\u00e4 olivat lev\u00e4ll\u00e4\u00e4n eri puolilla maailmaa.\u201d<\/p>\n<p><img loading=\"lazy\" decoding=\"async\" alt=\"YouTube video\" width=\"480\" height=\"360\" data-pin-nopin=\"true\" nopin=\"nopin\" class=\"perfmatters-lazy\" src=\"https:\/\/www.europesays.com\/fi\/wp-content\/uploads\/2025\/09\/1756754108_321_hqdefault.jpg\"\/><\/p>\n","protected":false},"excerpt":{"rendered":"Judas Priest -rumpali Scott Travis kertoi The Classic Metal Shown haastattelussa mielipiteens\u00e4 vuonna 2008 ilmestyneest\u00e4 Nostradamus-konseptialbumista. Julkaisu on&hellip;\n","protected":false},"author":2,"featured_media":22786,"comment_status":"","ping_status":"","sticky":false,"template":"","format":"standard","meta":{"footnotes":""},"categories":[132],"tags":[137,33,31,30,195,47,32,109],"class_list":{"0":"post-22785","1":"post","2":"type-post","3":"status-publish","4":"format-standard","5":"has-post-thumbnail","7":"category-musiikki","8":"tag-entertainment","9":"tag-fi","10":"tag-finland","11":"tag-finnish","12":"tag-music","13":"tag-musiikki","14":"tag-suomi","15":"tag-viihde"},"share_on_mastodon":{"url":"","error":""},"_links":{"self":[{"href":"https:\/\/www.europesays.com\/fi\/wp-json\/wp\/v2\/posts\/22785","targetHints":{"allow":["GET"]}}],"collection":[{"href":"https:\/\/www.europesays.com\/fi\/wp-json\/wp\/v2\/posts"}],"about":[{"href":"https:\/\/www.europesays.com\/fi\/wp-json\/wp\/v2\/types\/post"}],"author":[{"embeddable":true,"href":"https:\/\/www.europesays.com\/fi\/wp-json\/wp\/v2\/users\/2"}],"replies":[{"embeddable":true,"href":"https:\/\/www.europesays.com\/fi\/wp-json\/wp\/v2\/comments?post=22785"}],"version-history":[{"count":0,"href":"https:\/\/www.europesays.com\/fi\/wp-json\/wp\/v2\/posts\/22785\/revisions"}],"wp:featuredmedia":[{"embeddable":true,"href":"https:\/\/www.europesays.com\/fi\/wp-json\/wp\/v2\/media\/22786"}],"wp:attachment":[{"href":"https:\/\/www.europesays.com\/fi\/wp-json\/wp\/v2\/media?parent=22785"}],"wp:term":[{"taxonomy":"category","embeddable":true,"href":"https:\/\/www.europesays.com\/fi\/wp-json\/wp\/v2\/categories?post=22785"},{"taxonomy":"post_tag","embeddable":true,"href":"https:\/\/www.europesays.com\/fi\/wp-json\/wp\/v2\/tags?post=22785"}],"curies":[{"name":"wp","href":"https:\/\/api.w.org\/{rel}","templated":true}]}}