{"id":22805,"date":"2025-09-01T19:41:08","date_gmt":"2025-09-01T19:41:08","guid":{"rendered":"https:\/\/www.europesays.com\/fi\/22805\/"},"modified":"2025-09-01T19:41:08","modified_gmt":"2025-09-01T19:41:08","slug":"uutta-druadan-forestia-tarjolla-kuuntele-dodsdansen-tasta","status":"publish","type":"post","link":"https:\/\/www.europesays.com\/fi\/22805\/","title":{"rendered":"Uutta Druadan Forestia tarjolla \u2013 kuuntele D\u00f6dsdansen t\u00e4st\u00e4"},"content":{"rendered":"<p>Kotimaiselta black metal -kent\u00e4lt\u00e4 tuttu mies <strong>V-Khaoz<\/strong> (mm. <strong>Vargrav, Olio T\u00e4htien Takana<\/strong>, ex-<strong>Azaghal<\/strong>) on lahjakas ja tuottelias muusikko, joka on ehtinyt olla monessa mukana. H\u00e4nen osaamisensa ei rajoitu pelk\u00e4st\u00e4\u00e4n mustaan metaliin, vaan miehen k\u00e4siss\u00e4 taipuu yht\u00e4 sujuvasti my\u00f6s esimerkiksi <a href=\"https:\/\/www.inferno.fi\/uutiset\/vargrav-mies-v-khaozin-synthwave-projekti-destro-on-taydellista-musiikkia-pimeneviin-syysiltoihin\/\" target=\"_blank\" rel=\"noreferrer noopener nofollow\">synthwave<\/a>.<\/p>\n<p>Nyt h\u00e4nen dungeon synth -projektinaan vuonna 1998 startannut <strong>Druadan Forest<\/strong> on ilmoittanut tulossa olevasta levyst\u00e4. Aktin kuudennen t\u00e4yspitk\u00e4n nimeksi on tulossa North ja sen julkaisee Werewolf Records.<\/p>\n<p>Lue my\u00f6s: <a href=\"https:\/\/www.inferno.fi\/uutiset\/dungeon-synth-on-virtaavaan-veteen-piirretty-viiva-teemajutussa-haastattelussa-mortiis-druadan-forest-ja-jaaportit\/\" title=\"\u201dDungeon synth on virtaavaan veteen piirretty viiva\u201d \u2013 teemajutussa haastattelussa Mortiis, Druadan Forest ja J\u00e4\u00e4portit\" class=\"underline-custom !font-montserrat !font-bold !underline-offset-4 !decoration-4 !decoration-red-600 !text-md\" rel=\"nofollow noopener\" target=\"_blank\">\u201dDungeon synth on virtaavaan veteen piirretty viiva\u201d \u2013 teemajutussa haastattelussa Mortiis, Druadan Forest ja J\u00e4\u00e4portit<\/a><\/p>\n<p>Lue my\u00f6s: <a href=\"https:\/\/www.inferno.fi\/uutiset\/entiselta-azaghal-rumpalilta-uusi-levy-kuuntele-druadan-forestin-ennakkobiisi\/\" title=\"Entiselt\u00e4 Azaghal-rumpalilta uusi levy \u2013 kuuntele Druadan Forestin ennakkobiisi\" class=\"underline-custom !font-montserrat !font-bold !underline-offset-4 !decoration-4 !decoration-red-600 !text-md\" rel=\"nofollow noopener\" target=\"_blank\">Entiselt\u00e4 Azaghal-rumpalilta uusi levy \u2013 kuuntele Druadan Forestin ennakkobiisi<\/a><\/p>\n<p>Tarkka julkaisuajankohta ei ole viel\u00e4 tiedossa, mutta esimakua tulevasta p\u00e4\u00e4see nauttimaan alla olevan D\u00f6dsdansen-biisin muodossa.<\/p>\n<p><img loading=\"lazy\" decoding=\"async\" alt=\"YouTube video\" width=\"480\" height=\"360\" data-pin-nopin=\"true\" nopin=\"nopin\" class=\"perfmatters-lazy\" src=\"https:\/\/www.europesays.com\/fi\/wp-content\/uploads\/2025\/09\/1756755668_712_hqdefault.jpg\"\/><\/p>\n","protected":false},"excerpt":{"rendered":"Kotimaiselta black metal -kent\u00e4lt\u00e4 tuttu mies V-Khaoz (mm. Vargrav, Olio T\u00e4htien Takana, ex-Azaghal) on lahjakas ja tuottelias muusikko,&hellip;\n","protected":false},"author":2,"featured_media":22806,"comment_status":"","ping_status":"","sticky":false,"template":"","format":"standard","meta":{"footnotes":""},"categories":[132],"tags":[137,33,31,30,195,47,32,1245,5043,7404,109],"class_list":{"0":"post-22805","1":"post","2":"type-post","3":"status-publish","4":"format-standard","5":"has-post-thumbnail","7":"category-musiikki","8":"tag-entertainment","9":"tag-fi","10":"tag-finland","11":"tag-finnish","12":"tag-music","13":"tag-musiikki","14":"tag-suomi","15":"tag-tuleva-levy","16":"tag-uusi-biisi","17":"tag-uusi-single","18":"tag-viihde"},"share_on_mastodon":{"url":"","error":""},"_links":{"self":[{"href":"https:\/\/www.europesays.com\/fi\/wp-json\/wp\/v2\/posts\/22805","targetHints":{"allow":["GET"]}}],"collection":[{"href":"https:\/\/www.europesays.com\/fi\/wp-json\/wp\/v2\/posts"}],"about":[{"href":"https:\/\/www.europesays.com\/fi\/wp-json\/wp\/v2\/types\/post"}],"author":[{"embeddable":true,"href":"https:\/\/www.europesays.com\/fi\/wp-json\/wp\/v2\/users\/2"}],"replies":[{"embeddable":true,"href":"https:\/\/www.europesays.com\/fi\/wp-json\/wp\/v2\/comments?post=22805"}],"version-history":[{"count":0,"href":"https:\/\/www.europesays.com\/fi\/wp-json\/wp\/v2\/posts\/22805\/revisions"}],"wp:featuredmedia":[{"embeddable":true,"href":"https:\/\/www.europesays.com\/fi\/wp-json\/wp\/v2\/media\/22806"}],"wp:attachment":[{"href":"https:\/\/www.europesays.com\/fi\/wp-json\/wp\/v2\/media?parent=22805"}],"wp:term":[{"taxonomy":"category","embeddable":true,"href":"https:\/\/www.europesays.com\/fi\/wp-json\/wp\/v2\/categories?post=22805"},{"taxonomy":"post_tag","embeddable":true,"href":"https:\/\/www.europesays.com\/fi\/wp-json\/wp\/v2\/tags?post=22805"}],"curies":[{"name":"wp","href":"https:\/\/api.w.org\/{rel}","templated":true}]}}