{"id":22811,"date":"2025-09-01T19:45:10","date_gmt":"2025-09-01T19:45:10","guid":{"rendered":"https:\/\/www.europesays.com\/fi\/22811\/"},"modified":"2025-09-01T19:45:10","modified_gmt":"2025-09-01T19:45:10","slug":"nyt-netflixissa-kulttiohjaajan-ruudinkaryinen-lankkari-tahtikaarti-on-paata-huimaava","status":"publish","type":"post","link":"https:\/\/www.europesays.com\/fi\/22811\/","title":{"rendered":"Nyt Netflixiss\u00e4: Kulttiohjaajan ruudink\u00e4ryinen l\u00e4nkk\u00e4ri \u2013 t\u00e4htikaarti on p\u00e4\u00e4t\u00e4 huimaava!"},"content":{"rendered":"<p>Nopeat ja kuolleet (The Quick and the Dead, 1995) on lis\u00e4tty Netflixiin.<\/p>\n<p>Kulttimainetta nauttivan <strong>Sam Raimin<\/strong> (Evil Dead -elokuvat) ohjaama l\u00e4nnenelokuva kertoo salamyhk\u00e4isest\u00e4 Ellenist\u00e4, joka matkustaa syrj\u00e4iseen pikkukaupunkiin kosto mieless\u00e4\u00e4n ja osallistuu ampumiskilpailuun.<\/p>\n<p>Lue my\u00f6s: <a href=\"https:\/\/www.episodi.fi\/uutiset\/mita-tulee-netflixiin-tassa-kuussa-tsekkaa-tasta-kaikki-syyskuun-2025-uudet-sarjat-ja-leffat\/\" title=\"Mit\u00e4 tulee Netflixiin t\u00e4ss\u00e4 kuussa? Tsekkaa t\u00e4st\u00e4 kaikki syyskuun 2025 uudet sarjat ja leffat!\" class=\"underline-custom !font-montserrat !font-bold !underline-offset-4 !decoration-4 !decoration-episodi-blue !text-md\" rel=\"nofollow noopener\" target=\"_blank\">Mit\u00e4 tulee Netflixiin t\u00e4ss\u00e4 kuussa? Tsekkaa t\u00e4st\u00e4 kaikki syyskuun 2025 uudet sarjat ja leffat!<\/a><\/p>\n<p>P\u00e4\u00e4osissa n\u00e4hd\u00e4\u00e4n eritt\u00e4in kova t\u00e4htikaarti: <strong>Sharon Stone<\/strong>, <strong>Gene Hackman<\/strong>, <strong>Russell Crowe<\/strong> ja <strong>Leonardo DiCaprio<\/strong>.<\/p>\n<p>Elokuvan <a href=\"https:\/\/www.rottentomatoes.com\/m\/1059629-quick_and_the_dead\" rel=\"noreferrer noopener nofollow\" target=\"_blank\">Rotten Tomatoes -prosentti<\/a> on 58.<\/p>\n<p>Katso traileri alta.<\/p>\n<p><img loading=\"lazy\" decoding=\"async\" alt=\"YouTube video\" width=\"480\" height=\"360\" data-pin-nopin=\"true\" nopin=\"nopin\" class=\"perfmatters-lazy\" src=\"https:\/\/www.europesays.com\/fi\/wp-content\/uploads\/2025\/09\/1756755910_880_hqdefault.jpg\"\/><\/p>\n<p>Lue my\u00f6s: <a href=\"https:\/\/www.episodi.fi\/uutiskirje\/?uutiskirjemainos=tekstilinkkimainos\" title=\"Tilaa Episodin uutiskirje ja voit voittaa leffalippuja! Nappaa tv-vinkit suoraan s\u00e4hk\u00f6postiin t\u00e4st\u00e4.\" class=\"underline-custom !font-montserrat !font-bold !underline-offset-4 !decoration-4 !decoration-episodi-blue !text-md\" rel=\"nofollow noopener\" target=\"_blank\">Tilaa Episodin uutiskirje ja voit voittaa leffalippuja! Nappaa katseluvinkit suoraan s\u00e4hk\u00f6postiin t\u00e4st\u00e4.<\/a><\/p>\n","protected":false},"excerpt":{"rendered":"Nopeat ja kuolleet (The Quick and the Dead, 1995) on lis\u00e4tty Netflixiin. Kulttimainetta nauttivan Sam Raimin (Evil Dead&hellip;\n","protected":false},"author":2,"featured_media":22812,"comment_status":"","ping_status":"","sticky":false,"template":"","format":"standard","meta":{"footnotes":""},"categories":[130],"tags":[137,33,31,30,217,32,109],"class_list":{"0":"post-22811","1":"post","2":"type-post","3":"status-publish","4":"format-standard","5":"has-post-thumbnail","7":"category-viihde","8":"tag-entertainment","9":"tag-fi","10":"tag-finland","11":"tag-finnish","12":"tag-netflix","13":"tag-suomi","14":"tag-viihde"},"share_on_mastodon":{"url":"","error":""},"_links":{"self":[{"href":"https:\/\/www.europesays.com\/fi\/wp-json\/wp\/v2\/posts\/22811","targetHints":{"allow":["GET"]}}],"collection":[{"href":"https:\/\/www.europesays.com\/fi\/wp-json\/wp\/v2\/posts"}],"about":[{"href":"https:\/\/www.europesays.com\/fi\/wp-json\/wp\/v2\/types\/post"}],"author":[{"embeddable":true,"href":"https:\/\/www.europesays.com\/fi\/wp-json\/wp\/v2\/users\/2"}],"replies":[{"embeddable":true,"href":"https:\/\/www.europesays.com\/fi\/wp-json\/wp\/v2\/comments?post=22811"}],"version-history":[{"count":0,"href":"https:\/\/www.europesays.com\/fi\/wp-json\/wp\/v2\/posts\/22811\/revisions"}],"wp:featuredmedia":[{"embeddable":true,"href":"https:\/\/www.europesays.com\/fi\/wp-json\/wp\/v2\/media\/22812"}],"wp:attachment":[{"href":"https:\/\/www.europesays.com\/fi\/wp-json\/wp\/v2\/media?parent=22811"}],"wp:term":[{"taxonomy":"category","embeddable":true,"href":"https:\/\/www.europesays.com\/fi\/wp-json\/wp\/v2\/categories?post=22811"},{"taxonomy":"post_tag","embeddable":true,"href":"https:\/\/www.europesays.com\/fi\/wp-json\/wp\/v2\/tags?post=22811"}],"curies":[{"name":"wp","href":"https:\/\/api.w.org\/{rel}","templated":true}]}}