{"id":22851,"date":"2025-09-01T20:58:07","date_gmt":"2025-09-01T20:58:07","guid":{"rendered":"https:\/\/www.europesays.com\/fi\/22851\/"},"modified":"2025-09-01T20:58:07","modified_gmt":"2025-09-01T20:58:07","slug":"spekulaatiot-uudesta-ttk-juontajasta-lahtivat-heti-liikkeelle-nain-vastaa-ohjelman-vastaava-tuottaja","status":"publish","type":"post","link":"https:\/\/www.europesays.com\/fi\/22851\/","title":{"rendered":"Spekulaatiot uudesta TTK-juontajasta l\u00e4htiv\u00e4t heti liikkeelle \u2013 n\u00e4in vastaa ohjelman vastaava tuottaja"},"content":{"rendered":"<p>Spekulaatiot uudesta TTK-juontajasta ovat k\u00e4yneet kuumina sen j\u00e4lkeen, kun Vappu Pimi\u00e4 ilmoitti, ett\u00e4 nyt alkava kausi on h\u00e4nen viimeisens\u00e4 juontajana.<\/p>\n<p><a class=\"underline\" data-testid=\"internal-link\" role=\"link\" data-sentry-element=\"Link\" data-sentry-component=\"InternalLink\" data-sentry-source-file=\"InternalLink.tsx\" href=\"https:\/\/www.mtvuutiset.fi\/aihe\/vappu-pimia\/2874696\" rel=\"nofollow noopener\" target=\"_blank\"><strong class=\"typography-bold\">Vappu Pimi\u00e4<\/strong><\/a> kertoi <a class=\"underline\" data-testid=\"internal-link\" role=\"link\" data-sentry-element=\"Link\" data-sentry-component=\"InternalLink\" data-sentry-source-file=\"InternalLink.tsx\" href=\"https:\/\/www.mtvuutiset.fi\/artikkeli\/vappu-pimia-kertoo-mtv-uutisille-miksi-vetaytyy-ttk-sta-haluan-lahtea-ennen-kuin-se-tapahtuu\/9212088\" rel=\"nofollow noopener\" target=\"_blank\">eilen sunnuntaina n\u00e4hdyss\u00e4 Tanssii T\u00e4htien Kanssa -ohjelman esittelyjaksossa, ett\u00e4 t\u00e4m\u00e4 kausi tulee olemaan h\u00e4nen viimeisens\u00e4 TTK-juontajana.<\/a><\/p>\n<p>Vuodesta 2009 TTK-juontajan pestiss\u00e4 n\u00e4hty Pimi\u00e4 kertoi <a class=\"underline\" data-testid=\"internal-link\" role=\"link\" data-sentry-element=\"Link\" data-sentry-component=\"InternalLink\" data-sentry-source-file=\"InternalLink.tsx\" href=\"https:\/\/www.mtvuutiset.fi\/artikkeli\/vappu-pimia-kertoo-mtv-uutisille-miksi-vetaytyy-ttk-sta-haluan-lahtea-ennen-kuin-se-tapahtuu\/9212088\" rel=\"nofollow noopener\" target=\"_blank\">MTV Uutisten haastattelussa, ett\u00e4 h\u00e4n kypsytteli p\u00e4\u00e4t\u00f6st\u00e4 pitk\u00e4\u00e4n<\/a>. P\u00e4\u00e4t\u00f6ksen poisj\u00e4\u00e4misest\u00e4 h\u00e4n teki jo pari vuotta sitten.\u00a0<\/p>\n<p>\u2013 Ehk\u00e4 siin\u00e4 on v\u00e4h\u00e4n semmoinen, ett\u00e4 aika aikansa kutakin. Jotenkin olen aina puhunut sen puolesta, ett\u00e4 t\u00e4m\u00e4 ty\u00f6 on sellaista, ett\u00e4 t\u00e4st\u00e4 on my\u00f6s pystytt\u00e4v\u00e4 luopumaan. T\u00e4ss\u00e4 ty\u00f6ss\u00e4 ei saa niin sanotusti leip\u00e4\u00e4nty\u00e4, koska se n\u00e4kyy kaikille: katsojalle, minulle itselleni, eik\u00e4 kukaan voita.\u00a0<\/p>\n<p>\u2013 Haluan l\u00e4hte\u00e4 ennen kuin se tapahtuu. Minulla on viel\u00e4 tosi kivaa, mutta t\u00e4m\u00e4 on my\u00f6s ajallisesti aika raskas puristus. T\u00e4m\u00e4 vie k\u00e4yt\u00e4nn\u00f6ss\u00e4 koko syyskauden el\u00e4m\u00e4st\u00e4ni ja perheeni el\u00e4m\u00e4st\u00e4 viikonloput. Haluan viel\u00e4 tehd\u00e4 muitakin asioita.<\/p>\n<p>Lue lis\u00e4\u00e4: <a class=\"underline\" data-testid=\"internal-link\" role=\"link\" data-sentry-element=\"Link\" data-sentry-component=\"InternalLink\" data-sentry-source-file=\"InternalLink.tsx\" href=\"https:\/\/www.mtvuutiset.fi\/artikkeli\/vappu-pimia-kertoo-mtv-uutisille-miksi-vetaytyy-ttk-sta-haluan-lahtea-ennen-kuin-se-tapahtuu\/9212088\" rel=\"nofollow noopener\" target=\"_blank\">Vappu Pimi\u00e4 kertoo MTV Uutisille, miksi vet\u00e4ytyy TTK:sta: &#8221;Haluan l\u00e4hte\u00e4 ennen kuin se tapahtuu&#8221;<\/a><\/p>\n<p>Pimi\u00e4n j\u00e4ttiuutisen j\u00e4lkeen sosiaalisessa mediassa alkoi heti spekulaatiot uudesta juontajasta. Mobiiliviestint\u00e4sovellus Jodelissa\u00a0monet veikkaavat Pimi\u00e4n suurten saappaiden t\u00e4ytt\u00e4j\u00e4ksi muun muassa <a class=\"underline\" data-testid=\"internal-link\" role=\"link\" data-sentry-element=\"Link\" data-sentry-component=\"InternalLink\" data-sentry-source-file=\"InternalLink.tsx\" href=\"https:\/\/www.mtvuutiset.fi\/aihe\/ella-kanninen\/7235150\" rel=\"nofollow noopener\" target=\"_blank\"><strong class=\"typography-bold\">Ella Kannista<\/strong><\/a>, <a class=\"underline\" data-testid=\"internal-link\" role=\"link\" data-sentry-element=\"Link\" data-sentry-component=\"InternalLink\" data-sentry-source-file=\"InternalLink.tsx\" href=\"https:\/\/www.mtvuutiset.fi\/aihe\/sara-parikka\/6571748\" rel=\"nofollow noopener\" target=\"_blank\"><strong class=\"typography-bold\">Sara Parikkaa<\/strong><\/a>, <strong class=\"typography-bold\">Nina Backmania<\/strong> ja <a class=\"underline\" data-testid=\"internal-link\" role=\"link\" data-sentry-element=\"Link\" data-sentry-component=\"InternalLink\" data-sentry-source-file=\"InternalLink.tsx\" href=\"https:\/\/www.mtvuutiset.fi\/aihe\/ellen-jokikunnas\/2890090\" rel=\"nofollow noopener\" target=\"_blank\"><strong class=\"typography-bold\">Ellen Jokikunnasta<\/strong><\/a>. My\u00f6s <a class=\"underline\" data-testid=\"internal-link\" role=\"link\" data-sentry-element=\"Link\" data-sentry-component=\"InternalLink\" data-sentry-source-file=\"InternalLink.tsx\" href=\"https:\/\/www.mtvuutiset.fi\/aihe\/veronica-verho\/7250708\" rel=\"nofollow noopener\" target=\"_blank\"><strong class=\"typography-bold\">Veronica Verhoa<\/strong><\/a> ja viime kauden voittajaa <a class=\"underline\" data-testid=\"internal-link\" role=\"link\" data-sentry-element=\"Link\" data-sentry-component=\"InternalLink\" data-sentry-source-file=\"InternalLink.tsx\" href=\"https:\/\/www.mtvuutiset.fi\/aihe\/veronica-verho\/7250708\" rel=\"nofollow noopener\" target=\"_blank\"><strong class=\"typography-bold\">Linnea Leinoa<\/strong><\/a> povataan uudeksi TTK-juontajaksi fanien keskuudessa.\u00a0<\/p>\n<p>MTV:n vastaava tuottaja <strong class=\"typography-bold\">Jasmi Kuusisto<\/strong> kertoo, ett\u00e4 uutisia mahdollisesta uudesta juontajasta saadaan viel\u00e4 odotella, sill\u00e4 t\u00e4ll\u00e4 hetkell\u00e4 keskityt\u00e4\u00e4n uuteen tuotantokauteen.<\/p>\n<p>\u2013 On ilo huomata, ett\u00e4 Tanssii T\u00e4htien Kanssa kiinnostaa ja her\u00e4tt\u00e4\u00e4 keskustelua. Se kertoo ohjelman vahvasta merkityksest\u00e4 suomalaisessa viihteess\u00e4. Tulevaisuuteen liittyvi\u00e4 uutisia kerromme, kun sen aika on \u2013 juuri nyt keskitymme syksyn tuotantoon ja siihen, ett\u00e4 katsojille tarjoutuu j\u00e4lleen upea el\u00e4mys, Kuusisto sanoo.\u00a0<\/p>\n<p>Lue my\u00f6s: <a class=\"underline\" data-testid=\"internal-link\" role=\"link\" data-sentry-element=\"Link\" data-sentry-component=\"InternalLink\" data-sentry-source-file=\"InternalLink.tsx\" href=\"https:\/\/www.mtvuutiset.fi\/artikkeli\/jattiyllatys-ttk-ssa-vappu-pimia-lopettaa-ohjelman-juontajana\/9212086\" rel=\"nofollow noopener\" target=\"_blank\">J\u00e4ttiyll\u00e4tys TTK:ssa \u2013 Vappu Pimi\u00e4 lopettaa ohjelman juontajana<\/a><\/p>\n<p>Ensimm\u00e4inen suora l\u00e4hetys n\u00e4hd\u00e4\u00e4n tulevana sunnuntaina 7. syyskuuta MTV:ll\u00e4 kello 19.30 alkaen ja l\u00e4hetyksess\u00e4 esiintyy <a class=\"underline\" data-testid=\"internal-link\" role=\"link\" data-sentry-element=\"Link\" data-sentry-component=\"InternalLink\" data-sentry-source-file=\"InternalLink.tsx\" href=\"https:\/\/www.mtvuutiset.fi\/aihe\/olavi-uusivirta\/6955152\" rel=\"nofollow noopener\" target=\"_blank\"><strong class=\"typography-bold\">Olavi Uusivirta<\/strong><\/a>.<\/p>\n<p>Tanssii T\u00e4htien Kanssa <a class=\"underline\" data-testid=\"external-link\" href=\"https:\/\/www.mtv.fi\/ohjelma\/5d872b916e7968c4206a\/tanssii-tahtien-kanssa\" rel=\"noopener noreferrer nofollow\" target=\"_blank\" data-sentry-component=\"ExternalLink\" data-sentry-source-file=\"ExternalLink.tsx\">MTV Katsomossa<\/a> ja MTV3-kanavalla sunnuntaisin klo 19.30.<\/p>\n","protected":false},"excerpt":{"rendered":"Spekulaatiot uudesta TTK-juontajasta ovat k\u00e4yneet kuumina sen j\u00e4lkeen, kun Vappu Pimi\u00e4 ilmoitti, ett\u00e4 nyt alkava kausi on h\u00e4nen&hellip;\n","protected":false},"author":2,"featured_media":22852,"comment_status":"","ping_status":"","sticky":false,"template":"","format":"standard","meta":{"footnotes":""},"categories":[133],"tags":[137,33,31,30,32,206,156,109],"class_list":{"0":"post-22851","1":"post","2":"type-post","3":"status-publish","4":"format-standard","5":"has-post-thumbnail","7":"category-televisiot","8":"tag-entertainment","9":"tag-fi","10":"tag-finland","11":"tag-finnish","12":"tag-suomi","13":"tag-televisiot","14":"tag-tv","15":"tag-viihde"},"share_on_mastodon":{"url":"","error":""},"_links":{"self":[{"href":"https:\/\/www.europesays.com\/fi\/wp-json\/wp\/v2\/posts\/22851","targetHints":{"allow":["GET"]}}],"collection":[{"href":"https:\/\/www.europesays.com\/fi\/wp-json\/wp\/v2\/posts"}],"about":[{"href":"https:\/\/www.europesays.com\/fi\/wp-json\/wp\/v2\/types\/post"}],"author":[{"embeddable":true,"href":"https:\/\/www.europesays.com\/fi\/wp-json\/wp\/v2\/users\/2"}],"replies":[{"embeddable":true,"href":"https:\/\/www.europesays.com\/fi\/wp-json\/wp\/v2\/comments?post=22851"}],"version-history":[{"count":0,"href":"https:\/\/www.europesays.com\/fi\/wp-json\/wp\/v2\/posts\/22851\/revisions"}],"wp:featuredmedia":[{"embeddable":true,"href":"https:\/\/www.europesays.com\/fi\/wp-json\/wp\/v2\/media\/22852"}],"wp:attachment":[{"href":"https:\/\/www.europesays.com\/fi\/wp-json\/wp\/v2\/media?parent=22851"}],"wp:term":[{"taxonomy":"category","embeddable":true,"href":"https:\/\/www.europesays.com\/fi\/wp-json\/wp\/v2\/categories?post=22851"},{"taxonomy":"post_tag","embeddable":true,"href":"https:\/\/www.europesays.com\/fi\/wp-json\/wp\/v2\/tags?post=22851"}],"curies":[{"name":"wp","href":"https:\/\/api.w.org\/{rel}","templated":true}]}}