{"id":228540,"date":"2026-04-23T10:24:11","date_gmt":"2026-04-23T10:24:11","guid":{"rendered":"https:\/\/www.europesays.com\/fi\/228540\/"},"modified":"2026-04-23T10:24:11","modified_gmt":"2026-04-23T10:24:11","slug":"norjan-kuningashuoneen-vuosiraportti-2025-taloushaasteet-ja-mette-maritin-terveys","status":"publish","type":"post","link":"https:\/\/www.europesays.com\/fi\/228540\/","title":{"rendered":"Norjan kuningashuoneen vuosiraportti 2025: Taloushaasteet ja Mette-Maritin terveys"},"content":{"rendered":"<p>            Dusan Reljin \/ Det kongelige hoff\n        <\/p>\n<p class=\"subtitle \">Kruununprinsessan terveyshuolien lis\u00e4ksi my\u00f6s taloustilanne on kokenut muutoksen.<\/p>\n<p class=\"article-content article-content-width !bg-background\">Norjan kuningashuone on julkaissut vuoden 2025 vuosiraporttinsa. Hovi tiedottaa vuosikatsauksesta <a href=\"https:\/\/www.kongehuset.no\/press\/press-release\/hoffets-arsrapport-2025\" target=\"_blank\" rel=\"nofollow noopener\">kotisivuillaan<\/a>. Lis\u00e4ksi siit\u00e4 uutisoi muun muassa <a href=\"https:\/\/www.bt.no\/innenriks\/i\/43EjVq\/kongehuset-gikk-over-700-000-kroner-i-underskudd-i-fjor\" target=\"_blank\" rel=\"nofollow noopener\">BT<\/a>.<\/p>\n<p class=\"font-weight-bold m-font-weight-bold article-content article-content-width !bg-background\">Arkistovideo: Tiesitk\u00f6 t\u00e4t\u00e4 Norjan kuninkaallisista?<\/p>\n<p class=\"article-content article-content-width !bg-background\">Tiedotteen mukaan kuningashuoneen raha-asioissa k\u00e4vi viime vuonna ik\u00e4v\u00e4 kolaus, kun se teki noin 710 000 Norjan kruunun alij\u00e4\u00e4m\u00e4n. Summa vastaa noin 65 000 euroa.<\/p>\n<p class=\"article-content article-content-width !bg-background\">Tappiosta huolimatta tulosta kuvaillaan odotusten mukaiseksi, ja tappio katetaan aiempien vuosien varauksilla.<\/p>\n<p class=\"article-content article-content-width !bg-background\">Hovi kertoo, ett\u00e4 kulut nousivat eritoten kiinteist\u00f6jen huolto- ja kunnostust\u00f6iden takia. T\u00f6ihin kului noin kaksi miljoonaa kruunua eli noin 183 000 euroa.<\/p>\n<p class=\"article-content article-content-width !bg-background\">Vuosikatsauksessa kerrotaan my\u00f6s perheen ty\u00f6teht\u00e4vist\u00e4, esimerkiksi silt\u00e4 osin, ett\u00e4 hovin ty\u00f6skentelev\u00e4t j\u00e4senet vierailivat monissa kunnissa ja vastaanottivat yli 2 000 vierasta.<\/p>\n<p class=\"article-content article-content-width !bg-background\">Prinsessa\u00a0opinnot Australiassa mainitaan h\u00e4nen asepalveluksensa ohessa. Prinsessan kerrotaan j\u00e4rjest\u00e4neen my\u00f6s ensimm\u00e4isen audienssinsa kuninkaanlinnassa.<\/p>\n<p>        <a itemprop=\"url\" href=\"https:\/\/www.seiska.fi\/kuninkaalliset\/paljastus-mette-maritin-ja-haakonin-suhteesta\/2108653\" rel=\"nofollow noopener\" target=\"_blank\"><\/p>\n<p>\nHaakon ja Mette-Marit\n<\/p>\n<p class=\"section-date\">\n        <strong class=\"article-section\" data-section=\"kuninkaalliset\"><br \/>\n            kuninkaalliset<br \/>\n        <\/strong><br \/>\n        23.3. 07:35\n    <\/p>\n<p>Paljastus Mette-Maritin ja Haakonin suhteesta\n    <\/p>\n<p itemprop=\"description\" class=\"subtitle \">\n    Kruununprinssiparin seurassa bongattiin paljonkertova hahmo.\n<\/p>\n<p>        <\/a><\/p>\n<p>Valitut sanat<\/p>\n<p class=\"article-content article-content-width !bg-background\">Vuosikatsauksen saatteessa kommentoidaan my\u00f6s kuninkaallisen perheen roolia maassaan.<\/p>\n<p class=\"article-content article-content-width !bg-background\">\u2013 Hovi auttaa kuningasta ja h\u00e4nen perhett\u00e4\u00e4n heid\u00e4n el\u00e4m\u00e4nty\u00f6ss\u00e4\u00e4n. Julkisena perheen\u00e4 el\u00e4misess\u00e4 on sek\u00e4 vahvuutta ett\u00e4 heikkouksia. Se, mik\u00e4 koskettaa yksitt\u00e4isi\u00e4 perheenj\u00e4seni\u00e4, koskettaa koko maata, tiedotteessa todetaan.<\/p>\n<p class=\"article-content article-content-width !bg-background\">Julkisuuden varjopuolet ovat olleet esill\u00e4 kuluneen vuoden aikana, kun eritoten kruununprinsessa\u00a0on ollut kohun silm\u00e4ss\u00e4 poikansa\u00a0rikoskohun sek\u00e4 omien\u00a0-kytk\u00f6ksiens\u00e4 takia.<\/p>\n<p class=\"article-content article-content-width !bg-background\">\u2013 Kuningashuone tuntee sen hyvin\u00e4 p\u00e4iv\u00e4n\u00e4 \u2013 kun monet ovat paikalla ja juhlivat iloja ja vuosip\u00e4ivi\u00e4 kuningasperheen kanssa. Ja tunnemme sen vaikeina aikoina \u2013 sek\u00e4 huolen ett\u00e4 voimakkaan paineen takia.<\/p>\n<p>        <a itemprop=\"url\" href=\"https:\/\/www.seiska.fi\/kuninkaalliset\/laakari-kertoo-vihdoin-mette-maritista-tilanne-on-paha\/2096444\" rel=\"nofollow noopener\" target=\"_blank\"><\/p>\n<p>\nTilanne on paha\n<\/p>\n<p class=\"section-date\">\n        <strong class=\"article-section\" data-section=\"kuninkaalliset\"><br \/>\n            kuninkaalliset<br \/>\n        <\/strong><br \/>\n        8.3. 17:00\n    <\/p>\n<p>L\u00e4\u00e4k\u00e4ri kertoo vihdoin Mette-Maritista \u2013 tilanne on paha\n    <\/p>\n<p itemprop=\"description\" class=\"subtitle \">\n    Hyv\u00e4t uutiset lomamatkalla sairastuneen kuningas Haraldin paluusta eiv\u00e4t paljoa Norjan hovissa lohduta. Kahden skandaalin riepottaman kruununprinsessan terveysuutinen on musta.\n<\/p>\n<p>        <\/a><\/p>\n<p>Maininta terveydest\u00e4<\/p>\n<p class=\"article-content article-content-width !bg-background\">Tiedotteessa mainitaan niin ik\u00e4\u00e4n kruununprinsessa Mette-Maritin terveyshuolet. H\u00e4n sairastaa keuhkofibroosia, josta h\u00e4n on pysynyt avoimena sen diagnosoimisesta vuonna 2018 pit\u00e4en.<\/p>\n<p class=\"article-content article-content-width !bg-background\">\u2013 Vuonna 2025 kuningashuone tiedotti selv\u00e4st\u00e4 negatiivisesta kehityksest\u00e4 kruununprinsessan terveydest\u00e4, ja ett\u00e4 Rikshospitaletin l\u00e4\u00e4k\u00e4rit ovat aloittaneet valmistelut, joiden tavoitteena on valmistella h\u00e4net keuhkonsiirtoa varten.<\/p>\n<p class=\"article-content article-content-width !bg-background\">Mette-Marit on viett\u00e4nyt suuren osan ajasta joulukuun j\u00e4lkeen poissa julkisuudesta.<\/p>\n<p>        <a itemprop=\"url\" href=\"https:\/\/www.seiska.fi\/kuninkaalliset\/huoli-herasi-kruununprinssi-haakonista\/2088014\" rel=\"nofollow noopener\" target=\"_blank\"><\/p>\n<p>\nRaastava tilanne\n<\/p>\n<p class=\"section-date\">\n        <strong class=\"article-section\" data-section=\"kuninkaalliset\"><br \/>\n            kuninkaalliset<br \/>\n        <\/strong><br \/>\n        1.3. 16:00\n    <\/p>\n<p>Huoli her\u00e4si kruununprinssi Haakonista\n    <\/p>\n<p itemprop=\"description\" class=\"subtitle \">\n    Haakon kannattelee kuningashuoneen mainetta yksin.\n<\/p>\n<p>        <\/a><\/p>\n","protected":false},"excerpt":{"rendered":"Dusan Reljin \/ Det kongelige hoff Kruununprinsessan terveyshuolien lis\u00e4ksi my\u00f6s taloustilanne on kokenut muutoksen. Norjan kuningashuone on julkaissut&hellip;\n","protected":false},"author":2,"featured_media":228541,"comment_status":"","ping_status":"","sticky":false,"template":"","format":"standard","meta":{"footnotes":"","_share_on_mastodon":"0"},"categories":[14],"tags":[22,23,26,27,33,31,30,17,924,922,24,25,212,28,29,15,27840,5586,18,21,25268,1240,32,78,33171,13171,19,20,56,16,59,60,61],"class_list":["post-228540","post","type-post","status-publish","format-standard","has-post-thumbnail","category-ulkomaat","tag-breaking-news","tag-breakingnews","tag-featured-news","tag-featurednews","tag-fi","tag-finland","tag-finnish","tag-headlines","tag-kruununprinsessa-mette-marit","tag-kruununprinssi-haakon","tag-latest-news","tag-latestnews","tag-lifestyle","tag-main-news","tag-mainnews","tag-news","tag-norjan-kuningashuone","tag-norjan-kuninkaalliset","tag-otsikot","tag-paauutiset","tag-prinsessa-ingrid","tag-raha","tag-suomi","tag-talous","tag-taloustilanne","tag-terveyshuolet","tag-top-stories","tag-topstories","tag-ulkomaat","tag-uutiset","tag-world","tag-world-news","tag-worldnews"],"share_on_mastodon":{"url":"","error":"Validation failed: Text character limit of 500 exceeded"},"_links":{"self":[{"href":"https:\/\/www.europesays.com\/fi\/wp-json\/wp\/v2\/posts\/228540","targetHints":{"allow":["GET"]}}],"collection":[{"href":"https:\/\/www.europesays.com\/fi\/wp-json\/wp\/v2\/posts"}],"about":[{"href":"https:\/\/www.europesays.com\/fi\/wp-json\/wp\/v2\/types\/post"}],"author":[{"embeddable":true,"href":"https:\/\/www.europesays.com\/fi\/wp-json\/wp\/v2\/users\/2"}],"replies":[{"embeddable":true,"href":"https:\/\/www.europesays.com\/fi\/wp-json\/wp\/v2\/comments?post=228540"}],"version-history":[{"count":0,"href":"https:\/\/www.europesays.com\/fi\/wp-json\/wp\/v2\/posts\/228540\/revisions"}],"wp:featuredmedia":[{"embeddable":true,"href":"https:\/\/www.europesays.com\/fi\/wp-json\/wp\/v2\/media\/228541"}],"wp:attachment":[{"href":"https:\/\/www.europesays.com\/fi\/wp-json\/wp\/v2\/media?parent=228540"}],"wp:term":[{"taxonomy":"category","embeddable":true,"href":"https:\/\/www.europesays.com\/fi\/wp-json\/wp\/v2\/categories?post=228540"},{"taxonomy":"post_tag","embeddable":true,"href":"https:\/\/www.europesays.com\/fi\/wp-json\/wp\/v2\/tags?post=228540"}],"curies":[{"name":"wp","href":"https:\/\/api.w.org\/{rel}","templated":true}]}}