{"id":22866,"date":"2025-09-01T21:21:09","date_gmt":"2025-09-01T21:21:09","guid":{"rendered":"https:\/\/www.europesays.com\/fi\/22866\/"},"modified":"2025-09-01T21:21:09","modified_gmt":"2025-09-01T21:21:09","slug":"suvi-terasniskalta-suuri-paljastus-syy-siihen-etta-laulan","status":"publish","type":"post","link":"https:\/\/www.europesays.com\/fi\/22866\/","title":{"rendered":"Suvi Ter\u00e4sniskalta suuri paljastus \u2013 \u201dSyy siihen, ett\u00e4 laulan\u201d"},"content":{"rendered":"<p>Iskem\u00e4lavojen t\u00e4hti <strong>Suvi Ter\u00e4sniska<\/strong> on ollut mietteli\u00e4\u00e4ll\u00e4 p\u00e4\u00e4ll\u00e4. H\u00e4n on tehnyt julkaisun, jossa h\u00e4n istuu ovensuussa ilmeisesti oman kotinsa terassilla. Julkaisun p\u00e4\u00e4lle ilmestyy teksti\u00e4, jossa h\u00e4n kertoo syyn laulamiselleen.<\/p>\n<p>\u2013 M\u00e4 k\u00e4vin eilen pikkuveljen kanssa h\u00e4iss\u00e4 laulamassa, kirjoittaa Suvi ensin.<\/p>\n<p>Lue my\u00f6s: <a href=\"https:\/\/www.como.fi\/uutiset\/suvi-terasniskalta-toinen-mieleton-yllatys-talla-viikolla\/\" title=\"Suvi Ter\u00e4sniskalta toinen mielet\u00f6n yll\u00e4tys t\u00e4ll\u00e4 viikolla\" class=\"underline-custom !font-montserrat !font-bold !underline-offset-4 !decoration-4 !decoration-red-600 !text-md\" rel=\"nofollow noopener\" target=\"_blank\">Suvi Ter\u00e4sniskalta toinen mielet\u00f6n yll\u00e4tys t\u00e4ll\u00e4 viikolla<\/a><\/p>\n<p>Esiintyminen h\u00e4iss\u00e4 on saanut Suvin miettim\u00e4\u00e4n syyt\u00e4 sille, miksi h\u00e4n haluaa olla laulaja.<\/p>\n<p>\u2013 Ja se sai mut taas miettim\u00e4\u00e4n, ett\u00e4 kuinka otettu olen siit\u00e4, ett\u00e4 mun lauluilla on niin iso merkitys ihmisten el\u00e4m\u00e4n matkalla. Se on suurin syy siihen, ett\u00e4 laulan, paljastaa Suvi.<\/p>\n<p>Julkaisussa on mukana kysymys<\/p>\n<p>Suvi kiitt\u00e4\u00e4 viel\u00e4 kuuntelijoitaan ja esitt\u00e4\u00e4 heille kysymyksen.<\/p>\n<p>Lue my\u00f6s: <a href=\"https:\/\/www.como.fi\/uutiset\/seiska-oma-poika-heitti-kritiikkia-suvi-terasniskan-esiintymisesta\/\" title=\"Seiska: Oma poika heitti kritiikki\u00e4 Suvi Ter\u00e4sniskan esiintymisest\u00e4\" class=\"underline-custom !font-montserrat !font-bold !underline-offset-4 !decoration-4 !decoration-red-600 !text-md\" rel=\"nofollow noopener\" target=\"_blank\">Seiska: Oma poika heitti kritiikki\u00e4 Suvi Ter\u00e4sniskan esiintymisest\u00e4<\/a><\/p>\n<p>\u2013 Kiitos ett\u00e4 kuuntelet. Mik\u00e4 on se biisi mun uralta jolla on sulle suurin merkitys? kysyy Suvi. <\/p>\n<p>Kysymykseen on tullut jo paljon vastauksia. Joillakin on ollut vaikeuksia valita vastaukseksi vain yksi kappale.<\/p>\n<p>\u2013 Kaikki mit\u00e4 oot laulanut on hienoja oli sitten liven\u00e4 tai ei oot mulle t\u00e4ll\u00e4hetkell\u00e4 tosi t\u00e4rkee laulaja, kirjoittaa joku.<\/p>\n<p>Lue my\u00f6s: <a href=\"https:\/\/www.como.fi\/uutiset\/nain-monta-asuntoa-suvi-terasniska-voisi-voitoillaan-ostaa\/\" title=\"N\u00e4in monta asuntoa Suvi Ter\u00e4sniska voisi voitoillaan ostaa\" class=\"underline-custom !font-montserrat !font-bold !underline-offset-4 !decoration-4 !decoration-red-600 !text-md\" rel=\"nofollow noopener\" target=\"_blank\">N\u00e4in monta asuntoa Suvi Ter\u00e4sniska voisi voitoillaan ostaa<\/a><\/p>\n<p>\u2013 Mahdotonta valita vain yksi merkityksellinen kappale tuotannostasi. Mut top 3 varmaan ois 1.El\u00e4m\u00e4ni miehi\u00e4 2.Rikki mutta riitt\u00e4v\u00e4 3. Vieraskirja, vastaa er\u00e4s.<\/p>\n<p>Jos upotus ei n\u00e4y, avaa se auki <a href=\"https:\/\/www.instagram.com\/reel\/DOBF-O4jKqe\/?utm_source=ig_web_copy_link&amp;igsh=MzRlODBiNWFlZA==\" target=\"_blank\" rel=\"noreferrer noopener nofollow\">t\u00e4st\u00e4<\/a>.<\/p>\n<p>Lue my\u00f6s: <a href=\"https:\/\/www.como.fi\/tilaa-comon-uutiskirje\/\" title=\"Tilaa Comon uutiskirje ja tied\u00e4t mist\u00e4 kahvitauolla puhutaan! Nappaa kotimaan tv-vinkit ja puheenaiheet suoraan s\u00e4hk\u00f6postiin t\u00e4st\u00e4.\" class=\"underline-custom !font-montserrat !font-bold !underline-offset-4 !decoration-4 !decoration-red-600 !text-md\" rel=\"nofollow noopener\" target=\"_blank\">Tilaa Comon uutiskirje ja tied\u00e4t mist\u00e4 kahvitauolla puhutaan! Nappaa kotimaan tv-vinkit ja puheenaiheet suoraan s\u00e4hk\u00f6postiin t\u00e4st\u00e4.<\/a><\/p>\n<p>\t\t\t\t<script async src=\"\/\/www.instagram.com\/embed.js\"><\/script><\/p>\n","protected":false},"excerpt":{"rendered":"Iskem\u00e4lavojen t\u00e4hti Suvi Ter\u00e4sniska on ollut mietteli\u00e4\u00e4ll\u00e4 p\u00e4\u00e4ll\u00e4. H\u00e4n on tehnyt julkaisun, jossa h\u00e4n istuu ovensuussa ilmeisesti oman&hellip;\n","protected":false},"author":2,"featured_media":22867,"comment_status":"","ping_status":"","sticky":false,"template":"","format":"standard","meta":{"footnotes":""},"categories":[136],"tags":[407,137,33,31,30,408,32,6416,109],"class_list":{"0":"post-22866","1":"post","2":"type-post","3":"status-publish","4":"format-standard","5":"has-post-thumbnail","7":"category-julkkikset","8":"tag-celebrities","9":"tag-entertainment","10":"tag-fi","11":"tag-finland","12":"tag-finnish","13":"tag-julkkikset","14":"tag-suomi","15":"tag-suvi-teru00e4sniska","16":"tag-viihde"},"share_on_mastodon":{"url":"","error":""},"_links":{"self":[{"href":"https:\/\/www.europesays.com\/fi\/wp-json\/wp\/v2\/posts\/22866","targetHints":{"allow":["GET"]}}],"collection":[{"href":"https:\/\/www.europesays.com\/fi\/wp-json\/wp\/v2\/posts"}],"about":[{"href":"https:\/\/www.europesays.com\/fi\/wp-json\/wp\/v2\/types\/post"}],"author":[{"embeddable":true,"href":"https:\/\/www.europesays.com\/fi\/wp-json\/wp\/v2\/users\/2"}],"replies":[{"embeddable":true,"href":"https:\/\/www.europesays.com\/fi\/wp-json\/wp\/v2\/comments?post=22866"}],"version-history":[{"count":0,"href":"https:\/\/www.europesays.com\/fi\/wp-json\/wp\/v2\/posts\/22866\/revisions"}],"wp:featuredmedia":[{"embeddable":true,"href":"https:\/\/www.europesays.com\/fi\/wp-json\/wp\/v2\/media\/22867"}],"wp:attachment":[{"href":"https:\/\/www.europesays.com\/fi\/wp-json\/wp\/v2\/media?parent=22866"}],"wp:term":[{"taxonomy":"category","embeddable":true,"href":"https:\/\/www.europesays.com\/fi\/wp-json\/wp\/v2\/categories?post=22866"},{"taxonomy":"post_tag","embeddable":true,"href":"https:\/\/www.europesays.com\/fi\/wp-json\/wp\/v2\/tags?post=22866"}],"curies":[{"name":"wp","href":"https:\/\/api.w.org\/{rel}","templated":true}]}}