{"id":229116,"date":"2026-04-24T01:04:15","date_gmt":"2026-04-24T01:04:15","guid":{"rendered":"https:\/\/www.europesays.com\/fi\/229116\/"},"modified":"2026-04-24T01:04:15","modified_gmt":"2026-04-24T01:04:15","slug":"uuden-miami-vice-elokuvan-nimi-ja-nayttelijat-saivat-vahvistuksen","status":"publish","type":"post","link":"https:\/\/www.europesays.com\/fi\/229116\/","title":{"rendered":"Uuden Miami Vice -elokuvan nimi ja n\u00e4yttelij\u00e4t saivat vahvistuksen"},"content":{"rendered":"<p>Austin Butler elokuvassa The Bikeriders \/ Kuva:  \u00a9 2024 Focus Features, LLC.<\/p>\n<p>Tulevassa Miami Vice -elokuvassa p\u00e4\u00e4osia esitt\u00e4v\u00e4t Austin Butler ja Michael B. Jordan.<\/p>\n<p>Top Gun: Maverick -ohjaaja Joseph Kosinskin tuleva <a href=\"https:\/\/muropaketti.com\/avainsana\/miami-vice\/\" rel=\"nofollow noopener\" target=\"_blank\">Miami Vice<\/a> -elokuva on saanut virallisen nimen, uutisoi <a href=\"https:\/\/www.hollywoodreporter.com\/movies\/movie-news\/michael-b-jordan-austin-butler-joseph-kosinski-miami-vice-85-1236572114\/\" target=\"_blank\" rel=\"noreferrer noopener nofollow\">The Hollywood Reporter<\/a>. Vuodelle 2027 p\u00e4iv\u00e4tty elokuva on nimelt\u00e4\u00e4n Miami Vice \u201985, mill\u00e4 se erottuu alkuper\u00e4issarjasta sek\u00e4 vuoden 2006 elokuvaversiosta.<\/p>\n<p>Elokuvan p\u00e4\u00e4osien n\u00e4yttelij\u00e4t on nyt my\u00f6s virallisesti valittu. James \u201cSonny\u201d Crockettia elokuvassa esitt\u00e4\u00e4 Austin Butler (Dyyni, Elvis) ja Ricardo \u201cRico\u201d Tubbsia puolestaan Michael B. Jordan (Sinners, Creed).<\/p>\n<p><a href=\"https:\/\/muropaketti.com\/wp-content\/uploads\/2025\/04\/sinners-michael-b-jordan.jpg\" rel=\"nofollow noopener\" target=\"_blank\"><img fetchpriority=\"high\" decoding=\"async\" width=\"1024\" height=\"361\" alt=\"Sinners \/ Michael B Jordan\" class=\"wp-image-844530 awpo-lazy\"  data- src=\"https:\/\/www.europesays.com\/fi\/wp-content\/uploads\/2026\/04\/sinners-michael-b-jordan-1024x361.jpg\"\/><\/a>Michael B. Jordan elokuvassa Sinners \/ Kuva: \u00a9 2025 Warner Bros. Entertainment Inc.<\/p>\n<p>Miami Vice \u201985 pohjautuu 1980-luvulla suosittuun tv-sarjaan, ja etenkin sen pilottijaksoon ja ensimm\u00e4iseen tuotantokauteen. K\u00e4sikirjoituksesta vastaa Dan Gilroy. Alkuper\u00e4isess\u00e4 sarjassa p\u00e4\u00e4rooleja esittiv\u00e4t Don Johnson ja Philip Michael Thomas.<\/p>\n<p>Sarjasta tehtiin elokuvaversio vuonna 2006 Michael Mannin ohjaamana. Tuolloin p\u00e4\u00e4osissa n\u00e4htiin Colin Farrell ja Jamie Foxx.<\/p>\n<p>Miami Vice \u201985:n tuotannon on m\u00e4\u00e4r\u00e4 alkaa t\u00e4m\u00e4n vuoden aikana. Elokuvateattereihin sit\u00e4 odotellaan vuonna 2027.<\/p>\n","protected":false},"excerpt":{"rendered":"Austin Butler elokuvassa The Bikeriders \/ Kuva: \u00a9 2024 Focus Features, LLC. Tulevassa Miami Vice -elokuvassa p\u00e4\u00e4osia esitt\u00e4v\u00e4t&hellip;\n","protected":false},"author":2,"featured_media":229117,"comment_status":"","ping_status":"","sticky":false,"template":"","format":"standard","meta":{"footnotes":"","_share_on_mastodon":"0"},"categories":[130],"tags":[5065,137,33,31,30,10629,10630,12166,32,109],"class_list":["post-229116","post","type-post","status-publish","format-standard","has-post-thumbnail","category-viihde","tag-austin-butler","tag-entertainment","tag-fi","tag-finland","tag-finnish","tag-joseph-kosinski","tag-miami-vice","tag-michael-b-jordan","tag-suomi","tag-viihde"],"share_on_mastodon":{"url":"https:\/\/pubeurope.com\/@fi\/116456998148461575","error":""},"_links":{"self":[{"href":"https:\/\/www.europesays.com\/fi\/wp-json\/wp\/v2\/posts\/229116","targetHints":{"allow":["GET"]}}],"collection":[{"href":"https:\/\/www.europesays.com\/fi\/wp-json\/wp\/v2\/posts"}],"about":[{"href":"https:\/\/www.europesays.com\/fi\/wp-json\/wp\/v2\/types\/post"}],"author":[{"embeddable":true,"href":"https:\/\/www.europesays.com\/fi\/wp-json\/wp\/v2\/users\/2"}],"replies":[{"embeddable":true,"href":"https:\/\/www.europesays.com\/fi\/wp-json\/wp\/v2\/comments?post=229116"}],"version-history":[{"count":0,"href":"https:\/\/www.europesays.com\/fi\/wp-json\/wp\/v2\/posts\/229116\/revisions"}],"wp:featuredmedia":[{"embeddable":true,"href":"https:\/\/www.europesays.com\/fi\/wp-json\/wp\/v2\/media\/229117"}],"wp:attachment":[{"href":"https:\/\/www.europesays.com\/fi\/wp-json\/wp\/v2\/media?parent=229116"}],"wp:term":[{"taxonomy":"category","embeddable":true,"href":"https:\/\/www.europesays.com\/fi\/wp-json\/wp\/v2\/categories?post=229116"},{"taxonomy":"post_tag","embeddable":true,"href":"https:\/\/www.europesays.com\/fi\/wp-json\/wp\/v2\/tags?post=229116"}],"curies":[{"name":"wp","href":"https:\/\/api.w.org\/{rel}","templated":true}]}}