{"id":229493,"date":"2026-04-24T11:16:08","date_gmt":"2026-04-24T11:16:08","guid":{"rendered":"https:\/\/www.europesays.com\/fi\/229493\/"},"modified":"2026-04-24T11:16:08","modified_gmt":"2026-04-24T11:16:08","slug":"huhu-disney-tuo-luke-skywalkerin-takaisin-uudessa-star-wars-sarjassa","status":"publish","type":"post","link":"https:\/\/www.europesays.com\/fi\/229493\/","title":{"rendered":"Huhu: Disney tuo Luke Skywalkerin takaisin uudessa Star Wars -sarjassa"},"content":{"rendered":"<p>Mark Hamill elokuvassa Star Wars The Last Jedi \/ Kuva: \u00a92017 Lucasfilm Ltd.<\/p>\n<p>Luke Skywalker voidaan viel\u00e4 n\u00e4hd\u00e4 Star Wars -tuotannoissa tulevaisuudessakin.<\/p>\n<p>Star Wars -fanit eiv\u00e4t olleet kovin tyytyv\u00e4isi\u00e4 siihen, miten Lucasfilm ja Disney p\u00e4\u00e4ttiv\u00e4t Mark Hamillin esitt\u00e4m\u00e4n <a href=\"https:\/\/muropaketti.com\/avainsana\/luke-skywalker\/\" rel=\"nofollow noopener\" target=\"_blank\">Luke Skywalkerin<\/a> tarinan varsinaisissa Star Wars -elokuvissa. T\u00e4m\u00e4n j\u00e4lkeen hahmolle tarjottiin kuitenkin uusi mahdollisuus tv-sarjojen The Mandalorian ja The Book of Boba Fett my\u00f6t\u00e4.<\/p>\n<p>Huhujen mukaan Luke saattaa palata j\u00e4lleen Tales of the Jedi -sarjassa, uutisoi <a href=\"https:\/\/sffgazette.com\/sci_fi\/star-wars\/star-wars-luke-skywalker-rumored-to-return-in-upcoming-disney-series-a9987\" target=\"_blank\" rel=\"noreferrer noopener nofollow\">Sci-Fi &amp; Fantasy Gazzette<\/a>. Sarjalle ei ole viel\u00e4 virallisesti luvattu jatkoa.<\/p>\n<p>Antologiasarjana julkaistavasta animaatiosarjasta julkaistiin ensimm\u00e4inen Tales of the Jedi vuonna 2022. Sit\u00e4 ovat sittemmin seuranneet Tales of the Empire ja Tales of the Underworld.<\/p>\n<p>Lucasfilmin uusin animaatiosarja, Star Wars: Maul \u2013 Shadow Lord on ollut hitti ja se p\u00e4\u00e4ttyy pian Disney+:lla. Uusi Tales-kausi ja Luken paluu siin\u00e4 ei siis kuulosta lainkaan kaukaa haetulta idealta.<\/p>\n<p>Mik\u00e4li sellainen julkaistaan, Mark Hamillin paluusta antamaan hahmolle \u00e4\u00e4nens\u00e4 ei kuitenkaan ole mit\u00e4\u00e4n tietoa.<\/p>\n","protected":false},"excerpt":{"rendered":"Mark Hamill elokuvassa Star Wars The Last Jedi \/ Kuva: \u00a92017 Lucasfilm Ltd. Luke Skywalker voidaan viel\u00e4 n\u00e4hd\u00e4&hellip;\n","protected":false},"author":2,"featured_media":33159,"comment_status":"","ping_status":"","sticky":false,"template":"","format":"standard","meta":{"footnotes":"","_share_on_mastodon":"0"},"categories":[131],"tags":[155,137,33,173,31,30,2238,33224,4864,172,3519,32,109],"class_list":["post-229493","post","type-post","status-publish","format-standard","has-post-thumbnail","category-elokuvat","tag-elokuvat","tag-entertainment","tag-fi","tag-film","tag-finland","tag-finnish","tag-lucasfilm","tag-luke-skywalker","tag-mark-hamill","tag-movies","tag-star-wars","tag-suomi","tag-viihde"],"share_on_mastodon":{"url":"https:\/\/pubeurope.com\/@fi\/116459404401687700","error":""},"_links":{"self":[{"href":"https:\/\/www.europesays.com\/fi\/wp-json\/wp\/v2\/posts\/229493","targetHints":{"allow":["GET"]}}],"collection":[{"href":"https:\/\/www.europesays.com\/fi\/wp-json\/wp\/v2\/posts"}],"about":[{"href":"https:\/\/www.europesays.com\/fi\/wp-json\/wp\/v2\/types\/post"}],"author":[{"embeddable":true,"href":"https:\/\/www.europesays.com\/fi\/wp-json\/wp\/v2\/users\/2"}],"replies":[{"embeddable":true,"href":"https:\/\/www.europesays.com\/fi\/wp-json\/wp\/v2\/comments?post=229493"}],"version-history":[{"count":0,"href":"https:\/\/www.europesays.com\/fi\/wp-json\/wp\/v2\/posts\/229493\/revisions"}],"wp:featuredmedia":[{"embeddable":true,"href":"https:\/\/www.europesays.com\/fi\/wp-json\/wp\/v2\/media\/33159"}],"wp:attachment":[{"href":"https:\/\/www.europesays.com\/fi\/wp-json\/wp\/v2\/media?parent=229493"}],"wp:term":[{"taxonomy":"category","embeddable":true,"href":"https:\/\/www.europesays.com\/fi\/wp-json\/wp\/v2\/categories?post=229493"},{"taxonomy":"post_tag","embeddable":true,"href":"https:\/\/www.europesays.com\/fi\/wp-json\/wp\/v2\/tags?post=229493"}],"curies":[{"name":"wp","href":"https:\/\/api.w.org\/{rel}","templated":true}]}}