{"id":229585,"date":"2026-04-24T13:35:12","date_gmt":"2026-04-24T13:35:12","guid":{"rendered":"https:\/\/www.europesays.com\/fi\/229585\/"},"modified":"2026-04-24T13:35:12","modified_gmt":"2026-04-24T13:35:12","slug":"vuoden-ravintola-loytyy-helsingista-paikalliset","status":"publish","type":"post","link":"https:\/\/www.europesays.com\/fi\/229585\/","title":{"rendered":"Vuoden ravintola l\u00f6ytyy Helsingist\u00e4 | Paikalliset"},"content":{"rendered":"<p>Helsinkil\u00e4inen Luovuus kukkii kaaoksesta on saanut arvostetun Vuoden ravintola -tunnustuksen.<\/p>\n<p>Valinnan teki Suomen Gastronomien Seura ry. Ravintola Luovuus kukkii kaaoksesta on 38. tunnustuksen saanut ravintola.<\/p>\n<p>Tunnustusta perusteltiin sill\u00e4, ett\u00e4 Luovuus kukkii kaaoksesta erottuu omaleimaisella konseptillaan ja se yhdist\u00e4\u00e4 huippuunsa hiotun keitti\u00f6n, poikkeuksellisen palvelun ja el\u00e4myksellisen tunnelman tavalla, joka uudistaa suomalaista ravintolakulttuuria.<\/p>\n<p>Luovuus kukkii kaaoksen ravintoloitsija <strong>Samu R\u00e4s\u00e4nen<\/strong>, 36, kertoo tiedotteessa, ett\u00e4 tunnelma rakentuu luovan sekamelskan ja huolellisen annostason kontrastista, ja monipuolinen asiakaskunta vet\u00e4\u00e4 ravintolan t\u00e4yteen illasta toiseen.<\/p>\n<p>\t\t<a class=\"diks-gallery__link\" href=\"https:\/\/www.helsinginuutiset.fi\/incoming\/mgoez1\/Luovuuskukkiikaaoksesta2.jpg\/alternates\/FREE_1440\/Luovuuskukkiikaaoksesta2.jpg\" data-thumbnail=\"\" data-sub-html=\"Ravintolan keitti\u00f6 tunnetaan laadukkaista ja l\u00e4pin\u00e4kyv\u00e4sti ilmoitetuista raaka-aineista sek\u00e4 sesonkien mukaan el\u00e4v\u00e4st\u00e4 menusta. Henri Ilanen\" aria-label=\"Katso isompi kuva\" rel=\"nofollow noopener\" target=\"_blank\"><br \/>\n\t\t\t\t<img class=\"diks-figure__image\" src=\"https:\/\/www.europesays.com\/fi\/wp-content\/uploads\/2026\/04\/Luovuuskukkiikaaoksesta2.jpg\" loading=\"lazy\" decoding=\"sync\" alt=\"\"\/><\/p>\n<p>\t\t\t<\/a><br \/>\n\t\t\t\t\tRavintolan keitti\u00f6 tunnetaan laadukkaista ja l\u00e4pin\u00e4kyv\u00e4sti ilmoitetuista raaka-aineista sek\u00e4 sesonkien mukaan el\u00e4v\u00e4st\u00e4 menusta. Henri Ilanen<\/p>\n<p>Vuoden ravintola -tunnustuksen saavuttaakseen ravintolan tulee tarjota hyv\u00e4\u00e4 ja omaleimaista ruokaa sek\u00e4 erinomaista palvelua, tiedotteessa kerrotaan.<\/p>\n<p>Lis\u00e4ksi ravintolalta edellytet\u00e4\u00e4n hyv\u00e4\u00e4 hinta-laatusuhdetta sek\u00e4 pitk\u00e4j\u00e4nteist\u00e4 ja tasalaatuista toimintaa.<\/p>\n<p>Kunniakirjan luovutus tehtiin parhaillaan k\u00e4ynniss\u00e4 olevassa Ruoka 2026 -tapahtumassa Helsingin Messukeskuksessa.<\/p>\n","protected":false},"excerpt":{"rendered":"Helsinkil\u00e4inen Luovuus kukkii kaaoksesta on saanut arvostetun Vuoden ravintola -tunnustuksen. Valinnan teki Suomen Gastronomien Seura ry. Ravintola Luovuus&hellip;\n","protected":false},"author":2,"featured_media":229586,"comment_status":"","ping_status":"","sticky":false,"template":"","format":"standard","meta":{"footnotes":"","_share_on_mastodon":"0"},"categories":[5],"tags":[29949,22,23,2110,26,27,33,31,30,17,104,4984,24,25,28,29,2794,15,18,21,900,2331,32,19,20,16],"class_list":["post-229585","post","type-post","status-publish","format-standard","has-post-thumbnail","category-otsikot","tag-ai-uutiset","tag-breaking-news","tag-breakingnews","tag-elamantapa-ja-vapaa-aika","tag-featured-news","tag-featurednews","tag-fi","tag-finland","tag-finnish","tag-headlines","tag-helsinki","tag-keittiot","tag-latest-news","tag-latestnews","tag-main-news","tag-mainnews","tag-majoitus-ja-ravitsemistoiminta","tag-news","tag-otsikot","tag-paauutiset","tag-ruoka","tag-ruoka-ja-juoma","tag-suomi","tag-top-stories","tag-topstories","tag-uutiset"],"share_on_mastodon":{"url":"https:\/\/pubeurope.com\/@fi\/116459951154105284","error":""},"_links":{"self":[{"href":"https:\/\/www.europesays.com\/fi\/wp-json\/wp\/v2\/posts\/229585","targetHints":{"allow":["GET"]}}],"collection":[{"href":"https:\/\/www.europesays.com\/fi\/wp-json\/wp\/v2\/posts"}],"about":[{"href":"https:\/\/www.europesays.com\/fi\/wp-json\/wp\/v2\/types\/post"}],"author":[{"embeddable":true,"href":"https:\/\/www.europesays.com\/fi\/wp-json\/wp\/v2\/users\/2"}],"replies":[{"embeddable":true,"href":"https:\/\/www.europesays.com\/fi\/wp-json\/wp\/v2\/comments?post=229585"}],"version-history":[{"count":0,"href":"https:\/\/www.europesays.com\/fi\/wp-json\/wp\/v2\/posts\/229585\/revisions"}],"wp:featuredmedia":[{"embeddable":true,"href":"https:\/\/www.europesays.com\/fi\/wp-json\/wp\/v2\/media\/229586"}],"wp:attachment":[{"href":"https:\/\/www.europesays.com\/fi\/wp-json\/wp\/v2\/media?parent=229585"}],"wp:term":[{"taxonomy":"category","embeddable":true,"href":"https:\/\/www.europesays.com\/fi\/wp-json\/wp\/v2\/categories?post=229585"},{"taxonomy":"post_tag","embeddable":true,"href":"https:\/\/www.europesays.com\/fi\/wp-json\/wp\/v2\/tags?post=229585"}],"curies":[{"name":"wp","href":"https:\/\/api.w.org\/{rel}","templated":true}]}}