{"id":229672,"date":"2026-04-24T15:46:20","date_gmt":"2026-04-24T15:46:20","guid":{"rendered":"https:\/\/www.europesays.com\/fi\/229672\/"},"modified":"2026-04-24T15:46:20","modified_gmt":"2026-04-24T15:46:20","slug":"vakivaltainen-11-vuotias-tytto-on-kylvanyt-pelkoa-vuosaaressa-tyton-isa-vakuuttaa-etta-kaytokseen-on-puututtu-kotimaa","status":"publish","type":"post","link":"https:\/\/www.europesays.com\/fi\/229672\/","title":{"rendered":"V\u00e4kivaltainen 11-vuotias tytt\u00f6 on kylv\u00e4nyt pelkoa Vuosaaressa \u2013 tyt\u00f6n is\u00e4 vakuuttaa, ett\u00e4 k\u00e4yt\u00f6kseen on puututtu | Kotimaa"},"content":{"rendered":"<p class=\"aw-1gybjub aw-1p7kakr kEtdKx cEmitX yle__article__paragraph\">Vuosaaressa liikkuvan v\u00e4kivaltaisen <a class=\"aw-iao6s4 iHOxEa yle__article__link\" href=\"https:\/\/yle.fi\/a\/74-20220928\" role=\"link\" rel=\"nofollow noopener\" target=\"_blank\">tytt\u00f6porukan<\/a> j\u00e4senet ovat Ylen tietojen mukaan ahdistelleet niin aikuisia kuin lapsia. Ainakin kahteen rikosilmoitukseen johtaneeseen tapaukseen liittyy sama 11-vuotias tytt\u00f6.<\/p>\n<p class=\"aw-1gybjub aw-1p7kakr kEtdKx cEmitX yle__article__paragraph\">Lokakuussa 2025 tytt\u00f6 oli 10-vuotias, kun h\u00e4n l\u00f6i bussissa 9-vuotiasta poikaa ja jahtasi t\u00e4t\u00e4 nelj\u00e4n kaverinsa kanssa. Poika ei tuntenut ket\u00e4\u00e4n tyt\u00f6ist\u00e4 ennest\u00e4\u00e4n.<\/p>\n<p class=\"aw-1gybjub aw-1p7kakr kEtdKx cEmitX yle__article__paragraph\">Ylen tiedossa on kahden porukassa olleen tyt\u00f6n henkil\u00f6llisyys. Toinen on vuonna 2015 syntynyt tytt\u00f6, jota <a class=\"aw-iao6s4 iHOxEa yle__article__link\" href=\"https:\/\/www.hs.fi\/helsinki\/art-2000011960233.html?utm_source=ampparit&amp;gsid=ed76f8ea-5f1c-416b-8b4c-760e8e751278\" role=\"link\" rel=\"nofollow noopener\" target=\"_blank\">Helsingin Sanomien<\/a> l\u00e4hteet ovat kutsuneet jengin johtajaksi. Toinen tytt\u00f6 on syntynyt vuonna 2013.<\/p>\n<p class=\"aw-1gybjub aw-1p7kakr kEtdKx cEmitX yle__article__paragraph\">Tilanteesta kirjatun tutkinnanlopettamisp\u00e4\u00e4t\u00f6ksen mukaan poika kertoi, ett\u00e4 kyseiset tyt\u00f6t k\u00e4yttiv\u00e4t tilanteessa eniten v\u00e4kivaltaa. Tyt\u00f6t olivat tapahtumahetkell\u00e4 10- ja 12-vuotiaita.<\/p>\n<p class=\"aw-1gybjub aw-1p7kakr kEtdKx cEmitX yle__article__paragraph\">Pojan mukaan tyt\u00f6t l\u00f6iv\u00e4t ja l\u00e4psiv\u00e4t h\u00e4nt\u00e4. Poika poistui ennen aikojaan bussista, mutta tyt\u00f6t seurasivat h\u00e4nt\u00e4. Tilanne p\u00e4\u00e4ttyi vasta, kun sivullinen aikuinen puuttui tilanteeseen.<\/p>\n<p class=\"aw-1gybjub aw-1p7kakr kEtdKx cEmitX yle__article__paragraph\">My\u00f6hemmin poika tunnisti kaksi tytt\u00f6\u00e4 sosiaalisesta mediasta, ja poliisi puhutti tytt\u00f6j\u00e4. Nuorempi ei suostunut kommentoimaan osuuttaan, mutta vanhempi my\u00f6nsi molempien k\u00e4ytt\u00e4neen v\u00e4kivaltaa.<\/p>\n<p class=\"aw-1gybjub aw-1p7kakr kEtdKx cEmitX yle__article__paragraph\">Koska tyt\u00f6t olivat alle rikosoikeudellisen vastuuik\u00e4rajan, poliisi lopetti asian esitutkinnan ja ilmoitti asiasta sosiaaliviranomaisille.<\/p>\n<p class=\"aw-1gybjub aw-1p7kakr kEtdKx cEmitX yle__article__paragraph\">10-vuotiaasta tyt\u00f6st\u00e4 ilmoitettiin poliisille my\u00f6s tapauksessa, jossa samana p\u00e4iv\u00e4n\u00e4 bussitapauksen kanssa h\u00e4nen ep\u00e4iltiin ahdistelleen i\u00e4k\u00e4st\u00e4 naista.<\/p>\n<p><img decoding=\"async\" alt=\"Ihmisi\u00e4 aurinkoisella Kauppakeskus Kolumbuksen pihalla.\" src=\"https:\/\/www.europesays.com\/fi\/wp-content\/uploads\/2026\/04\/39-163285469eb88a827347.jpeg\" loading=\"lazy\" class=\"aw-1l9m598 hKVVvP\"\/><\/p>\n<p>Avaa kuvien katselu<\/p>\n<p>Vuosaaressa liikkuvan porukan j\u00e4senet ovat Ylen tietojen mukaan ahdistelleet niin aikuisia kuin lapsia. Kuvituskuvassa Vuosaaren kauppakeskus Columbus huhtikuussa 2026. Kuva: Toni M\u00e4\u00e4tt\u00e4 \/ Yle\u201dKiusatusta tuli kiusaaja\u201d<\/p>\n<p class=\"aw-1gybjub aw-1p7kakr kEtdKx cEmitX yle__article__paragraph\">Yle tavoitti vuonna 2015 syntyneen tyt\u00f6n is\u00e4n puhelimitse. Koska haastattelussa k\u00e4sitell\u00e4\u00e4n lapsen tietoja, Yle ei julkaise is\u00e4n nime\u00e4.<\/p>\n<p class=\"aw-1gybjub aw-1p7kakr kEtdKx cEmitX yle__article__paragraph\">Is\u00e4n mukaan h\u00e4nen tytt\u00e4rens\u00e4 vakava oireilu on kest\u00e4nyt nyt noin vuoden. Is\u00e4 ep\u00e4ilee, ett\u00e4 tyt\u00f6n v\u00e4kivaltaisuus sai alkunsa siit\u00e4, kun tytt\u00f6 itse joutui v\u00e4h\u00e4n yli vuoden ajan kiusatuksi.<\/p>\n<p class=\"aw-1gybjub aw-1p7kakr kEtdKx cEmitX yle__article__paragraph\">Yle ei ole pystynyt riippumattomasta l\u00e4hteest\u00e4 vahvistamaan is\u00e4n kertomusta kiusaamisesta.<\/p>\n<p class=\"aw-1gybjub aw-1p7kakr kEtdKx cEmitX yle__article__paragraph\">Kiusaaminen oli is\u00e4n mukaan \u201dkyykytt\u00e4mist\u00e4\u201d, potkimista ja my\u00f6s kuvaamista. Kerran h\u00e4nen tytt\u00e4rens\u00e4 pudotettiin kiipeilytelineest\u00e4.<\/p>\n<p class=\"aw-1gybjub aw-1p7kakr kEtdKx cEmitX yle__article__paragraph\">\u2013 Sit\u00e4 ennen h\u00e4n oli todella sosiaalinen ja tyk\u00e4tty.<\/p>\n<p class=\"aw-1gybjub aw-1p7kakr kEtdKx cEmitX yle__article__paragraph\">T\u00e4m\u00e4n j\u00e4lkeen tytt\u00f6 alkoi is\u00e4n mukaan joutua tappeluihin. Osa tyt\u00f6n teoista on is\u00e4nkin mukaan kauheita.<\/p>\n<p class=\"aw-1gybjub aw-1p7kakr kEtdKx cEmitX yle__article__paragraph\">\u2013 Valitettavasti kiusatusta tuli niin sanotusti kiusaaja.<\/p>\n<p class=\"aw-1gybjub aw-1p7kakr kEtdKx cEmitX yle__article__paragraph\">Is\u00e4n mukaan h\u00e4nen tytt\u00e4rens\u00e4 ei viel\u00e4k\u00e4\u00e4n suostu paljon puhumaan kokemastaan kiusaamisesta.<\/p>\n<p class=\"aw-1gybjub aw-1p7kakr kEtdKx cEmitX yle__article__paragraph\">\u2013 Onko siin\u00e4 tullut ajatus sitten, ett\u00e4 en\u00e4\u00e4 ei kukaan tee minulle n\u00e4in? En tied\u00e4. Olen yritt\u00e4nyt jutella, mutta se on viel\u00e4kin arka paikka.<\/p>\n<p><img decoding=\"async\" alt=\"Ihmiset saapuvat metron sis\u00e4\u00e4nk\u00e4ynnille Vuosaaren asemalla Helsingiss\u00e4.\" src=\"https:\/\/www.europesays.com\/fi\/wp-content\/uploads\/2026\/04\/39-163285369eb88a8021a1.jpeg\" loading=\"lazy\" class=\"aw-1l9m598 hKVVvP\"\/><\/p>\n<p>Avaa kuvien katselu<\/p>\n<p>Tytt\u00f6porukkaan kuuluvan 11-vuotiaan tyt\u00f6n is\u00e4n mukaan tyt\u00e4r on oireillut vakavasti noin vuoden ajan. Kuvituskuva Vuosaaren metroasemalta. Kuva: Toni M\u00e4\u00e4tt\u00e4 \/ YleN\u00f6yryytt\u00e4v\u00e4\u00e4 v\u00e4kivaltaa<\/p>\n<p class=\"aw-1gybjub aw-1p7kakr kEtdKx cEmitX yle__article__paragraph\">Is\u00e4n mukaan h\u00e4nen tytt\u00e4rens\u00e4 on tehnyt tekoja liikkuessaan joidenkin kavereidensa kanssa. H\u00e4nen mukaansa tyt\u00e4r ei kuitenkaan ole mink\u00e4\u00e4n jengin johtaja.<\/p>\n<p class=\"aw-1gybjub aw-1p7kakr kEtdKx cEmitX yle__article__paragraph\">Is\u00e4n tiedossa on l\u00e4hemm\u00e4s kymmenen tilannetta, joissa h\u00e4nen tytt\u00e4rens\u00e4 on ollut osallisena. Kolme tapauksista on h\u00e4nen mielest\u00e4\u00e4n ollut vakavampia.<\/p>\n<p class=\"aw-1gybjub aw-1p7kakr kEtdKx cEmitX yle__article__paragraph\">\u2013 He ovat niin sanotusti porukalla olleet ilkeit\u00e4, ja siihen on liittynyt jopa v\u00e4h\u00e4n t\u00e4mm\u00f6ist\u00e4 n\u00f6yryytt\u00e4mist\u00e4.<\/p>\n<p class=\"aw-1gybjub aw-1p7kakr kEtdKx cEmitX yle__article__paragraph\">Is\u00e4 korostaa, ettei halua v\u00e4h\u00e4tell\u00e4 tytt\u00e4rens\u00e4 tekoja.<\/p>\n<p class=\"aw-1gybjub aw-1p7kakr kEtdKx cEmitX yle__article__paragraph\">Is\u00e4 kuitenkin pit\u00e4\u00e4 kohtuuttomana sit\u00e4, miten aikuiset kirjoittavat h\u00e4nen tytt\u00e4rest\u00e4\u00e4n sosiaalisessa mediassa.<\/p>\n<p class=\"aw-1gybjub aw-1p7kakr kEtdKx cEmitX yle__article__paragraph\">Useat vanhemmat ovat olleet huolissaan omien lastensa turvallisuudesta ja ovat yritt\u00e4neet ker\u00e4t\u00e4 tapauksista tietoa. Moni per\u00e4\u00e4 my\u00f6s viranomaisilta toimia ongelman ratkaisemiseksi.<\/p>\n<p class=\"aw-1gybjub aw-1p7kakr kEtdKx cEmitX yle__article__paragraph\">Joukossa on kuitenkin my\u00f6s julkaisuja, joissa kirjoitetaan v\u00e4kivallan k\u00e4ytt\u00e4misest\u00e4 lapsia kohtaan.<\/p>\n<p class=\"aw-1gybjub aw-1p7kakr kEtdKx cEmitX yle__article__paragraph\">\u2013 Mit\u00e4 se tekee lapsen kehitykselle, ett\u00e4 kaikki vihaavat h\u00e4nt\u00e4?<\/p>\n<p>Perhe on saanut apua<\/p>\n<p class=\"aw-1gybjub aw-1p7kakr kEtdKx cEmitX yle__article__paragraph\">Moni perhe pelk\u00e4\u00e4 v\u00e4kivaltaa k\u00e4ytt\u00e4v\u00e4\u00e4 tytt\u00f6\u00e4, mink\u00e4 lis\u00e4ksi perheen is\u00e4st\u00e4 liikkuu huhuja h\u00e4nen menneisyydest\u00e4\u00e4n.<\/p>\n<p class=\"aw-1gybjub aw-1p7kakr kEtdKx cEmitX yle__article__paragraph\">Ylen tietojen mukaan is\u00e4 on aikoinaan istunut vankilassa t\u00f6rkeist\u00e4 huumausainerikoksista.<\/p>\n<p class=\"aw-1gybjub aw-1p7kakr kEtdKx cEmitX yle__article__paragraph\">Haastattelussa is\u00e4 ei kiist\u00e4 menneisyytt\u00e4\u00e4n. H\u00e4nen tytt\u00e4rens\u00e4 oli tuolloin pieni, eik\u00e4 is\u00e4 usko vankeusajan vaikuttaneen lapseen.<\/p>\n<p class=\"aw-1gybjub aw-1p7kakr kEtdKx cEmitX yle__article__paragraph\">\u2013 Minulla on ollut erilainen el\u00e4m\u00e4 silloin joskus. Lapsethan minun el\u00e4m\u00e4ni muuttivat.<\/p>\n<p class=\"aw-1gybjub aw-1p7kakr kEtdKx cEmitX yle__article__paragraph\">Perheeseen kuuluu is\u00e4, \u00e4iti ja kaksi lasta. Is\u00e4n mukaan perheess\u00e4 on kotiintuloajat, ja tyt\u00e4r my\u00f6s noudattaa niit\u00e4. Tytt\u00f6 on nyt kotiarestissa, eik\u00e4 t\u00e4m\u00e4 saa liikkua Vuosaaressa. Perhe on muuttanut pois alueelta.<\/p>\n<p class=\"aw-1gybjub aw-1p7kakr kEtdKx cEmitX yle__article__paragraph\">Is\u00e4 k\u00e4y t\u00f6iss\u00e4, eik\u00e4 h\u00e4nt\u00e4 ole vuosiin tuomittu rikoksista.<\/p>\n<p>Kymmenen tyt\u00f6n joukkio<\/p>\n<p class=\"aw-1gybjub aw-1p7kakr kEtdKx cEmitX yle__article__paragraph\">Perhe on selvitt\u00e4nyt tytt\u00e4ren tekoja poliisin kanssa, ja perheen apuna on my\u00f6s sosiaality\u00f6ntekij\u00e4. Is\u00e4 kertoo olevansa valmis my\u00f6s keskustelemaan suoraan tytt\u00e4rens\u00e4 kiusaamien ja pahoinpitelemien lasten vanhempien kanssa.<\/p>\n<p class=\"aw-1gybjub aw-1p7kakr kEtdKx cEmitX yle__article__paragraph\">Tyt\u00e4r on is\u00e4n mukaan vasta aivan hiljan p\u00e4\u00e4ssyt tutkimuksiin, joissa selvitet\u00e4\u00e4n tyt\u00f6n neuropsykiatrista oireilua.<\/p>\n<p class=\"aw-1gybjub aw-1p7kakr kEtdKx cEmitX yle__article__paragraph\">\u2013 Muutos ei kuitenkaan tapahdu sormia napsauttamalla, is\u00e4 sanoo.<\/p>\n<p class=\"aw-1gybjub aw-1p7kakr kEtdKx cEmitX yle__article__paragraph\">Is\u00e4 korostaa, ett\u00e4 h\u00e4nen tytt\u00e4rens\u00e4 ei ole koko ajan pahanteossa ja kaikki Vuosaaressa tapahtuva ei liity h\u00e4nen tytt\u00e4reens\u00e4.<\/p>\n<p class=\"aw-1gybjub aw-1p7kakr kEtdKx cEmitX yle__article__paragraph\">Tytt\u00f6porukan h\u00e4iri\u00f6k\u00e4ytt\u00e4ytymist\u00e4 on havaittu ainakin busseissa, metrossa ja kauppakeskus Columbuksen ulkopuolella. Ylen tiedossa ei ole, miss\u00e4 tapauksista on kyse 11-vuotiaasta tyt\u00f6st\u00e4 ja h\u00e4nen kaveriporukastaan.<\/p>\n<p class=\"aw-1gybjub aw-1p7kakr kEtdKx cEmitX yle__article__paragraph\">\u2013 H\u00e4n on kuitenkin my\u00f6s ihan normaali tytt\u00f6, joka viett\u00e4\u00e4 aikaa kavereidensa kanssa.<\/p>\n<p class=\"aw-1gybjub aw-1p7kakr kEtdKx cEmitX yle__article__paragraph\">Poliisin mukaan noin <a class=\"aw-iao6s4 iHOxEa yle__article__link\" href=\"https:\/\/yle.fi\/a\/74-20220928\" role=\"link\" rel=\"nofollow noopener\" target=\"_blank\">kymmenen tyt\u00f6n joukkiosta<\/a> on tehty yhteens\u00e4 l\u00e4hes 30 rikosilmoitusta.<\/p>\n<p class=\"aw-1gybjub aw-1p7kakr kEtdKx cEmitX yle__article__paragraph\"><strong class=\"aw-ak79eh KyCXm yle__article__strong\">Katso my\u00f6s:<\/strong><\/p>\n","protected":false},"excerpt":{"rendered":"Vuosaaressa liikkuvan v\u00e4kivaltaisen tytt\u00f6porukan j\u00e4senet ovat Ylen tietojen mukaan ahdistelleet niin aikuisia kuin lapsia. Ainakin kahteen rikosilmoitukseen johtaneeseen&hellip;\n","protected":false},"author":2,"featured_media":229673,"comment_status":"","ping_status":"","sticky":false,"template":"","format":"standard","meta":{"footnotes":"","_share_on_mastodon":"0"},"categories":[12],"tags":[22,23,26,27,33,31,30,17,104,13993,71,99,24,25,28,29,15,18,21,581,32,19,20,1168,16],"class_list":["post-229672","post","type-post","status-publish","format-standard","has-post-thumbnail","category-suomi","tag-breaking-news","tag-breakingnews","tag-featured-news","tag-featurednews","tag-fi","tag-finland","tag-finnish","tag-headlines","tag-helsinki","tag-jengit","tag-kotimaa","tag-lapset","tag-latest-news","tag-latestnews","tag-main-news","tag-mainnews","tag-news","tag-otsikot","tag-paauutiset","tag-rikokset","tag-suomi","tag-top-stories","tag-topstories","tag-uusimaa","tag-uutiset"],"share_on_mastodon":{"url":"https:\/\/pubeurope.com\/@fi\/116460466221467690","error":""},"_links":{"self":[{"href":"https:\/\/www.europesays.com\/fi\/wp-json\/wp\/v2\/posts\/229672","targetHints":{"allow":["GET"]}}],"collection":[{"href":"https:\/\/www.europesays.com\/fi\/wp-json\/wp\/v2\/posts"}],"about":[{"href":"https:\/\/www.europesays.com\/fi\/wp-json\/wp\/v2\/types\/post"}],"author":[{"embeddable":true,"href":"https:\/\/www.europesays.com\/fi\/wp-json\/wp\/v2\/users\/2"}],"replies":[{"embeddable":true,"href":"https:\/\/www.europesays.com\/fi\/wp-json\/wp\/v2\/comments?post=229672"}],"version-history":[{"count":0,"href":"https:\/\/www.europesays.com\/fi\/wp-json\/wp\/v2\/posts\/229672\/revisions"}],"wp:featuredmedia":[{"embeddable":true,"href":"https:\/\/www.europesays.com\/fi\/wp-json\/wp\/v2\/media\/229673"}],"wp:attachment":[{"href":"https:\/\/www.europesays.com\/fi\/wp-json\/wp\/v2\/media?parent=229672"}],"wp:term":[{"taxonomy":"category","embeddable":true,"href":"https:\/\/www.europesays.com\/fi\/wp-json\/wp\/v2\/categories?post=229672"},{"taxonomy":"post_tag","embeddable":true,"href":"https:\/\/www.europesays.com\/fi\/wp-json\/wp\/v2\/tags?post=229672"}],"curies":[{"name":"wp","href":"https:\/\/api.w.org\/{rel}","templated":true}]}}