{"id":229842,"date":"2026-04-24T20:06:10","date_gmt":"2026-04-24T20:06:10","guid":{"rendered":"https:\/\/www.europesays.com\/fi\/229842\/"},"modified":"2026-04-24T20:06:10","modified_gmt":"2026-04-24T20:06:10","slug":"vaite-varakkaat-venalaiset-bisnesmiehet-ostavat-bunkkereita-uudesta-seelannista-uutissuomalainen","status":"publish","type":"post","link":"https:\/\/www.europesays.com\/fi\/229842\/","title":{"rendered":"V\u00e4ite: Varakkaat ven\u00e4l\u00e4iset bisnesmiehet ostavat bunkkereita Uudesta-Seelannista | Uutissuomalainen"},"content":{"rendered":"<p>Ven\u00e4j\u00e4n johtavat liikemiehet ostavat Uudesta-Seelannista asuntoja ja taloja, joissa on bunkkereita maailmansodan varalta, Telegram-kanava Shot <a href=\"https:\/\/t.me\/shot_shot\/94702\" rel=\"nofollow\">kertoo<\/a>.<\/p>\n<p>Kanavan mukaan &#8221;maailman turvallisimmassa maassa&#8221; sijaitsevien kiinteist\u00f6jen kysynt\u00e4 on kolminkertaistunut.<\/p>\n<p>Shotin mukaan uusiseelantilaiset kiinteist\u00f6nv\u00e4litt\u00e4j\u00e4t ovat n\u00e4hneet varakkaiden ven\u00e4l\u00e4isten kyselev\u00e4n bunkkerillisten kiinteist\u00f6jen per\u00e4\u00e4n L\u00e4hi-id\u00e4n tapahtumien seurauksena.<\/p>\n<p>Ven\u00e4l\u00e4isliikemiesten kerrotaan etsiv\u00e4n kiinteist\u00f6j\u00e4 ensisijaisesti kaupungeista, joissa on vahva ven\u00e4j\u00e4nkielinen yhteis\u00f6, kuten Auckland, Wellington ja Christchurch.<\/p>\n<p>Kiinteist\u00f6jen hinnat alkavat 23 miljoonasta ruplasta (260 800 euroa) ja nousevat aina 200 miljoonaan ruplaan asti (2 268 286 euroa).<\/p>\n<p>Halvin bunkkeri on pieni huone, jossa on r\u00e4j\u00e4hdys- ja kaasutiivis luukku sek\u00e4 vesitiivis komposiittirakenne. Se voidaan varustaa ilmanpuhdistuj\u00e4rjestelmill\u00e4 kemiallisen, biologisen tai radiologisen aseen k\u00e4yt\u00f6n varalta.<\/p>\n<p>Seuraavan hintaluokan bunkkeriin sis\u00e4ltyy t\u00e4ysimittaiset maanalaiset asunnot, joissa on eri osia, kuten asuintiloja, kodinhoitohuoneita ja keitti\u00f6.<\/p>\n<p>Kiinteist\u00f6nv\u00e4litt\u00e4jien mukaan maanalaisilla bunkkereilla varustettuja kiinteist\u00f6j\u00e4 esitell\u00e4\u00e4n vain &#8221;eliittiasiakkaille varmennuksen j\u00e4lkeen&#8221;.<\/p>\n<p>Kanavan mukaan Ven\u00e4j\u00e4n johtavat liikemiehet, johtohenkil\u00f6t ja virkamiehet ovat kiinnostuneet bunkkereiden ostamisesta, koska he pelk\u00e4\u00e4v\u00e4t Ukrainan ja Iranin sotien eskaloituvan maailmanlaajuiseksi konfliktiksi.<\/p>\n","protected":false},"excerpt":{"rendered":"Ven\u00e4j\u00e4n johtavat liikemiehet ostavat Uudesta-Seelannista asuntoja ja taloja, joissa on bunkkereita maailmansodan varalta, Telegram-kanava Shot kertoo. Kanavan mukaan&hellip;\n","protected":false},"author":2,"featured_media":229843,"comment_status":"","ping_status":"","sticky":false,"template":"","format":"standard","meta":{"footnotes":"","_share_on_mastodon":"0"},"categories":[14],"tags":[36,542,22,23,26,27,33,31,30,17,4984,543,24,25,28,29,15,18,21,402,32,822,19,20,21377,56,16,59,60,61],"class_list":["post-229842","post","type-post","status-publish","format-standard","has-post-thumbnail","category-ulkomaat","tag-asuintalot-ja-asunnot","tag-asuminen","tag-breaking-news","tag-breakingnews","tag-featured-news","tag-featurednews","tag-fi","tag-finland","tag-finnish","tag-headlines","tag-keittiot","tag-koti-ja-asuminen","tag-latest-news","tag-latestnews","tag-main-news","tag-mainnews","tag-news","tag-otsikot","tag-paauutiset","tag-rakentaminen-kiinteistot","tag-suomi","tag-teollisuustuotteet-ja-palvelut-sektori","tag-top-stories","tag-topstories","tag-ukrainan-kriisi","tag-ulkomaat","tag-uutiset","tag-world","tag-world-news","tag-worldnews"],"share_on_mastodon":{"url":"https:\/\/pubeurope.com\/@fi\/116461488398424026","error":""},"_links":{"self":[{"href":"https:\/\/www.europesays.com\/fi\/wp-json\/wp\/v2\/posts\/229842","targetHints":{"allow":["GET"]}}],"collection":[{"href":"https:\/\/www.europesays.com\/fi\/wp-json\/wp\/v2\/posts"}],"about":[{"href":"https:\/\/www.europesays.com\/fi\/wp-json\/wp\/v2\/types\/post"}],"author":[{"embeddable":true,"href":"https:\/\/www.europesays.com\/fi\/wp-json\/wp\/v2\/users\/2"}],"replies":[{"embeddable":true,"href":"https:\/\/www.europesays.com\/fi\/wp-json\/wp\/v2\/comments?post=229842"}],"version-history":[{"count":0,"href":"https:\/\/www.europesays.com\/fi\/wp-json\/wp\/v2\/posts\/229842\/revisions"}],"wp:featuredmedia":[{"embeddable":true,"href":"https:\/\/www.europesays.com\/fi\/wp-json\/wp\/v2\/media\/229843"}],"wp:attachment":[{"href":"https:\/\/www.europesays.com\/fi\/wp-json\/wp\/v2\/media?parent=229842"}],"wp:term":[{"taxonomy":"category","embeddable":true,"href":"https:\/\/www.europesays.com\/fi\/wp-json\/wp\/v2\/categories?post=229842"},{"taxonomy":"post_tag","embeddable":true,"href":"https:\/\/www.europesays.com\/fi\/wp-json\/wp\/v2\/tags?post=229842"}],"curies":[{"name":"wp","href":"https:\/\/api.w.org\/{rel}","templated":true}]}}