{"id":229844,"date":"2026-04-24T20:07:10","date_gmt":"2026-04-24T20:07:10","guid":{"rendered":"https:\/\/www.europesays.com\/fi\/229844\/"},"modified":"2026-04-24T20:07:10","modified_gmt":"2026-04-24T20:07:10","slug":"polkupyorailija-loukkaantui-onnettomuudessa-tampereella-uutissuomalainen","status":"publish","type":"post","link":"https:\/\/www.europesays.com\/fi\/229844\/","title":{"rendered":"Polkupy\u00f6r\u00e4ilij\u00e4 loukkaantui onnettomuudessa Tampereella | Uutissuomalainen"},"content":{"rendered":"<p>Tampereen Pispalassa tapahtui perjantaina liikenneonnettomuus, jossa polkupy\u00f6r\u00e4ll\u00e4 ajanut henkil\u00f6 loukkaantui.<\/p>\n<p>Poliisitiedotteen mukaan onnettomuus tapahtui, kun vastakkaisiin suuntiin Pispalan valtatiell\u00e4 polkeneet py\u00f6r\u00e4ilij\u00e4t yrittiv\u00e4t v\u00e4ist\u00e4\u00e4 toisiaan m\u00e4ess\u00e4. Toisen henkil\u00f6n polkupy\u00f6r\u00e4n rengas lipesi ajoradalle, mink\u00e4 seurauksena h\u00e4n kaatui ja loukkasi itsens\u00e4.<\/p>\n<p>Poliisi ei ep\u00e4ile tapahtuneessa rikosta.<\/p>\n<p>Sis\u00e4-Suomen poliisi sai h\u00e4t\u00e4keskuksen kautta liikenneonnettomuusteht\u00e4v\u00e4n 17.28.<\/p>\n","protected":false},"excerpt":{"rendered":"Tampereen Pispalassa tapahtui perjantaina liikenneonnettomuus, jossa polkupy\u00f6r\u00e4ll\u00e4 ajanut henkil\u00f6 loukkaantui. Poliisitiedotteen mukaan onnettomuus tapahtui, kun vastakkaisiin suuntiin Pispalan&hellip;\n","protected":false},"author":2,"featured_media":205407,"comment_status":"","ping_status":"","sticky":false,"template":"","format":"standard","meta":{"footnotes":"","_share_on_mastodon":"0"},"categories":[12],"tags":[22,23,26,27,33,31,30,17,55,24,25,121,28,29,15,18,21,122,54,5437,32,551,712,19,20,16],"class_list":["post-229844","post","type-post","status-publish","format-standard","has-post-thumbnail","category-suomi","tag-breaking-news","tag-breakingnews","tag-featured-news","tag-featurednews","tag-fi","tag-finland","tag-finnish","tag-headlines","tag-lainvalvonta","tag-latest-news","tag-latestnews","tag-liikenne-ja-kuljetus","tag-main-news","tag-mainnews","tag-news","tag-otsikot","tag-paauutiset","tag-pelastaminen","tag-pelastuspalvelut","tag-pispala","tag-suomi","tag-tampere","tag-tampereen-seutukunta","tag-top-stories","tag-topstories","tag-uutiset"],"share_on_mastodon":{"url":"https:\/\/pubeurope.com\/@fi\/116461492520379198","error":""},"_links":{"self":[{"href":"https:\/\/www.europesays.com\/fi\/wp-json\/wp\/v2\/posts\/229844","targetHints":{"allow":["GET"]}}],"collection":[{"href":"https:\/\/www.europesays.com\/fi\/wp-json\/wp\/v2\/posts"}],"about":[{"href":"https:\/\/www.europesays.com\/fi\/wp-json\/wp\/v2\/types\/post"}],"author":[{"embeddable":true,"href":"https:\/\/www.europesays.com\/fi\/wp-json\/wp\/v2\/users\/2"}],"replies":[{"embeddable":true,"href":"https:\/\/www.europesays.com\/fi\/wp-json\/wp\/v2\/comments?post=229844"}],"version-history":[{"count":0,"href":"https:\/\/www.europesays.com\/fi\/wp-json\/wp\/v2\/posts\/229844\/revisions"}],"wp:featuredmedia":[{"embeddable":true,"href":"https:\/\/www.europesays.com\/fi\/wp-json\/wp\/v2\/media\/205407"}],"wp:attachment":[{"href":"https:\/\/www.europesays.com\/fi\/wp-json\/wp\/v2\/media?parent=229844"}],"wp:term":[{"taxonomy":"category","embeddable":true,"href":"https:\/\/www.europesays.com\/fi\/wp-json\/wp\/v2\/categories?post=229844"},{"taxonomy":"post_tag","embeddable":true,"href":"https:\/\/www.europesays.com\/fi\/wp-json\/wp\/v2\/tags?post=229844"}],"curies":[{"name":"wp","href":"https:\/\/api.w.org\/{rel}","templated":true}]}}