{"id":23020,"date":"2025-09-02T01:41:11","date_gmt":"2025-09-02T01:41:11","guid":{"rendered":"https:\/\/www.europesays.com\/fi\/23020\/"},"modified":"2025-09-02T01:41:11","modified_gmt":"2025-09-02T01:41:11","slug":"suosikkitoimittaja-toni-immonen-viihtyi-mysteerikaunottaren-kanssa-katso-video","status":"publish","type":"post","link":"https:\/\/www.europesays.com\/fi\/23020\/","title":{"rendered":"Suosikkitoimittaja Toni Immonen viihtyi mysteerikaunottaren kanssa \u2013 katso video!"},"content":{"rendered":"<p>\n            Viiden j\u00e4lkeen.Kuvassa Toni Immonen.MTV<br \/>\n            MTV\n        <\/p>\n<p class=\"subtitle \">Miehen illanvietto venyi pikkutunneille asti.<\/p>\n<p class=\"article-content article-content-width !bg-background\">MTV:n tv-ohjelmista tuttu   on bongattu Helsingin y\u00f6st\u00e4.<\/p>\n<p class=\"font-weight-bold m-font-weight-bold article-content article-content-width !bg-background\">Katso video: Toni Immonen viihtyi kauniissa naisseurassa<\/p>\n<p class=\"article-content article-content-width !bg-background\">Toni oli viime viikonloppuna viett\u00e4m\u00e4ss\u00e4 iltaa\u00a0Helsingin keskustassa.\u00a0<\/p>\n<p class=\"article-content article-content-width !bg-background\">Seiskan lukija bongasi miehen Tokio Karaoke-baarista lauantaina 23.8. Illanvietto venyi y\u00f6n pikkutunneille asti, sill\u00e4 Toni oli kapakassa viel\u00e4 aamunelj\u00e4n aikaan.<\/p>\n<p class=\"article-content article-content-width !bg-background\">Kyseinen karaokebaari on auki ymp\u00e4ri vuorokauden.<\/p>\n<p class=\"article-content article-content-width !bg-background\">Seiskan lukijan mukaan Toni istui alkuun yksin p\u00f6yd\u00e4n \u00e4\u00e4ress\u00e4. H\u00e4nen ymp\u00e4rill\u00e4\u00e4n py\u00f6ri jatkuvasti ihmisi\u00e4.<\/p>\n<p class=\"article-content article-content-width !bg-background\">\u2013 Toni vaikutti olevan ihan hyv\u00e4ll\u00e4 tuulella, Seiskalle raportoidaan.<\/p>\n<p>        <a itemprop=\"url\" href=\"https:\/\/www.seiska.fi\/vain-seiskassa\/mtvlta-potkut-saanut-suosikkijuontaja-juhli-kesayossa-salakuvat\/1880860\" rel=\"nofollow noopener\" target=\"_blank\"><\/p>\n<p>\nSalakuvat!\n<\/p>\n<p class=\"section-date\">\n        <strong class=\"article-section\" data-section=\"vain seiskassa\"><br \/>\n            vain seiskassa<br \/>\n        <\/strong><br \/>\n        29.7. 07:00\n    <\/p>\n<p>    MTV:lt\u00e4 potkut saanut suosikkijuontaja juhli kes\u00e4y\u00f6ss\u00e4 \u2013 salakuvat!<\/p>\n<p itemprop=\"description\" class=\"subtitle \">\n    Toni on potkujensa j\u00e4lkeen n\u00e4hty rennoissa juhlatunnelmissa.\n<\/p>\n<p>        <\/a><\/p>\n<p class=\"article-content article-content-width !bg-background\">Toni l\u00f6ysi lopulta itselleen kaunista naisseuraa.<\/p>\n<p class=\"article-content article-content-width !bg-background\">Seiskan lukijan kuvaamalta videolta n\u00e4kyy, kuinka Toni k\u00e4y syv\u00e4llist\u00e4 keskustelua er\u00e4\u00e4n mysteerinaisen kanssa.<\/p>\n<p class=\"article-content article-content-width !bg-background\">\u2013 Itse l\u00e4hdin baarista noin kello viiden aikaan. Toni oli silloin kyll\u00e4 edelleen paikalla, Seiskalle kerrotaan.<\/p>\n<p class=\"article-content article-content-width !bg-background\">Seiska tavoitti Tonin kommentoimaan illanviettoaan.<\/p>\n<p class=\"article-content article-content-width !bg-background\">\u2013 Sanotaan n\u00e4in, ett\u00e4\u00a0on ollut hyv\u00e4 kes\u00e4, Toni totesi ja toivotti toimittajalle mukavaa p\u00e4iv\u00e4njatkoa.<\/p>\n<p>                <img decoding=\"async\" src=\"https:\/\/www.europesays.com\/fi\/wp-content\/uploads\/2025\/09\/1834898.webp\" width=\"576\" height=\"360\" alt=\"Toni teki pitk\u00e4n uran MTV:ll\u00e4. Viime vuosina h\u00e4net muistettaneen parhaiten Huomenta Suomesta sek\u00e4 Tulosruudusta.\" loading=\"lazy\" \/>            <\/p>\n<p>\n            Toni teki pitk\u00e4n uran MTV:ll\u00e4. Viime vuosina h\u00e4net muistettaneen parhaiten Huomenta Suomesta sek\u00e4 Tulosruudusta.<br \/>\n            MTV\n        <\/p>\n<p>Vuosia kest\u00e4nyt ty\u00f6suhde p\u00e4\u00e4ttyi<\/p>\n<p class=\"article-content article-content-width !bg-background\">Seiska uutisoi kes\u00e4kuussa Tonin yll\u00e4tysl\u00e4hd\u00f6st\u00e4 MTV:lt\u00e4.<\/p>\n<p class=\"article-content article-content-width !bg-background\">Toni ty\u00f6skenteli muun muassa Huomenta Suomen, Tulosruudun sek\u00e4 Mestarien liigan studion parissa.<\/p>\n<p class=\"article-content article-content-width !bg-background\">Seiskan tietojen mukaan MTV:n toimitus sai Tonin l\u00e4hd\u00f6st\u00e4 sis\u00e4isen tiedotteen s\u00e4hk\u00f6postitse. Siin\u00e4\u00a0kerrottiin, ett\u00e4 pitk\u00e4\u00e4n talossa olleen Tonin matka Maikkarilla on tullut p\u00e4\u00e4t\u00f6kseens\u00e4.<\/p>\n<p>        <a itemprop=\"url\" href=\"https:\/\/www.seiska.fi\/vain-seiskassa\/mtvlta-potkut-saanut-toni-immonen-heratti-huomiota-aamuyolla-baarissa-salakuva\/1868086\" rel=\"nofollow noopener\" target=\"_blank\"><\/p>\n<p>\nSalakuvat!\n<\/p>\n<p class=\"section-date\">\n        <strong class=\"article-section\" data-section=\"vain seiskassa\"><br \/>\n            vain seiskassa<br \/>\n        <\/strong><br \/>\n        15.7. 07:00\n    <\/p>\n<p>    MTV:lt\u00e4 potkut saanut Toni Immonen her\u00e4tti huomiota aamuy\u00f6ll\u00e4 baarissa \u2013 salakuva!<\/p>\n<p itemprop=\"description\" class=\"subtitle \">\n    Toni Immonen vaikuttaa viihtyv\u00e4n Mummotunnelissa.\n<\/p>\n<p>        <\/a><\/p>\n<p class=\"article-content article-content-width !bg-background\">My\u00f6s Toni p\u00e4\u00e4si tiedotteessa \u00e4\u00e4neen, ja h\u00e4n kiitteli kollegoitaan.<\/p>\n<p class=\"article-content article-content-width !bg-background\"><a href=\"https:\/\/www.is.fi\/viihde\/art-2000011296913.html\" target=\"_blank\" rel=\"nofollow noopener\">Ilta-Sanomien<\/a> mukaan kyse oli potkuista. Lehti my\u00f6s paljasti Tonin saaneen kaksi rikostuomiota.<\/p>\n<p class=\"article-content article-content-width !bg-background\">H\u00e4net tuomittiin rattijuopumuksesta vuonna 2018 sek\u00e4 t\u00f6rke\u00e4st\u00e4 rattijuopumuksesta vuonna 2021.<\/p>\n<p>        <a itemprop=\"url\" href=\"https:\/\/www.seiska.fi\/kotimaa\/shokkilahto-maikkarin-suosikkijuontaja-ulos-ruudusta\/1833450\" rel=\"nofollow noopener\" target=\"_blank\"><\/p>\n<p>\nShokkil\u00e4ht\u00f6!\n<\/p>\n<p class=\"section-date\">\n        <strong class=\"article-section\" data-section=\"kotimaa\"><br \/>\n            kotimaa<br \/>\n        <\/strong><br \/>\n        11.6. 14:39\n    <\/p>\n<p>    Shokkil\u00e4ht\u00f6! Maikkarin suosikkijuontaja ulos ruudusta!<\/p>\n<p itemprop=\"description\" class=\"subtitle \">\n    Seiska tavoitti Tonin, joka toivotti hyv\u00e4t p\u00e4iv\u00e4njatkot ja kes\u00e4t ennen kuin sulki puhelimen.\n<\/p>\n<p>        <\/a><\/p>\n<p class=\"article-content article-content-width !bg-background\">Seiskalle kerrottiin l\u00e4ht\u00f6passien aikaan, ett\u00e4 uutinen tuli monelle yll\u00e4tyksen\u00e4.<\/p>\n<p class=\"article-content article-content-width !bg-background\">\u2013 Ilmoitus oli dramaattinen, ja yll\u00e4ttyneit\u00e4 oli paljon, er\u00e4s sis\u00e4piiril\u00e4inen totesi Seiskalle.<\/p>\n<p class=\"article-content article-content-width !bg-background\">Toni ehti ty\u00f6skennell\u00e4 Maikkarilla l\u00e4hes koko 2000-luvun.<\/p>\n","protected":false},"excerpt":{"rendered":"Viiden j\u00e4lkeen.Kuvassa Toni Immonen.MTV MTV Miehen illanvietto venyi pikkutunneille asti. MTV:n tv-ohjelmista tuttu on bongattu Helsingin y\u00f6st\u00e4. Katso&hellip;\n","protected":false},"author":2,"featured_media":23021,"comment_status":"","ping_status":"","sticky":false,"template":"","format":"standard","meta":{"footnotes":""},"categories":[136],"tags":[6704,407,137,33,31,30,104,7624,408,7623,5265,2376,32,7622,109],"class_list":{"0":"post-23020","1":"post","2":"type-post","3":"status-publish","4":"format-standard","5":"has-post-thumbnail","7":"category-julkkikset","8":"tag-baari","9":"tag-celebrities","10":"tag-entertainment","11":"tag-fi","12":"tag-finland","13":"tag-finnish","14":"tag-helsinki","15":"tag-illanvietto","16":"tag-julkkikset","17":"tag-karaoke","18":"tag-lukijan-kuva","19":"tag-mtv","20":"tag-suomi","21":"tag-toni-immonen","22":"tag-viihde"},"share_on_mastodon":{"url":"","error":""},"_links":{"self":[{"href":"https:\/\/www.europesays.com\/fi\/wp-json\/wp\/v2\/posts\/23020","targetHints":{"allow":["GET"]}}],"collection":[{"href":"https:\/\/www.europesays.com\/fi\/wp-json\/wp\/v2\/posts"}],"about":[{"href":"https:\/\/www.europesays.com\/fi\/wp-json\/wp\/v2\/types\/post"}],"author":[{"embeddable":true,"href":"https:\/\/www.europesays.com\/fi\/wp-json\/wp\/v2\/users\/2"}],"replies":[{"embeddable":true,"href":"https:\/\/www.europesays.com\/fi\/wp-json\/wp\/v2\/comments?post=23020"}],"version-history":[{"count":0,"href":"https:\/\/www.europesays.com\/fi\/wp-json\/wp\/v2\/posts\/23020\/revisions"}],"wp:featuredmedia":[{"embeddable":true,"href":"https:\/\/www.europesays.com\/fi\/wp-json\/wp\/v2\/media\/23021"}],"wp:attachment":[{"href":"https:\/\/www.europesays.com\/fi\/wp-json\/wp\/v2\/media?parent=23020"}],"wp:term":[{"taxonomy":"category","embeddable":true,"href":"https:\/\/www.europesays.com\/fi\/wp-json\/wp\/v2\/categories?post=23020"},{"taxonomy":"post_tag","embeddable":true,"href":"https:\/\/www.europesays.com\/fi\/wp-json\/wp\/v2\/tags?post=23020"}],"curies":[{"name":"wp","href":"https:\/\/api.w.org\/{rel}","templated":true}]}}