{"id":23026,"date":"2025-09-02T01:49:16","date_gmt":"2025-09-02T01:49:16","guid":{"rendered":"https:\/\/www.europesays.com\/fi\/23026\/"},"modified":"2025-09-02T01:49:16","modified_gmt":"2025-09-02T01:49:16","slug":"lukijat-muistelevat-lampimasti-juhani-markolaa-han-lauloi-kun-kihlauduimme","status":"publish","type":"post","link":"https:\/\/www.europesays.com\/fi\/23026\/","title":{"rendered":"Lukijat muistelevat l\u00e4mpim\u00e4sti Juhani Markolaa: \u201dH\u00e4n lauloi, kun kihlauduimme\u2026\u201d"},"content":{"rendered":"<p class=\"has-drop-cap\"><a href=\"https:\/\/www.tanssiin.fi\/tag\/juhani-markola\/\" target=\"_blank\" rel=\"noopener nofollow\" title=\"juhani markola\"><strong>Juhani Markolan<\/strong> <\/a>kuolema on saanut tanssikansan suremaan \u2013 mutta my\u00f6s jakamaan l\u00e4mminhenkisi\u00e4 muistoja.<\/p>\n<p>Rakkauden aamu\u00a0-hitist\u00e4\u00e4n muistettava Markola menehtyi 83 vuoden i\u00e4ss\u00e4 kotikaupungissaan Jyv\u00e4skyl\u00e4ss\u00e4 lauantaina, 30. elokuuta.<\/p>\n<p>Erottuvan tenori\u00e4\u00e4nen omaava iskelm\u00e4laulaja oli solistina jo 1960-luvulla eri tanssiyhtyeiss\u00e4\u00a0Jyv\u00e4skyl\u00e4n seudulla. H\u00e4n sai jo varhain laulunoppia ja \u00e4\u00e4nenhuoltoa maailman vanhimmalta tenorilta, jyv\u00e4skyl\u00e4l\u00e4iselt\u00e4 maestrolta <strong>Vilho Kekkoselta<\/strong>, joka kuoli 105-vuotiaana 2014.<\/p>\n<p>1990-luvulta l\u00e4htien Markola toimi my\u00f6s laulunopettajana.&#13;<br \/>\n&#13;\n<\/p>\n<p>Etenkin iskelm\u00e4laulajien keskuudessa Markola tunnetaan asiansa osaavana pedagogina ja \u00e4\u00e4nenk\u00e4yt\u00f6n ammattilaisena. <\/p>\n<p>1970-luvulla Markola oli\u00a0Herttuat-yhtyeen\u00a0laulusolisti, mink\u00e4 j\u00e4lkeen h\u00e4n levytti omalla nimell\u00e4\u00e4n seitsem\u00e4n pitk\u00e4soittoa vuosina 1977\u20131987. <\/p>\n<blockquote>\n<p>Markola kuuli j\u00e4ttihittins\u00e4 kadulla Espanjassa<\/p>\n<\/blockquote>\n<p>H\u00e4nen suurin hittins\u00e4 on\u00a0Rakkauden aamu\u00a0(1976). Se on k\u00e4\u00e4nn\u00f6s espanjalaisen\u00a0<strong>Camilo Seston<\/strong>\u00a0hitist\u00e4\u00a0\u00bfQuieres ser mi amante?.\u00a0Kappaleen suomenkieliset sanat on kirjoittanut\u00a0<strong>Pertti Reponen<\/strong>.<\/p>\n<p>Laulaja itse kuuli alkuper\u00e4isversion ensimm\u00e4ist\u00e4 kertaa Espanjassa Las Palmasissa pienen levykaupan ohittaessaan. Markola oli k\u00e4vellyt sis\u00e4\u00e4n liikkeeseen ja ostanut sinkkulevyn saman tien itselleen. <\/p>\n<p>H\u00e4n tiesi v\u00e4litt\u00f6m\u00e4sti laulun tulevan olemaan listamenestys, mutta levy-yhti\u00f6 taisteli vuoden verran vastaan ennen kuin suostui levytt\u00e4m\u00e4\u00e4n sen.<\/p>\n<p><strong>Lue my\u00f6s:<\/strong> <a href=\"https:\/\/www.tanssiin.fi\/juhani-markola-on-kuollut\/\" target=\"_blank\" rel=\"noopener nofollow\" title=\"Juhani Markola on kuollut\">Juhani Markola on kuollut<\/a><\/p>\n<p>\u201dHauska veijari ja upea \u00e4\u00e4ni\u201d<\/p>\n<p>Kun Tanssiin.fi uutisoi rakastetun laulajan poismenosta, suru-uutinen her\u00e4tti muistoja. Sadoissa kommenteissa otettiin osaa ja jaettiin omakohtaisia muistoja Markolasta.<\/p>\n<p>\u201dMuistan haikeudella ne ihanat keikat Porissa 70-luvuila Herttuat-orkesterin solistina!\u201d yksi lukija musteli.<\/p>\n<p>\u201dFinnjet 1983-85. Esiintyi siell\u00e4 useasti Tanssisalongissa. Hauska veijari ja upea \u00e4\u00e4ni. Monet kaljat juotiin illan j\u00e4lkeen\u201d, toinen kirjoitti.<\/p>\n<p>\u201dTodella tunnistettava ja kaunis \u00e4\u00e4ni oli h\u00e4nell\u00e4\u2026  Entinen pomoni sanoi joskus, ett\u00e4 kun Juhani Markola laulaa, niin naiset itkee\u2026\u201d<\/p>\n<p>\u201dJuuri eilen lauloin karaokessa Rakkauden aamun.\u201d<\/p>\n<p>\u201dIkimuisto: Ensimm\u00e4iset tanssini Kouvuharjun lavalla vuonna 1969 esiintyj\u00e4n\u00e4 oli nyt edesmennyt Juhani Markola.\u201d<\/p>\n<blockquote>\n<p>\u201dH\u00e4n lauloi minulle syntym\u00e4p\u00e4iv\u00e4laulun Fuengirolassa\u201d<\/p>\n<\/blockquote>\n<p>\u201dH\u00e4n lauloi minulle henkil\u00f6kohtaisesti syntym\u00e4p\u00e4iv\u00e4laulun Fuengirolassa 14 vuotta sitten. Aivan ihana ilta oli.\u201d<\/p>\n<p>\u201dEnsimm\u00e4inen ihailemani artisti. H\u00e4n vieraili vuosina 1961-1963 Sein\u00e4joen kauppaoppilaitoksen juhlissa. Hieno mies jo silloin ja vaikuttava ura. Kiitos ja rauha muistollesi.\u201d<\/p>\n<p>\u201dL\u00e4mmin osanottomme.\u00a0H\u00e4n lauloi meille Porin Yyteriss\u00e4 kun kihlauduimme.\u201d<\/p>\n<p>My\u00f6s esimerkiksi tangokuningatar <strong><a href=\"https:\/\/www.tanssiin.fi\/tag\/hanna-hirvonen\/\" target=\"_blank\" rel=\"noopener nofollow\" title=\"hanna hirvonen\">Hanna Hirvonen <\/a><\/strong>muisteli Markolaa koskettavasti.<\/p>\n<p>\u201dHyv\u00e4\u00e4 matkaa yst\u00e4v\u00e4ni Jussi, kiitos yhteisist\u00e4 hetkist\u00e4 sek\u00e4 opeistasi ja viisaudestasi.\u201d<\/p>\n<p>Markola veti Keih\u00e4smatkojen pakkolaskun p\u00e4\u00e4tteeksi virren<\/p>\n<p>Laulajana itsekin menestynyt <strong>Aki Hietala<\/strong> teki Markolasta kirjan (Juhani Markola \u2013 Laulaja, 2012). Teoksessa k\u00e4yd\u00e4\u00e4n l\u00e4pi Markolan uraa, ja se sis\u00e4lt\u00e4\u00e4 paljon mieleenpainuvia, humoristisiakin muistoja hersyv\u00e4n seuramiehen matkan varrelta.<\/p>\n<p>Markola oli muun maussa tarkka pukeutumisesta. Artistin mukana keikoilla kulki vaaterekki, jossa saattoi olla parhaimmillaan 18 asua. Ravintola-show\u00b4n aikana h\u00e4nen tavakseen tuli vaihtaa esiintymisasuja useampaan kertaan.<\/p>\n<p>Hietalan kirjasta l\u00f6ytyy ratkiriemukas episodi, jossa mies oli lent\u00e4m\u00e4ss\u00e4 <strong>Kalevi Keih\u00e4sen<\/strong> koneella Kanariansaarille esiintym\u00e4\u00e4n. Lentokone joutui suorittamaan pakkolaskun Zurichiin, Sveitsiss\u00e4, teknisen vian vuoksi. Kalevi ja kumppanit pyysiv\u00e4t artistia lohduttamaan pelokkaita matkustajia jollakin mielialaa nostattavalla laululla. Markola p\u00e4\u00e4tti valita kappaleeksi virren 408: \u201dJoutukaa sielut, on aikamme kallis\u2026\u201d<\/p>\n<p>Muusikon pitk\u00e4n tien erikoisuuksiin kuuluu my\u00f6s kes\u00e4kiertue <strong>Martti Innasen <\/strong>ja Gunnar-p\u00e4ssin kanssa tai esiintyminen Leningrad Cowboysin mukana Kiuruveden Vihreill\u00e4 Niityill\u00e4.<\/p>\n<p>            48%<br \/>\n            Herkk\u00e4<\/p>\n<p>            5%<br \/>\n            Hauska<\/p>\n<p>            0%<br \/>\n            Vau<\/p>\n<p>            48%<br \/>\n            Surullinen<\/p>\n<p>            0%<br \/>\n            Vihainen<\/p>\n<p>\t\tPost navigation<\/p>\n","protected":false},"excerpt":{"rendered":"Juhani Markolan kuolema on saanut tanssikansan suremaan \u2013 mutta my\u00f6s jakamaan l\u00e4mminhenkisi\u00e4 muistoja. Rakkauden aamu\u00a0-hitist\u00e4\u00e4n muistettava Markola menehtyi&hellip;\n","protected":false},"author":2,"featured_media":23027,"comment_status":"","ping_status":"","sticky":false,"template":"","format":"standard","meta":{"footnotes":""},"categories":[130],"tags":[137,33,31,30,7625,683,7626,7627,32,4049,16,109],"class_list":{"0":"post-23026","1":"post","2":"type-post","3":"status-publish","4":"format-standard","5":"has-post-thumbnail","7":"category-viihde","8":"tag-entertainment","9":"tag-fi","10":"tag-finland","11":"tag-finnish","12":"tag-juhani-markola","13":"tag-kuolema","14":"tag-muistot","15":"tag-rakkauden-aamu","16":"tag-suomi","17":"tag-tanssitahdet","18":"tag-uutiset","19":"tag-viihde"},"share_on_mastodon":{"url":"","error":""},"_links":{"self":[{"href":"https:\/\/www.europesays.com\/fi\/wp-json\/wp\/v2\/posts\/23026","targetHints":{"allow":["GET"]}}],"collection":[{"href":"https:\/\/www.europesays.com\/fi\/wp-json\/wp\/v2\/posts"}],"about":[{"href":"https:\/\/www.europesays.com\/fi\/wp-json\/wp\/v2\/types\/post"}],"author":[{"embeddable":true,"href":"https:\/\/www.europesays.com\/fi\/wp-json\/wp\/v2\/users\/2"}],"replies":[{"embeddable":true,"href":"https:\/\/www.europesays.com\/fi\/wp-json\/wp\/v2\/comments?post=23026"}],"version-history":[{"count":0,"href":"https:\/\/www.europesays.com\/fi\/wp-json\/wp\/v2\/posts\/23026\/revisions"}],"wp:featuredmedia":[{"embeddable":true,"href":"https:\/\/www.europesays.com\/fi\/wp-json\/wp\/v2\/media\/23027"}],"wp:attachment":[{"href":"https:\/\/www.europesays.com\/fi\/wp-json\/wp\/v2\/media?parent=23026"}],"wp:term":[{"taxonomy":"category","embeddable":true,"href":"https:\/\/www.europesays.com\/fi\/wp-json\/wp\/v2\/categories?post=23026"},{"taxonomy":"post_tag","embeddable":true,"href":"https:\/\/www.europesays.com\/fi\/wp-json\/wp\/v2\/tags?post=23026"}],"curies":[{"name":"wp","href":"https:\/\/api.w.org\/{rel}","templated":true}]}}