{"id":230285,"date":"2026-04-25T08:32:10","date_gmt":"2026-04-25T08:32:10","guid":{"rendered":"https:\/\/www.europesays.com\/fi\/230285\/"},"modified":"2026-04-25T08:32:10","modified_gmt":"2026-04-25T08:32:10","slug":"hurja-muodonmuutos-20-vuotias-jenni-alexandrova-ihastuttaa","status":"publish","type":"post","link":"https:\/\/www.europesays.com\/fi\/230285\/","title":{"rendered":"Hurja muodonmuutos! 20-vuotias Jenni Alexandrova ihastuttaa"},"content":{"rendered":"<p>            Atte Kajova\n        <\/p>\n<p class=\"subtitle \">Jenni Alexandrova muistelee aikaansa paikallislehden toimittajana.<\/p>\n<p class=\"article-content article-content-width !bg-background\">Radiojuontaja , 45, on tehnyt mittavan uran toimittajana, tuottajana ja juontajana. Parhaillaan h\u00e4n luotsaa Radio Aito Iskelm\u00e4n aamul\u00e4hetyksi\u00e4 yhdess\u00e4  kanssa.<\/p>\n<p class=\"font-weight-bold m-font-weight-bold article-content article-content-width !bg-background\">Jenni Alexandrova piipahti viime kes\u00e4n\u00e4 muiden julkkisten tapaan Superterassin avajaisissa:<\/p>\n<p class=\"article-content article-content-width !bg-background\">Jenni on ollut monessa mukana, mutta kun palataan ajassa taaksep\u00e4in aina 2000-luvun alkupuolelle saakka, mediakonkari on ollut vasta aloittelemassa uraansa.<\/p>\n<p>        <a itemprop=\"url\" href=\"https:\/\/www.seiska.fi\/urheilu\/oho-jenni-alexandrova-tekee-janni-hussit\/2128992\" rel=\"nofollow noopener\" target=\"_blank\"><\/p>\n<p>\nJenni Alexandrovalta yll\u00e4tysuutinen\n<\/p>\n<p class=\"section-date\">\n        <strong class=\"article-section\" data-section=\"urheilu\"><br \/>\n            urheilu<br \/>\n        <\/strong><br \/>\n        15.4. 14:57\n    <\/p>\n<p>Oho! Jenni Alexandrova tekee &#8221;Janni Hussit&#8221;!\n    <\/p>\n<p itemprop=\"description\" class=\"subtitle \">\n    Jenni tekee yll\u00e4tt\u00e4v\u00e4n liikeen el\u00e4m\u00e4ss\u00e4\u00e4n.\n<\/p>\n<p>        <\/a><\/p>\n<p class=\"article-content article-content-width !bg-background\">Loppuviikosta Jenni palasi muistoissaan aikaan, kun h\u00e4n oli t\u00f6iss\u00e4 raahelaisessa paikallislehdess\u00e4 toimittajana.<\/p>\n<p class=\"article-content article-content-width !bg-background\">\u2013 Meinasi p\u00e4\u00e4st\u00e4 itku, kun n\u00e4in tuon toisen kuvan\u2026, Jenni kirjoittaa somep\u00e4ivityksess\u00e4\u00e4n.<\/p>\n<p class=\"article-content article-content-width !bg-background\">Juontaja on jakanut Instagram-tililleen kaksi valokuvaa, joista ensimm\u00e4isess\u00e4 h\u00e4n poseeraa kameralle leve\u00e4 hymy kasvoillaan. Kuvan otosta ei ole kauaa, sill\u00e4 Jenni kertoo olevansa kuvassa yli 40-vuotias.<\/p>\n<p>        <a itemprop=\"url\" href=\"https:\/\/www.seiska.fi\/kotimaa\/jenni-alexandrova-painava-ulostulo\/2124602\" rel=\"nofollow noopener\" target=\"_blank\"><\/p>\n<p>\nJenni Alexandrova:\n<\/p>\n<p class=\"section-date\">\n        <strong class=\"article-section\" data-section=\"kotimaa\"><br \/>\n            kotimaa<br \/>\n        <\/strong><br \/>\n        9.4. 19:30\n    <\/p>\n<p>Jenni Alexandrova: Painava ulostulo\n    <\/p>\n<p itemprop=\"description\" class=\"subtitle \">\n    Suosikkijuontaja julkaisi vahvan ulostulon.\n<\/p>\n<p>        <\/a><\/p>\n<p>&#8221;Haluaisin halata h\u00e4nt\u00e4&#8221;<\/p>\n<p class=\"article-content article-content-width !bg-background\">Toisessa jakamassaan kuvassa Jenni on kuitenkin vasta yli parikymppinen nuori nainen.<\/p>\n<p class=\"article-content article-content-width !bg-background\">\u2013 Raahen paikallislehti teki minusta jutun, ja lehden valokuvaaja kaiveli arkistoja. Olin aikoinaan kyseisess\u00e4 lehdess\u00e4 t\u00f6iss\u00e4, joten arkistoista l\u00f6ytyi kuvia my\u00f6s minusta, Jenni selvent\u00e4\u00e4.<\/p>\n<p class=\"article-content article-content-width !bg-background\">Toimittajan uransa alkumetreill\u00e4 oleva Jenni hymyilee kuvassa vienosti nojaten k\u00e4siins\u00e4. Hiuksissa on nykyist\u00e4 vaaleaa s\u00e4vy\u00e4 huomattavasti tummempi v\u00e4ri.<\/p>\n<p>        <a itemprop=\"url\" href=\"https:\/\/www.seiska.fi\/kotimaa\/jenni-alexandrova-myy-kotiaan-hinta-herattaa-huomiota\/2109273\" rel=\"nofollow noopener\" target=\"_blank\"><\/p>\n<p>\nJenni Alexandrova myy kotiaan\n<\/p>\n<p class=\"section-date\">\n        <strong class=\"article-section\" data-section=\"kotimaa\"><br \/>\n            kotimaa<br \/>\n        <\/strong><br \/>\n        23.3. 16:00\n    <\/p>\n<p>Jenni Alexandrova myy kotiaan \u2013 hinta her\u00e4tt\u00e4\u00e4 huomiota\n    <\/p>\n<p itemprop=\"description\" class=\"subtitle \">\n    Radiojuontaja Jenni Alexandrovan asunnon hinta ly\u00f6 \u00e4llik\u00e4ll\u00e4.\n<\/p>\n<p>        <\/a><\/p>\n<p class=\"italic m-italic article-content article-content-width !bg-background\">\u2013 Nyt kun mietin parikymppist\u00e4 Jenni\u00e4, haluaisin halata h\u00e4nt\u00e4. Sanoisin h\u00e4nelle, ett\u00e4 sin\u00e4 saat tuottaa pettymyksi\u00e4. Saat tehd\u00e4 virheit\u00e4, kokeilla rajoja ja menn\u00e4 tunteidesi kanssa p\u00e4in sein\u00e4\u00e4!<\/p>\n<p class=\"italic m-italic article-content article-content-width !bg-background\">\u2013\u00a0Totuus kuitenkin oli, ett\u00e4 jos jollekin olisi pit\u00e4nyt tuottaa pettymys, olisin valinnut itseni.<\/p>\n<p class=\"no_italic m-no_italic article-content article-content-width !bg-background\">Nyky\u00e4\u00e4n Jenni ymm\u00e4rt\u00e4\u00e4, ett\u00e4 pettymyksien tuottaminen on my\u00f6s t\u00e4rke\u00e4 osa el\u00e4m\u00e4\u00e4. Niiden kautta on helpompi vet\u00e4\u00e4 rajoja ja pit\u00e4\u00e4 kiinni omista arvoistaan.<\/p>\n<p class=\"italic m-italic article-content article-content-width !bg-background\">\u2013 Ainoastaan rajoja vet\u00e4m\u00e4ll\u00e4 oppii el\u00e4m\u00e4\u00e4n oman n\u00e4k\u00f6ist\u00e4 el\u00e4m\u00e4\u00e4 (syd\u00e4n).<\/p>\n<p>Nuoruuden L\u00e4hde<\/p>\n<p class=\"no_italic m-no_italic article-content article-content-width !bg-background\">Jennin p\u00e4ivitys on ker\u00e4nnyt paljon ihastelevia kommentteja. Etunen\u00e4ss\u00e4 on h\u00e4nen avopuolisonsa Toni L\u00e4hde, joka on hehkuttanut kultansa alati kaunista ulkon\u00e4k\u00f6\u00e4.<\/p>\n<p class=\"no_italic m-no_italic article-content article-content-width !bg-background\">\u2013 Ja joka p\u00e4iv\u00e4 h\u00e4n paranee vaan!! Toni ilakoi syd\u00e4met silmiss\u00e4\u00e4n.<\/p>\n<p>        <a itemprop=\"url\" href=\"https:\/\/www.seiska.fi\/kotimaa\/diili-toni-ja-jenni-alexandrova-yllatysuutinen\/2011196\" rel=\"nofollow noopener\" target=\"_blank\"><\/p>\n<p>\nDiili-Toni ja Jenni Alexandrova\n<\/p>\n<p class=\"section-date\">\n        <strong class=\"article-section\" data-section=\"kotimaa\"><br \/>\n            kotimaa<br \/>\n        <\/strong><br \/>\n        4.12.2025 10:31\n    <\/p>\n<p>Diili-Toni ja Jenni Alexandrova: Yll\u00e4tysuutinen\n    <\/p>\n<p itemprop=\"description\" class=\"subtitle \">\n    Kaksikko on ollut yhdess\u00e4 yli nelj\u00e4n vuoden ajan.\n<\/p>\n<p>        <\/a><\/p>\n<p class=\"article-content article-content-width !bg-background\">Jenni onkin vastannut Tonille hauskasti miehen sukunimeen viitaten.<\/p>\n<p class=\"article-content article-content-width !bg-background\">\u2013\u00a0No kun on tuollainen nuoruuden L\u00e4hde el\u00e4m\u00e4ss\u00e4, kaunotar heitt\u00e4\u00e4 hymi\u00f6in ja syd\u00e4min.<\/p>\n<p class=\"article-content article-content-width !bg-background\">Pariskunta osti viime joulukuussa ensimm\u00e4isen yhteisen kotinsa, jonka j\u00e4lkeen asunto laitettiin kattavaan remonttiin.<\/p>\n<p class=\"article-content article-content-width !bg-background\">Remontti ei ole viel\u00e4 valmis, mutta muutto uuteen kotiin l\u00e4hestyy jo hurjaa vauhtia.<\/p>\n","protected":false},"excerpt":{"rendered":"Atte Kajova Jenni Alexandrova muistelee aikaansa paikallislehden toimittajana. Radiojuontaja , 45, on tehnyt mittavan uran toimittajana, tuottajana ja&hellip;\n","protected":false},"author":2,"featured_media":230286,"comment_status":"","ping_status":"","sticky":false,"template":"","format":"standard","meta":{"footnotes":"","_share_on_mastodon":"0"},"categories":[136],"tags":[4591,407,137,33,31,30,7385,408,6048,2682,4436,33275,3228,3231,32,9777,109],"class_list":["post-230285","post","type-post","status-publish","format-standard","has-post-thumbnail","category-julkkikset","tag-avoliitto","tag-celebrities","tag-entertainment","tag-fi","tag-finland","tag-finnish","tag-jenni-alexandrova","tag-julkkikset","tag-juontaja","tag-kauneus","tag-muodonmuutos","tag-radio-aito-iskelma","tag-radiojuontaja","tag-remontti","tag-suomi","tag-toni-lahde","tag-viihde"],"share_on_mastodon":{"url":"https:\/\/pubeurope.com\/@fi\/116464421781196592","error":""},"_links":{"self":[{"href":"https:\/\/www.europesays.com\/fi\/wp-json\/wp\/v2\/posts\/230285","targetHints":{"allow":["GET"]}}],"collection":[{"href":"https:\/\/www.europesays.com\/fi\/wp-json\/wp\/v2\/posts"}],"about":[{"href":"https:\/\/www.europesays.com\/fi\/wp-json\/wp\/v2\/types\/post"}],"author":[{"embeddable":true,"href":"https:\/\/www.europesays.com\/fi\/wp-json\/wp\/v2\/users\/2"}],"replies":[{"embeddable":true,"href":"https:\/\/www.europesays.com\/fi\/wp-json\/wp\/v2\/comments?post=230285"}],"version-history":[{"count":0,"href":"https:\/\/www.europesays.com\/fi\/wp-json\/wp\/v2\/posts\/230285\/revisions"}],"wp:featuredmedia":[{"embeddable":true,"href":"https:\/\/www.europesays.com\/fi\/wp-json\/wp\/v2\/media\/230286"}],"wp:attachment":[{"href":"https:\/\/www.europesays.com\/fi\/wp-json\/wp\/v2\/media?parent=230285"}],"wp:term":[{"taxonomy":"category","embeddable":true,"href":"https:\/\/www.europesays.com\/fi\/wp-json\/wp\/v2\/categories?post=230285"},{"taxonomy":"post_tag","embeddable":true,"href":"https:\/\/www.europesays.com\/fi\/wp-json\/wp\/v2\/tags?post=230285"}],"curies":[{"name":"wp","href":"https:\/\/api.w.org\/{rel}","templated":true}]}}