{"id":23056,"date":"2025-09-02T02:44:13","date_gmt":"2025-09-02T02:44:13","guid":{"rendered":"https:\/\/www.europesays.com\/fi\/23056\/"},"modified":"2025-09-02T02:44:13","modified_gmt":"2025-09-02T02:44:13","slug":"abb-vaihtaa-toimitusjohtajaa-suomen-yhtiossaan-sailamarja-kahkonen-korvaa-tehtavassa-pekka-tiitisen-kotimaa","status":"publish","type":"post","link":"https:\/\/www.europesays.com\/fi\/23056\/","title":{"rendered":"ABB vaihtaa toimitusjohtajaa Suomen yhti\u00f6ss\u00e4\u00e4n \u2013 Sailamarja K\u00e4hk\u00f6nen korvaa teht\u00e4v\u00e4ss\u00e4 Pekka Tiitisen | Kotimaa"},"content":{"rendered":"<p class=\"sc-jYczwO sc-dNFkOE bUKqJd eiHPxO yle__article__paragraph\">ABB Oy:n uusi toimitusjohtaja on pitk\u00e4\u00e4n yhti\u00f6ss\u00e4 ty\u00f6skennellyt Sailamarja K\u00e4hk\u00f6nen.<\/p>\n<p><img decoding=\"async\" alt=\"ABB Oy:n toimitusjohtaja on Sailamarja K\u00e4hk\u00f6nen.\" src=\"https:\/\/www.europesays.com\/fi\/wp-content\/uploads\/2025\/09\/39-151530668b544b17e607.jpeg\" class=\"sc-dntSTA iywpZY\"\/><\/p>\n<p>Avaa kuvien katselu<\/p>\n<p>Sailamarja K\u00e4hk\u00f6nen on ty\u00f6skennellyt l\u00e4hes 25 vuotta ABB:ll\u00e4 johtamisen ja taloushallinnon johtoteht\u00e4vist\u00e4 eri maissa. Kuva: ABB<\/p>\n<p class=\"sc-jYczwO sc-ciCoXh bUKqJd cIOueB yle__article__paragraph\"><strong class=\"sc-eEHciv gtNhAX yle__article__strong\">Sailamarja K\u00e4hk\u00f6nen<\/strong> aloittaa t\u00e4n\u00e4\u00e4n ABB Oy:n toimitusjohtajana. H\u00e4n korvaa teht\u00e4v\u00e4ss\u00e4 <strong class=\"sc-eEHciv gtNhAX yle__article__strong\">Pekka Tiitisen<\/strong>.<\/p>\n<p class=\"sc-jYczwO sc-ciCoXh bUKqJd cIOueB yle__article__paragraph\">K\u00e4hk\u00f6nen on koulutukseltaan kauppatieteiden maisteri. H\u00e4n on ty\u00f6skennellyt l\u00e4hes 25 vuotta ABB:ll\u00e4 johtamisen ja taloushallinnon johtoteht\u00e4vist\u00e4 eri maissa.<\/p>\n<p class=\"sc-jYczwO sc-ciCoXh bUKqJd cIOueB yle__article__paragraph\">Toimitusjohtajan teht\u00e4vien lis\u00e4ksi K\u00e4hk\u00f6nen nimitettiin my\u00f6s koko ABB Oy:n Country Holding Officerin teht\u00e4v\u00e4\u00e4n. Siin\u00e4 h\u00e4n vastaa Suomen ABB:n maaholding-organisaation toiminnasta, ja h\u00e4n valvoo ja varmistaa Suomen s\u00e4\u00e4ntely- ja hallintovaatimusten noudattamisen yhti\u00f6ss\u00e4.<\/p>\n<p class=\"sc-jYczwO sc-ciCoXh bUKqJd cIOueB yle__article__paragraph\">\u2013 ABB:n ensisijainen pyrkimys on palvella asiakkaitamme ja vastata heid\u00e4n tarpeisiinsa. Autamme teollisuuden eri toimialoja toimimaan vakaasti korkealla suorituskyvyll\u00e4 heid\u00e4n omien tavoitteidensa saavuttamiseksi. Olen vakuuttunut siit\u00e4, ett\u00e4 taustani eri toimialojen globaaleissa teht\u00e4viss\u00e4 antaa hyv\u00e4n pohjan tukea Suomen ABB:t\u00e4 t\u00e4ss\u00e4 pyrkimyksess\u00e4, Sailamarja K\u00e4hk\u00f6nen sanoo yhti\u00f6n tiedotteessa.<\/p>\n","protected":false},"excerpt":{"rendered":"ABB Oy:n uusi toimitusjohtaja on pitk\u00e4\u00e4n yhti\u00f6ss\u00e4 ty\u00f6skennellyt Sailamarja K\u00e4hk\u00f6nen. Avaa kuvien katselu Sailamarja K\u00e4hk\u00f6nen on ty\u00f6skennellyt l\u00e4hes&hellip;\n","protected":false},"author":2,"featured_media":23057,"comment_status":"","ping_status":"","sticky":false,"template":"","format":"standard","meta":{"footnotes":""},"categories":[76],"tags":[7647,7649,79,77,33,31,30,3906,7648,71,449,32,78,859,1356],"class_list":{"0":"post-23056","1":"post","2":"type-post","3":"status-publish","4":"format-standard","5":"has-post-thumbnail","7":"category-talous","8":"tag-abb","9":"tag-abb-oy","10":"tag-business","11":"tag-economy","12":"tag-fi","13":"tag-finland","14":"tag-finnish","15":"tag-johtajat","16":"tag-johtajuus","17":"tag-kotimaa","18":"tag-pohjanmaa","19":"tag-suomi","20":"tag-talous","21":"tag-vaasa","22":"tag-yritykset"},"share_on_mastodon":{"url":"","error":""},"_links":{"self":[{"href":"https:\/\/www.europesays.com\/fi\/wp-json\/wp\/v2\/posts\/23056","targetHints":{"allow":["GET"]}}],"collection":[{"href":"https:\/\/www.europesays.com\/fi\/wp-json\/wp\/v2\/posts"}],"about":[{"href":"https:\/\/www.europesays.com\/fi\/wp-json\/wp\/v2\/types\/post"}],"author":[{"embeddable":true,"href":"https:\/\/www.europesays.com\/fi\/wp-json\/wp\/v2\/users\/2"}],"replies":[{"embeddable":true,"href":"https:\/\/www.europesays.com\/fi\/wp-json\/wp\/v2\/comments?post=23056"}],"version-history":[{"count":0,"href":"https:\/\/www.europesays.com\/fi\/wp-json\/wp\/v2\/posts\/23056\/revisions"}],"wp:featuredmedia":[{"embeddable":true,"href":"https:\/\/www.europesays.com\/fi\/wp-json\/wp\/v2\/media\/23057"}],"wp:attachment":[{"href":"https:\/\/www.europesays.com\/fi\/wp-json\/wp\/v2\/media?parent=23056"}],"wp:term":[{"taxonomy":"category","embeddable":true,"href":"https:\/\/www.europesays.com\/fi\/wp-json\/wp\/v2\/categories?post=23056"},{"taxonomy":"post_tag","embeddable":true,"href":"https:\/\/www.europesays.com\/fi\/wp-json\/wp\/v2\/tags?post=23056"}],"curies":[{"name":"wp","href":"https:\/\/api.w.org\/{rel}","templated":true}]}}