{"id":230772,"date":"2026-04-25T21:02:12","date_gmt":"2026-04-25T21:02:12","guid":{"rendered":"https:\/\/www.europesays.com\/fi\/230772\/"},"modified":"2026-04-25T21:02:12","modified_gmt":"2026-04-25T21:02:12","slug":"keski-suomessa-satanut-jopa-13-senttia-lunta-ensi-viikolla-edessa-tayskaanne-keski-suomi","status":"publish","type":"post","link":"https:\/\/www.europesays.com\/fi\/230772\/","title":{"rendered":"Keski-Suomessa satanut jopa 13 sentti\u00e4 lunta\u2009\u2013\u2009ensi viikolla edess\u00e4 t\u00e4ysk\u00e4\u00e4nne | Keski-Suomi"},"content":{"rendered":"<p>Pohjoisessa Keski-Suomessa on p\u00e4\u00e4sty lauantaina talvisiin tunnelmiin.<\/p>\n<p>Ilmatieteen laitoksen p\u00e4ivyst\u00e4v\u00e4n meteorologi <strong>Eveliina Tuovisen<\/strong> mukaan Multian Karhilassa lunta on kertynyt 13 sentti\u00e4 ja Viitasaarella noin 11 sentti\u00e4. Jyv\u00e4skyl\u00e4n osalta lumisadekertymi\u00e4 ei viel\u00e4 lauantai-iltana kello seitsem\u00e4n aikaan mittareissa n\u00e4kynyt.<\/p>\n<p>\u2013\u2009Illan aikana lumisateet valuvat kohti kaakkoa ja ylitt\u00e4v\u00e4t koko Keski-Suomen, Tuovinen kertoo.<\/p>\n<p>Sateet vet\u00e4ytyv\u00e4t Tuovisen mukaan maakunnasta puoleny\u00f6n j\u00e4lkeen.<\/p>\n","protected":false},"excerpt":{"rendered":"Pohjoisessa Keski-Suomessa on p\u00e4\u00e4sty lauantaina talvisiin tunnelmiin. Ilmatieteen laitoksen p\u00e4ivyst\u00e4v\u00e4n meteorologi Eveliina Tuovisen mukaan Multian Karhilassa lunta on&hellip;\n","protected":false},"author":2,"featured_media":230773,"comment_status":"","ping_status":"","sticky":false,"template":"","format":"standard","meta":{"footnotes":"","_share_on_mastodon":"0"},"categories":[12],"tags":[22,23,26,27,33,31,30,17,425,752,713,24,25,28,29,715,754,15,18,21,710,714,32,19,20,16],"class_list":["post-230772","post","type-post","status-publish","format-standard","has-post-thumbnail","category-suomi","tag-breaking-news","tag-breakingnews","tag-featured-news","tag-featurednews","tag-fi","tag-finland","tag-finnish","tag-headlines","tag-jyvaskyla","tag-keuruun-seutukunta","tag-lampotila-saa","tag-latest-news","tag-latestnews","tag-main-news","tag-mainnews","tag-meteorologia","tag-multia","tag-news","tag-otsikot","tag-paauutiset","tag-saa","tag-saaennustus","tag-suomi","tag-top-stories","tag-topstories","tag-uutiset"],"share_on_mastodon":{"url":"https:\/\/pubeurope.com\/@fi\/116467370912495894","error":""},"_links":{"self":[{"href":"https:\/\/www.europesays.com\/fi\/wp-json\/wp\/v2\/posts\/230772","targetHints":{"allow":["GET"]}}],"collection":[{"href":"https:\/\/www.europesays.com\/fi\/wp-json\/wp\/v2\/posts"}],"about":[{"href":"https:\/\/www.europesays.com\/fi\/wp-json\/wp\/v2\/types\/post"}],"author":[{"embeddable":true,"href":"https:\/\/www.europesays.com\/fi\/wp-json\/wp\/v2\/users\/2"}],"replies":[{"embeddable":true,"href":"https:\/\/www.europesays.com\/fi\/wp-json\/wp\/v2\/comments?post=230772"}],"version-history":[{"count":0,"href":"https:\/\/www.europesays.com\/fi\/wp-json\/wp\/v2\/posts\/230772\/revisions"}],"wp:featuredmedia":[{"embeddable":true,"href":"https:\/\/www.europesays.com\/fi\/wp-json\/wp\/v2\/media\/230773"}],"wp:attachment":[{"href":"https:\/\/www.europesays.com\/fi\/wp-json\/wp\/v2\/media?parent=230772"}],"wp:term":[{"taxonomy":"category","embeddable":true,"href":"https:\/\/www.europesays.com\/fi\/wp-json\/wp\/v2\/categories?post=230772"},{"taxonomy":"post_tag","embeddable":true,"href":"https:\/\/www.europesays.com\/fi\/wp-json\/wp\/v2\/tags?post=230772"}],"curies":[{"name":"wp","href":"https:\/\/api.w.org\/{rel}","templated":true}]}}