{"id":231001,"date":"2026-04-26T03:38:08","date_gmt":"2026-04-26T03:38:08","guid":{"rendered":"https:\/\/www.europesays.com\/fi\/231001\/"},"modified":"2026-04-26T03:38:08","modified_gmt":"2026-04-26T03:38:08","slug":"ymparisto-mantsalan-kuntapyorakausi-alkaa-vappuna-paikalliset","status":"publish","type":"post","link":"https:\/\/www.europesays.com\/fi\/231001\/","title":{"rendered":"Ymp\u00e4rist\u00f6 | M\u00e4nts\u00e4l\u00e4n kuntapy\u00f6r\u00e4kausi alkaa vappuna | Paikalliset"},"content":{"rendered":"<p>Kuntapy\u00f6r\u00e4t saapuvat j\u00e4lleen M\u00e4nts\u00e4l\u00e4n katukuvaan, kun kuntapy\u00f6r\u00e4kausi py\u00f6r\u00e4ht\u00e4\u00e4 k\u00e4yntiin 1.5.2026. Kuntapy\u00f6r\u00e4kausi kest\u00e4\u00e4 lokakuun 2026 loppuun saakka.<\/p>\n<p>T\u00e4n\u00e4kin vuonna py\u00f6ri\u00e4 on hankittu kaikkien k\u00e4ytett\u00e4v\u00e4ksi 30 kappaletta, ja niit\u00e4 on sijoiteltu kahdeksan eri py\u00f6r\u00e4aseman \u00e4\u00e4relle.<\/p>\n<p>Py\u00f6r\u00e4asemat sijaitsevat seuraavissa osoitteissa: Rautatieasema, Citymarket, Riihenm\u00e4en koulu, Monitoimitalo, Linja-autoasema, Mustam\u00e4ki, Anttila ja Haapajunttilantie.<\/p>\n<p><strong class=\"diks-storyline__impact\">Aikaisemmista<\/strong> vuosista poiketen polkupy\u00f6rill\u00e4 ei ole en\u00e4\u00e4 ilmaisk\u00e4ytt\u00f6\u00e4 tarjolla. Kunta pit\u00e4\u00e4 polkupy\u00f6rien k\u00e4ytt\u00e4misen kuitenkin kohtuuhintaisina\u2009\u2013 alkaen 50 sentist\u00e4 kahdelta tunnilta.<\/p>\n<p>Lis\u00e4ksi ahkerimmille py\u00f6r\u00e4ilij\u00f6ille on tarjolla my\u00f6s kausipassia aina py\u00f6r\u00e4ilykauden alusta loppuun saakka.<\/p>\n<p>Aikaisempien vuosien tapaan py\u00f6r\u00e4t ovat k\u00e4ytett\u00e4viss\u00e4 Donkey Republic -sovelluksen kautta maksukorttia k\u00e4ytt\u00e4m\u00e4ll\u00e4. Sovelluksen kautta pystyy my\u00f6s tutustumaan kuntapy\u00f6rien tarkempaan hinnastoon.<\/p>\n<p>Asemien tarkemmat sijainnit sek\u00e4 ohjeet py\u00f6rien k\u00e4ytt\u00f6\u00f6n l\u00f6ytyv\u00e4t sovelluksesta ja osoitteesta www.kaakau.fi<\/p>\n<p><strong class=\"diks-storyline__impact\">M\u00e4nts\u00e4l\u00e4n<\/strong> kunta muistuttaa, ett\u00e4 kuntapy\u00f6r\u00e4t ovat kunnan hankkimaa palvelua, joten py\u00f6r\u00e4t ovat kaikkien kuntalaisten yhteist\u00e4 omaisuutta.<\/p>\n<p>\u2013\u2009Kohdellaan ja k\u00e4ytet\u00e4\u00e4n kuntapy\u00f6ri\u00e4 siis niin kuin ne olisivat meid\u00e4n omia polkupy\u00f6ri\u00e4mme, kunta kannustaa.<\/p>\n<p>Kuntapy\u00f6rien palveluntuottajana toimii KaaKau Oy, joka vastaa my\u00f6s py\u00f6rien huollosta sek\u00e4 tarvittaessa my\u00f6s siirt\u00e4misest\u00e4 py\u00f6r\u00e4asemalta toiselle.<\/p>\n","protected":false},"excerpt":{"rendered":"Kuntapy\u00f6r\u00e4t saapuvat j\u00e4lleen M\u00e4nts\u00e4l\u00e4n katukuvaan, kun kuntapy\u00f6r\u00e4kausi py\u00f6r\u00e4ht\u00e4\u00e4 k\u00e4yntiin 1.5.2026. Kuntapy\u00f6r\u00e4kausi kest\u00e4\u00e4 lokakuun 2026 loppuun saakka. T\u00e4n\u00e4kin vuonna&hellip;\n","protected":false},"author":2,"featured_media":231002,"comment_status":"","ping_status":"","sticky":false,"template":"","format":"standard","meta":{"footnotes":"","_share_on_mastodon":"0"},"categories":[113],"tags":[446,33,31,30,478,32018,2233,2370,33316,4311,118,32,119,447,30483],"class_list":["post-231001","post","type-post","status-publish","format-standard","has-post-thumbnail","category-ymparisto","tag-environment","tag-fi","tag-finland","tag-finnish","tag-harrastukset","tag-hyvat-uutiset","tag-hyvinvointi","tag-mantsala","tag-polkupyoraily","tag-pyoraily","tag-science","tag-suomi","tag-tiede","tag-ymparisto","tag-ymparistoystavallisyys"],"share_on_mastodon":{"url":"https:\/\/pubeurope.com\/@fi\/116468928015471998","error":""},"_links":{"self":[{"href":"https:\/\/www.europesays.com\/fi\/wp-json\/wp\/v2\/posts\/231001","targetHints":{"allow":["GET"]}}],"collection":[{"href":"https:\/\/www.europesays.com\/fi\/wp-json\/wp\/v2\/posts"}],"about":[{"href":"https:\/\/www.europesays.com\/fi\/wp-json\/wp\/v2\/types\/post"}],"author":[{"embeddable":true,"href":"https:\/\/www.europesays.com\/fi\/wp-json\/wp\/v2\/users\/2"}],"replies":[{"embeddable":true,"href":"https:\/\/www.europesays.com\/fi\/wp-json\/wp\/v2\/comments?post=231001"}],"version-history":[{"count":0,"href":"https:\/\/www.europesays.com\/fi\/wp-json\/wp\/v2\/posts\/231001\/revisions"}],"wp:featuredmedia":[{"embeddable":true,"href":"https:\/\/www.europesays.com\/fi\/wp-json\/wp\/v2\/media\/231002"}],"wp:attachment":[{"href":"https:\/\/www.europesays.com\/fi\/wp-json\/wp\/v2\/media?parent=231001"}],"wp:term":[{"taxonomy":"category","embeddable":true,"href":"https:\/\/www.europesays.com\/fi\/wp-json\/wp\/v2\/categories?post=231001"},{"taxonomy":"post_tag","embeddable":true,"href":"https:\/\/www.europesays.com\/fi\/wp-json\/wp\/v2\/tags?post=231001"}],"curies":[{"name":"wp","href":"https:\/\/api.w.org\/{rel}","templated":true}]}}