{"id":231252,"date":"2026-04-26T10:49:12","date_gmt":"2026-04-26T10:49:12","guid":{"rendered":"https:\/\/www.europesays.com\/fi\/231252\/"},"modified":"2026-04-26T10:49:12","modified_gmt":"2026-04-26T10:49:12","slug":"intialaisartisti-bhumi-matkusti-turkuun-jakaakseen-biisinteon-oppeja-teemu-brunilan-ja-robin-packalenin-kanssa-ts-fi","status":"publish","type":"post","link":"https:\/\/www.europesays.com\/fi\/231252\/","title":{"rendered":"Intialaisartisti Bhumi matkusti Turkuun jakaakseen biisinteon oppeja Teemu Brunilan ja Robin Packalenin kanssa &#8211; ts.fi"},"content":{"rendered":"<ol>\n<li><a href=\"https:\/\/news.google.com\/rss\/articles\/CBMiQEFVX3lxTE5VVFB4dDZrS1NHZ3F1U2xjY2dQel9Ta0w1ZFc5allKemhuMDNVVE5fNzdoUF9mWnJ2MXJwZUYwN2w?oc=5\" target=\"_blank\" rel=\"nofollow noopener\">Intialaisartisti Bhumi matkusti Turkuun jakaakseen biisinteon oppeja Teemu Brunilan ja Robin Packalenin kanssa<\/a>&nbsp;&nbsp;ts.fi<\/li>\n<li><a href=\"https:\/\/news.google.com\/rss\/articles\/CBMiYkFVX3lxTE5sWDdkU3RfUHRMSXhBak9BUVRhWFFPSnRfZTVBV2trR1N2RzV4UDRkcDRndFIxOU5aOVlpaWhwd09YSlU4ZklKNVhqNWU1Y1hpWDRpYjVTb3pab1VSNGNZXzdn?oc=5\" target=\"_blank\" rel=\"nofollow noopener\">Laulajat\u00e4hti saapui Turkuun ja h\u00e4mmentyi: \u201dN\u00e4in ensimm\u00e4isen\u00e4 takapuolen\u201d<\/a>&nbsp;&nbsp;is.fi<\/li>\n<li><a href=\"https:\/\/news.google.com\/rss\/articles\/CBMiwAFBVV95cUxPYm01T3ZkTjhSZzEtN3laSVVubXhOUVVtcDVNZURRRy1LT3Y0QjRfTnRfSFhUSER6ZmZqUm1XcGoyYjZBcW1yalNobnBVWXd5czg1VVljVGZicHBUTE5IQ1A4X1RlMlo3OUZZNDZMdG80NzRVWnF4SE1Dd0hubjZ6YW56dnRldGZzd1l5QjBCSndDZURwbEFwZEc5WXVTaDk0UnMxZHVDRktZcHlzWjZNQWZNN3FoUDlpR3dyMEh3QWE?oc=5\" target=\"_blank\" rel=\"nofollow noopener\">Robin Packalen ja Teemu Brunila mukana tekem\u00e4ss\u00e4 hittimusiikkia Intian markkinoille<\/a>&nbsp;&nbsp;V2.fi<\/li>\n<li><a href=\"https:\/\/news.google.com\/rss\/articles\/CBMingFBVV95cUxPd2lxQjRzYUFodm5iOWxwenVfQkNuaENBdkJIbXhoYk1pM3RWRUNNRk0tYm96VG43bTVzMEVpRkxtN1loQ3ZRckhFSzdMWFBKYlJMOU96N1V6RmJFTUhRUy10X2p2a1lkOWpaZC0zSk1JU3lGbXMzU1hnczQ5NHNfaGZKaEV1RlhDakRvdmp1R09QOGMzeVAxdGYxaUtOdw?oc=5\" target=\"_blank\" rel=\"nofollow noopener\">Intian musiikkimarkkinat: musiikkia kuunnellaan videoita katsellen<\/a>&nbsp;&nbsp;Teosto<\/li>\n<\/ol>\n","protected":false},"excerpt":{"rendered":"Intialaisartisti Bhumi matkusti Turkuun jakaakseen biisinteon oppeja Teemu Brunilan ja Robin Packalenin kanssa&nbsp;&nbsp;ts.fi Laulajat\u00e4hti saapui Turkuun ja h\u00e4mmentyi:&hellip;\n","protected":false},"author":2,"featured_media":231253,"comment_status":"","ping_status":"","sticky":false,"template":"","format":"standard","meta":{"footnotes":"","_share_on_mastodon":"0"},"categories":[130],"tags":[137,33,31,30,2167,108,22165,47,28702,32,662,109],"class_list":["post-231252","post","type-post","status-publish","format-standard","has-post-thumbnail","category-viihde","tag-entertainment","tag-fi","tag-finland","tag-finnish","tag-intia","tag-kulttuuri","tag-logomo","tag-musiikki","tag-paikalliset","tag-suomi","tag-turku","tag-viihde"],"share_on_mastodon":{"url":"https:\/\/pubeurope.com\/@fi\/116470622808359740","error":""},"_links":{"self":[{"href":"https:\/\/www.europesays.com\/fi\/wp-json\/wp\/v2\/posts\/231252","targetHints":{"allow":["GET"]}}],"collection":[{"href":"https:\/\/www.europesays.com\/fi\/wp-json\/wp\/v2\/posts"}],"about":[{"href":"https:\/\/www.europesays.com\/fi\/wp-json\/wp\/v2\/types\/post"}],"author":[{"embeddable":true,"href":"https:\/\/www.europesays.com\/fi\/wp-json\/wp\/v2\/users\/2"}],"replies":[{"embeddable":true,"href":"https:\/\/www.europesays.com\/fi\/wp-json\/wp\/v2\/comments?post=231252"}],"version-history":[{"count":0,"href":"https:\/\/www.europesays.com\/fi\/wp-json\/wp\/v2\/posts\/231252\/revisions"}],"wp:featuredmedia":[{"embeddable":true,"href":"https:\/\/www.europesays.com\/fi\/wp-json\/wp\/v2\/media\/231253"}],"wp:attachment":[{"href":"https:\/\/www.europesays.com\/fi\/wp-json\/wp\/v2\/media?parent=231252"}],"wp:term":[{"taxonomy":"category","embeddable":true,"href":"https:\/\/www.europesays.com\/fi\/wp-json\/wp\/v2\/categories?post=231252"},{"taxonomy":"post_tag","embeddable":true,"href":"https:\/\/www.europesays.com\/fi\/wp-json\/wp\/v2\/tags?post=231252"}],"curies":[{"name":"wp","href":"https:\/\/api.w.org\/{rel}","templated":true}]}}