{"id":23126,"date":"2025-09-02T04:53:15","date_gmt":"2025-09-02T04:53:15","guid":{"rendered":"https:\/\/www.europesays.com\/fi\/23126\/"},"modified":"2025-09-02T04:53:15","modified_gmt":"2025-09-02T04:53:15","slug":"3g-verkko-on-pian-historiaa-vantaalla-teliakin-sammuttaa-viimeiset-tukiasemansa-paikalliset","status":"publish","type":"post","link":"https:\/\/www.europesays.com\/fi\/23126\/","title":{"rendered":"3G-verkko on pian historiaa Vantaalla \u2013 Teliakin sammuttaa viimeiset tukiasemansa | Paikalliset"},"content":{"rendered":"<p>Tietoliikenneyhti\u00f6 Telia kertoo sulkevansa 3G-verkkonsa Vantaalla 14. lokakuuta.<\/p>\n<p>Tuolloin vanhentunut ja vajaak\u00e4yt\u00f6ss\u00e4 ollut verkko sammutetaan my\u00f6s Espoossa, J\u00e4rvenp\u00e4\u00e4ss\u00e4, Kauniaisissa, Keravalla, Sipoossa ja Tuusulassa. Helsingiss\u00e4 3G-verkko j\u00e4\u00e4 lopullisesti historiaan 28. lokakuuta.<\/p>\n<p><strong class=\"diks-storyline__impact\">Suuret tietoliikenneyhti\u00f6t<\/strong> satsaavat nopeampiin 4G- ja 5G-verkkoihin. DNA sammutti 3G-verkkonsa p\u00e4\u00e4kaupunkiseudulla jo viime tammikuussa ja Elisa viime vuoden lopulla.<\/p>\n<p>Ahvenanmaan \u00c5lcom puolestaan aikoo pit\u00e4\u00e4 3G-verkon k\u00e4yt\u00f6ss\u00e4, mutta sulkee 2G-verkkonsa.<\/p>\n<p><strong class=\"diks-storyline__impact\">Telia kertoo<\/strong> tiedotteessaan, ett\u00e4 sen 3G-verkon vuosi sitten alkanut sammutusohjelma on sujunut ilman ongelmia.<\/p>\n<p>3G-verkosta vapautuvat taajuudet otetaan k\u00e4ytt\u00f6\u00f6n turvallisemmissa ja energiatehokkaammissa 4G- ja 5G-verkoissa. Ne tarjoavat samalla peittoalueella aiempaa enemm\u00e4n kapasiteettia ja nopeampia yhteyksi\u00e4.<\/p>\n<p><strong class=\"diks-storyline__impact\">Viime vuosina<\/strong> 3G-verkon liikenne on v\u00e4hentynyt ripe\u00e4sti.<\/p>\n<p>\u2013\u20093G:ss\u00e4 kulki en\u00e4\u00e4 noin prosentti mobiiliverkkojen dataliikenteest\u00e4, joten 3G:ss\u00e4 k\u00e4ytetyist\u00e4 taajuuksista on paljon enemm\u00e4n hy\u00f6ty\u00e4 uudemmissa verkoissa, sanoo Telian mobiiliverkoista vastaava johtaja <strong>Timo Hietalahti<\/strong> tiedotteessa.<\/p>\n<p>Telian 4G-verkko tavoittaa 99,95 prosenttia suomalaisista ja 5G-verkkokin yli 95 prosenttia.<\/p>\n<p><strong>    Vantaan Sanomat kertoo, mist\u00e4 kaupungissa puhutaan. Vantaan Sanomien uusi sovellus on nopein ja n\u00e4pp\u00e4rin tapa pysy\u00e4 k\u00e4rryill\u00e4 paikallisista uutisista<\/strong>. <a href=\"https:\/\/www.vantaansanomat.fi\/asenna\/\" rel=\"nofollow noopener\" target=\"_blank\">Lataa sovellus t\u00e4\u00e4lt\u00e4.<\/a><\/p>\n","protected":false},"excerpt":{"rendered":"Tietoliikenneyhti\u00f6 Telia kertoo sulkevansa 3G-verkkonsa Vantaalla 14. lokakuuta. Tuolloin vanhentunut ja vajaak\u00e4yt\u00f6ss\u00e4 ollut verkko sammutetaan my\u00f6s Espoossa, J\u00e4rvenp\u00e4\u00e4ss\u00e4,&hellip;\n","protected":false},"author":2,"featured_media":23127,"comment_status":"","ping_status":"","sticky":false,"template":"","format":"standard","meta":{"footnotes":""},"categories":[84],"tags":[400,33,31,30,104,965,964,631,632,32,91,92,2107],"class_list":{"0":"post-23126","1":"post","2":"type-post","3":"status-publish","4":"format-standard","5":"has-post-thumbnail","7":"category-teknologia","8":"tag-espoo","9":"tag-fi","10":"tag-finland","11":"tag-finnish","12":"tag-helsinki","13":"tag-internet-palveluntarjoajat","14":"tag-jarvenpaa","15":"tag-matkapuhelimet-ja-mobiililaitteet","16":"tag-puhelin","17":"tag-suomi","18":"tag-technology","19":"tag-teknologia","20":"tag-vapaa-aika"},"share_on_mastodon":{"url":"","error":""},"_links":{"self":[{"href":"https:\/\/www.europesays.com\/fi\/wp-json\/wp\/v2\/posts\/23126","targetHints":{"allow":["GET"]}}],"collection":[{"href":"https:\/\/www.europesays.com\/fi\/wp-json\/wp\/v2\/posts"}],"about":[{"href":"https:\/\/www.europesays.com\/fi\/wp-json\/wp\/v2\/types\/post"}],"author":[{"embeddable":true,"href":"https:\/\/www.europesays.com\/fi\/wp-json\/wp\/v2\/users\/2"}],"replies":[{"embeddable":true,"href":"https:\/\/www.europesays.com\/fi\/wp-json\/wp\/v2\/comments?post=23126"}],"version-history":[{"count":0,"href":"https:\/\/www.europesays.com\/fi\/wp-json\/wp\/v2\/posts\/23126\/revisions"}],"wp:featuredmedia":[{"embeddable":true,"href":"https:\/\/www.europesays.com\/fi\/wp-json\/wp\/v2\/media\/23127"}],"wp:attachment":[{"href":"https:\/\/www.europesays.com\/fi\/wp-json\/wp\/v2\/media?parent=23126"}],"wp:term":[{"taxonomy":"category","embeddable":true,"href":"https:\/\/www.europesays.com\/fi\/wp-json\/wp\/v2\/categories?post=23126"},{"taxonomy":"post_tag","embeddable":true,"href":"https:\/\/www.europesays.com\/fi\/wp-json\/wp\/v2\/tags?post=23126"}],"curies":[{"name":"wp","href":"https:\/\/api.w.org\/{rel}","templated":true}]}}