{"id":231460,"date":"2026-04-26T16:46:14","date_gmt":"2026-04-26T16:46:14","guid":{"rendered":"https:\/\/www.europesays.com\/fi\/231460\/"},"modified":"2026-04-26T16:46:14","modified_gmt":"2026-04-26T16:46:14","slug":"esko-eerikainen-avautuu-radiotyon-paineista-ja-intohimosta-instagramissa","status":"publish","type":"post","link":"https:\/\/www.europesays.com\/fi\/231460\/","title":{"rendered":"Esko Eerik\u00e4inen avautuu radioty\u00f6n paineista ja intohimosta Instagramissa"},"content":{"rendered":"<p>\n            20260307, Espoo. Emma Gaala 2026 punainenmatto. Kuvassa Esko Eerik\u00e4inen.<br \/>\n            Timo Korhonen\n        <\/p>\n<p class=\"subtitle \">Esko julkaisi Instagramissaan rehellisen avautumisen radioty\u00f6st\u00e4.<\/p>\n<p class=\"article-content article-content-width !bg-background\">Radio Novan iltap\u00e4iv\u00e4\u00e4 juontava  on kokenut radioammattilainen. Mies tekee ty\u00f6t\u00e4\u00e4n kiistatta intohimolla, ja on tuttu nimi muun muassa Radiogaalan ehdokaslistoilla.<\/p>\n<p class=\"article-content article-content-width !bg-background\">Esko on kertonut avoimesti pettymyksen tunteistaan, kun vuoden juontajan titteli on mennyt lopulta sivu suun.<\/p>\n<p class=\"article-content article-content-width !bg-background\">Radiojuontajan pesti\u00e4 voi hyv\u00e4ll\u00e4 omallatunnolla kuvailla yhdeksi mediakent\u00e4n kilpailluimista vakansseista. Koko radioala ty\u00f6llist\u00e4\u00e4 vakituisesti <a href=\"https:\/\/radiomedia.fi\/radiotoimiala\/faktaa-radiotoimialasta\/\" aria-label=\"Radiomedia.fi\" target=\"_blank\" rel=\"nofollow noopener\">noin 1 000 henkil\u00f6\u00e4<\/a>, ja heist\u00e4 vain murto-osa on juontajia. Ei siis ole ihme, ett\u00e4 huippujuontaja saattaa tuntea painetta hartioillaan.<\/p>\n<p>        <a itemprop=\"url\" href=\"https:\/\/www.seiska.fi\/kotimaa\/esko-eerikainen-podcastissa-perhelomalla-karmea-paatos\/2127891\" rel=\"nofollow noopener\" target=\"_blank\"><\/p>\n<p>\nEsko Eerik\u00e4inen podcastissa:\n<\/p>\n<p class=\"section-date\">\n        <strong class=\"article-section\" data-section=\"kotimaa\"><br \/>\n            kotimaa<br \/>\n        <\/strong><br \/>\n        15.4. 06:00\n    <\/p>\n<p>Esko Eerik\u00e4inen podcastissa: Perhelomalla karmea p\u00e4\u00e4t\u00f6s!\n    <\/p>\n<p itemprop=\"description\" class=\"subtitle \">\n    Eskon loma sai ik\u00e4v\u00e4n p\u00e4\u00e4t\u00f6ksen.\n<\/p>\n<p>        <\/a><\/p>\n<p class=\"article-content article-content-width !bg-background\">Esko kertookin <a href=\"https:\/\/www.instagram.com\/eerikainenesko\/\" aria-label=\"Esko Eerik\u00e4isen Instagram\" target=\"_blank\" rel=\"nofollow noopener\">Instagram-tilill\u00e4\u00e4n<\/a> julkaisemassaan tuoreessa p\u00e4ivityksess\u00e4 raadollisen rehellisesti siit\u00e4, millaisia fiiliksi\u00e4 intohimoty\u00f6 juontajassa aiheuttaa\u00a0\u2013 hyv\u00e4ss\u00e4 ja pahassa.<\/p>\n<p>&#8221;Vastuuta, kilpailua, lukuja&#8221;<\/p>\n<p class=\"article-content article-content-width !bg-background\">Esko on kuvittanut p\u00e4ivityksens\u00e4 muutamalla kuvalla Radiogaalasta. Niiss\u00e4 Esko juttelee kahden Bauer Median kollegansa kanssa kuvaussein\u00e4n edess\u00e4.<\/p>\n<p class=\"article-content article-content-width !bg-background\">Julkaisun juju l\u00f6ytyy kuitenkin sen kuvatekstist\u00e4.<\/p>\n<p class=\"article-content article-content-width !bg-background\"> \u2013 Paineita, odotuksia, vastuuta, kilpailua, lukuja, joka ikinen p\u00e4iv\u00e4 pit\u00e4\u00e4 olla paras mahdollinen. 14 vuotta m\u00e4 t\u00e4t\u00e4 hommaa olen tehnyt.\u00a0<\/p>\n<p class=\"article-content article-content-width !bg-background\"> \u2013 Ja vaikka kuinka rakastan ja el\u00e4n ja hengit\u00e4n niin kyll\u00e4 se painolasti tuntuu niskassa, Esko kuvailee.<\/p>\n<p class=\"article-content article-content-width !bg-background\">Esko kuvailee, ettei radio-ohjelmien juontaminen ole h\u00e4nelle ty\u00f6, vaan el\u00e4m\u00e4.<\/p>\n<p class=\"article-content article-content-width !bg-background\"> \u2013 T\u00e4ll\u00e4 alalla ja el\u00e4m\u00e4ss\u00e4 mun on ollut vaikeata luottaa kehenk\u00e4\u00e4n, mutta niihin ket\u00e4 m\u00e4 luotan niin se on 110%. M\u00e4 oon lojaali niille ja teen kaikkeni jotta onnistutaan. <\/p>\n<p class=\"article-content article-content-width !bg-background\">Lopuksi kuvateksti paljastaa, miksi juuri kyseiset kuvat on valittu julkaisuun.<\/p>\n<p class=\"article-content article-content-width !bg-background\"> \u2013 T\u00e4ss\u00e4 kaksi heist\u00e4, he uskoo muhun ja uskoi silloin kun kukaan ei.<\/p>\n<p>Pienell\u00e4 tauolla<\/p>\n<p class=\"article-content article-content-width !bg-background\">Esko tahkoo tunnetusti t\u00f6it\u00e4 kovalla tahdilla. Mies on aktiivinen radion lis\u00e4ksi niin podcastien kuin muunkinlaisten juontokeikkojen parissa.<\/p>\n<p class=\"article-content article-content-width !bg-background\">El\u00e4m\u00e4\u00e4n mahtuu kuitenkin muutakin kuin ty\u00f6t. Maaliskuussa Esko vietti pari viikkoa lomaa.\u00a0<\/p>\n<p>        <a itemprop=\"url\" href=\"https:\/\/www.seiska.fi\/kotimaa\/taman-takia-esko-eerikainen-oli-poissa-radiosta\/2128046\" rel=\"nofollow noopener\" target=\"_blank\"><\/p>\n<p>\nPoissa radiosta\n<\/p>\n<p class=\"section-date\">\n        <strong class=\"article-section\" data-section=\"kotimaa\"><br \/>\n            kotimaa<br \/>\n        <\/strong><br \/>\n        18.4. 11:00\n    <\/p>\n<p>T\u00e4m\u00e4n takia Esko Eerik\u00e4inen oli poissa radiosta\n    <\/p>\n<p itemprop=\"description\" class=\"subtitle \">\n    Esko Eerik\u00e4inen kertoo, ett\u00e4 h\u00e4nen viime vuotensa oli &#8221;hullu&#8221;.\n<\/p>\n<p>        <\/a><\/p>\n<p class=\"article-content article-content-width !bg-background\"> \u2013 On ollut paljon kaikkea kivaa, mutta\u00a0ehdin my\u00f6s pit\u00e4\u00e4 vapaata, ja on ollut pakkokin pit\u00e4\u00e4. Viime vuosi oli aika hullu. Jos ei pid\u00e4 vapaata, ei mieli jaksa, Esko kertoi\u00a0Seiskalle huhtikuussa Radiogaalassa. <\/p>\n<p>                <img decoding=\"async\" src=\"https:\/\/www.europesays.com\/fi\/wp-content\/uploads\/2026\/04\/1777221974_457_2128065.webp.jpeg\" width=\"576\" height=\"720\" title=\"Veronica Verho aloitti helmikuussa Eskon juontoparina.\" alt=\"Veronica Verho ja Esko Eerik\u00e4inen\" loading=\"lazy\" \/>            <\/p>\n<p>\n            Veronica Verho aloitti helmikuussa Eskon juontoparina.<br \/>\n            Timo Korhonen\n        <\/p>\n<p class=\"article-content article-content-width !bg-background\">Vapaa-aika kuluu usein Viktoria-tytt\u00e4ren kanssa.<\/p>\n<p class=\"article-content article-content-width !bg-background\">\u2013 Olimme juuri tytt\u00e4ren kanssa K\u00f6piksess\u00e4 koko viikonlopun. Jotenkin haaveilen siit\u00e4, ett\u00e4 p\u00e4\u00e4sisi k\u00e4ym\u00e4\u00e4n Kolumbiassa. Katsotaan, Esko tuumaili\u00a0<\/p>\n<p><script async src=\"\/\/www.instagram.com\/embed.js\"><\/script><\/p>\n","protected":false},"excerpt":{"rendered":"20260307, Espoo. Emma Gaala 2026 punainenmatto. Kuvassa Esko Eerik\u00e4inen. Timo Korhonen Esko julkaisi Instagramissaan rehellisen avautumisen radioty\u00f6st\u00e4. Radio&hellip;\n","protected":false},"author":2,"featured_media":231461,"comment_status":"","ping_status":"","sticky":false,"template":"","format":"standard","meta":{"footnotes":"","_share_on_mastodon":"0"},"categories":[136],"tags":[407,137,1176,33,31,30,408,3229,9877,3228,32,109],"class_list":["post-231460","post","type-post","status-publish","format-standard","has-post-thumbnail","category-julkkikset","tag-celebrities","tag-entertainment","tag-esko-eerikainen","tag-fi","tag-finland","tag-finnish","tag-julkkikset","tag-radio-nova","tag-radiogaala","tag-radiojuontaja","tag-suomi","tag-viihde"],"share_on_mastodon":{"url":"https:\/\/pubeurope.com\/@fi\/116472026955939959","error":""},"_links":{"self":[{"href":"https:\/\/www.europesays.com\/fi\/wp-json\/wp\/v2\/posts\/231460","targetHints":{"allow":["GET"]}}],"collection":[{"href":"https:\/\/www.europesays.com\/fi\/wp-json\/wp\/v2\/posts"}],"about":[{"href":"https:\/\/www.europesays.com\/fi\/wp-json\/wp\/v2\/types\/post"}],"author":[{"embeddable":true,"href":"https:\/\/www.europesays.com\/fi\/wp-json\/wp\/v2\/users\/2"}],"replies":[{"embeddable":true,"href":"https:\/\/www.europesays.com\/fi\/wp-json\/wp\/v2\/comments?post=231460"}],"version-history":[{"count":0,"href":"https:\/\/www.europesays.com\/fi\/wp-json\/wp\/v2\/posts\/231460\/revisions"}],"wp:featuredmedia":[{"embeddable":true,"href":"https:\/\/www.europesays.com\/fi\/wp-json\/wp\/v2\/media\/231461"}],"wp:attachment":[{"href":"https:\/\/www.europesays.com\/fi\/wp-json\/wp\/v2\/media?parent=231460"}],"wp:term":[{"taxonomy":"category","embeddable":true,"href":"https:\/\/www.europesays.com\/fi\/wp-json\/wp\/v2\/categories?post=231460"},{"taxonomy":"post_tag","embeddable":true,"href":"https:\/\/www.europesays.com\/fi\/wp-json\/wp\/v2\/tags?post=231460"}],"curies":[{"name":"wp","href":"https:\/\/api.w.org\/{rel}","templated":true}]}}