{"id":231756,"date":"2026-04-27T00:48:15","date_gmt":"2026-04-27T00:48:15","guid":{"rendered":"https:\/\/www.europesays.com\/fi\/231756\/"},"modified":"2026-04-27T00:48:15","modified_gmt":"2026-04-27T00:48:15","slug":"cnn-israel-toimittanut-ilmapuolustusjarjestelman-arabiemiraatteihin-iranin-sodan-aikana-uutisia-lyhyesti","status":"publish","type":"post","link":"https:\/\/www.europesays.com\/fi\/231756\/","title":{"rendered":"CNN: Israel toimittanut ilmapuolustus\u00adj\u00e4rjestelm\u00e4n Arabi\u00ademiraatteihin Iranin sodan aikana | Uutisia lyhyesti"},"content":{"rendered":"<p class=\"aw-1gybjub aw-5vja16 kEtdKx kmuxyA yle__article__paragraph\">CNN:n l\u00e4hteen mukaan Israelin ja Arabi\u00ademiraattien v\u00e4linen puolustus\u00adyhteisty\u00f6 on ollut selv\u00e4sti esill\u00e4 Iranin sodan aikana.<\/p>\n<p><img decoding=\"async\" alt=\"Ilmatorjuntaohjus laukaistaan Iron Dome -j\u00e4rjestelm\u00e4st\u00e4.\" src=\"https:\/\/www.europesays.com\/fi\/wp-content\/uploads\/2026\/04\/39-161779669c4ec4ed137f.jpeg\" class=\"aw-1l9m598 hKVVvP\"\/><\/p>\n<p>Avaa kuvien katselu<\/p>\n<p>Arkistokuva. Iron Dome -j\u00e4rjestelm\u00e4n laukaisualusta kuvattuna Israelissa kes\u00e4kuussa 2025. Kuva: Israel Defense Forces \/ AOP<\/p>\n<p class=\"aw-1gybjub aw-1p7kakr kEtdKx cEmitX yle__article__paragraph\">Israel on toimittanut salassa Arabiemiraateille Iron Dome -ilmapuolustusj\u00e4rjestelm\u00e4n ja kymmeni\u00e4 sotilaita Iranin sodan aikana, kertoi asiasta perill\u00e4 oleva israelilaisl\u00e4hde <a class=\"aw-iao6s4 iHOxEa yle__article__link\" href=\"https:\/\/www.cnn.com\/2026\/04\/26\/world\/live-news\/iran-war-trump-israel?post-id=cmog0kfha001y3d5sauiaaupv\" role=\"link\" rel=\"nofollow noopener\" target=\"_blank\">uutiskanava CNN:lle<\/a> sunnuntaina.<\/p>\n<p class=\"aw-1gybjub aw-1p7kakr kEtdKx cEmitX yle__article__paragraph\">T\u00e4m\u00e4 tarkoittaisi ennenn\u00e4kem\u00e4t\u00f6nt\u00e4 sotilaallista yhteisty\u00f6t\u00e4 maiden v\u00e4lill\u00e4, jotka allekirjoittivat sopimuksen maiden suhteiden normalisoimisesta Abraham-sopimusten puitteissa vuonna 2020.<\/p>\n<p class=\"aw-1gybjub aw-1p7kakr kEtdKx cEmitX yle__article__paragraph\">Israelilaisl\u00e4hde vahvisti <a class=\"aw-iao6s4 iHOxEa yle__article__link\" href=\"https:\/\/www.axios.com\/2026\/04\/26\/israel-iron-dome-uae\" role=\"link\" rel=\"nofollow noopener\" target=\"_blank\">uutissivusto Axioksen raportin<\/a>, jonka mukaan Israelin p\u00e4\u00e4ministeri <strong class=\"aw-ak79eh KyCXm yle__article__strong\">Benjamin Netanjahu<\/strong> m\u00e4\u00e4r\u00e4si ilmapuolustusj\u00e4rjestelm\u00e4n ja sotilaiden l\u00e4hett\u00e4misest\u00e4 sen j\u00e4lkeen, kun Arabiemiraattien presidentti <strong class=\"aw-ak79eh KyCXm yle__article__strong\">Mohammed bin Zayed<\/strong> oli keskustellut puhelimessa asiasta Netanjahun kanssa.<\/p>\n<p class=\"aw-1gybjub aw-1p7kakr kEtdKx cEmitX yle__article__paragraph\">Israelilaisl\u00e4hteiden mukaan p\u00e4\u00e4ministeri Netanjahu m\u00e4\u00e4r\u00e4si Iron Dome -patterin Emiraatteihin jo sodan alkuvaiheessa.<\/p>\n<p class=\"aw-1gybjub aw-1p7kakr kEtdKx cEmitX yle__article__paragraph\">Arabiemiraatteihin kohdistui Iranin hy\u00f6kk\u00e4yksi\u00e4 enemm\u00e4n kuin mihink\u00e4\u00e4n muuhun alueen maahan. Maata kohti laukaistiin yli 550 ballistista ohjusta ja risteilyohjusta sek\u00e4 yli 2\u00a0200 droonia, Arabiemiraattien puolustusministeri\u00f6 sanoi. Maan ilmapuolustuksen torjuntaprosentin kerrotaan olleen yli 90 prosenttia. Silti pieni osa maahan kohdistuneista iskuista osui sotilas- ja siviilikohteisiin.<\/p>\n<p class=\"aw-1gybjub aw-1p7kakr kEtdKx cEmitX yle__article__paragraph\">Israel on aiemmin tehnyt useita asekauppoja Iron Dome -j\u00e4rjestelm\u00e4ns\u00e4 myymiseksi ulkomaille. T\u00e4ll\u00e4 kertaa kyseess\u00e4 olisi ensimm\u00e4inen kerta, kun se on sijoitettu toiseen maahan ja otettu k\u00e4ytt\u00f6\u00f6n. J\u00e4rjestelm\u00e4 torjui kymmeni\u00e4 iranilaisia ohjuksia sodan aikana, kertoi Axios israelilaisviranomaisen mukaan.<\/p>\n<p class=\"aw-1gybjub aw-1p7kakr kEtdKx cEmitX yle__article__paragraph\">Israelin ja Arabiemiraattien v\u00e4linen yhteisty\u00f6 on syventynyt tasaisesti sen j\u00e4lkeen, kun Abraham-sopimukset allekirjoitettiin Yhdysvaltain presidentin <strong class=\"aw-ak79eh KyCXm yle__article__strong\">Donald Trumpin<\/strong> ensimm\u00e4isen hallinnon aikana vuonna 2020. Maat ovat kehitt\u00e4neet l\u00e4heisen sotilas- ja tiedusteluyhteisty\u00f6n, joka on ollut selv\u00e4sti esill\u00e4 Iranin sodan aikana, israelilaisl\u00e4hde kertoi CNN:lle.<\/p>\n","protected":false},"excerpt":{"rendered":"CNN:n l\u00e4hteen mukaan Israelin ja Arabi\u00ademiraattien v\u00e4linen puolustus\u00adyhteisty\u00f6 on ollut selv\u00e4sti esill\u00e4 Iranin sodan aikana. Avaa kuvien katselu&hellip;\n","protected":false},"author":2,"featured_media":231757,"comment_status":"","ping_status":"","sticky":false,"template":"","format":"standard","meta":{"footnotes":"","_share_on_mastodon":"0"},"categories":[14],"tags":[804,3068,22,23,2617,26,27,33,31,30,17,3648,31041,993,992,24,25,28,29,15,18,21,32,19,20,56,16,59,60,61,8708,29113],"class_list":["post-231756","post","type-post","status-publish","format-standard","has-post-thumbnail","category-ulkomaat","tag-aseelliset-konfliktit","tag-benjamin-netanjahu","tag-breaking-news","tag-breakingnews","tag-cnn","tag-featured-news","tag-featurednews","tag-fi","tag-finland","tag-finnish","tag-headlines","tag-iran","tag-iron-dome","tag-israel","tag-lahi-ita","tag-latest-news","tag-latestnews","tag-main-news","tag-mainnews","tag-news","tag-otsikot","tag-paauutiset","tag-suomi","tag-top-stories","tag-topstories","tag-ulkomaat","tag-uutiset","tag-world","tag-world-news","tag-worldnews","tag-yhdistyneet-arabiemiirikunnat","tag-yhdysvaltojen-ja-israelin-ilmaiskut-iraniin-2026"],"share_on_mastodon":{"url":"","error":"Validation failed: Text character limit of 500 exceeded"},"_links":{"self":[{"href":"https:\/\/www.europesays.com\/fi\/wp-json\/wp\/v2\/posts\/231756","targetHints":{"allow":["GET"]}}],"collection":[{"href":"https:\/\/www.europesays.com\/fi\/wp-json\/wp\/v2\/posts"}],"about":[{"href":"https:\/\/www.europesays.com\/fi\/wp-json\/wp\/v2\/types\/post"}],"author":[{"embeddable":true,"href":"https:\/\/www.europesays.com\/fi\/wp-json\/wp\/v2\/users\/2"}],"replies":[{"embeddable":true,"href":"https:\/\/www.europesays.com\/fi\/wp-json\/wp\/v2\/comments?post=231756"}],"version-history":[{"count":0,"href":"https:\/\/www.europesays.com\/fi\/wp-json\/wp\/v2\/posts\/231756\/revisions"}],"wp:featuredmedia":[{"embeddable":true,"href":"https:\/\/www.europesays.com\/fi\/wp-json\/wp\/v2\/media\/231757"}],"wp:attachment":[{"href":"https:\/\/www.europesays.com\/fi\/wp-json\/wp\/v2\/media?parent=231756"}],"wp:term":[{"taxonomy":"category","embeddable":true,"href":"https:\/\/www.europesays.com\/fi\/wp-json\/wp\/v2\/categories?post=231756"},{"taxonomy":"post_tag","embeddable":true,"href":"https:\/\/www.europesays.com\/fi\/wp-json\/wp\/v2\/tags?post=231756"}],"curies":[{"name":"wp","href":"https:\/\/api.w.org\/{rel}","templated":true}]}}